{"id":668938,"date":"2026-01-17T01:12:15","date_gmt":"2026-01-17T01:12:15","guid":{"rendered":"https:\/\/www.europesays.com\/fr\/668938\/"},"modified":"2026-01-17T01:12:15","modified_gmt":"2026-01-17T01:12:15","slug":"previsions-du-samedi-17-janvier-2026-3","status":"publish","type":"post","link":"https:\/\/www.europesays.com\/fr\/668938\/","title":{"rendered":"pr\u00e9visions du samedi 17 janvier 2026"},"content":{"rendered":"<p>Le ciel va s&rsquo;\u00e9claircir \u00e0 Bordeaux au cours de la journ\u00e9e. Les valeurs seront de 5\u00b0C au plus bas et de 11\u00b0C au maximum. Les Bordelais vont avoir froid le matin : les temp\u00e9ratures ne vont pas d\u00e9passer 9\u00b0C. Le mercure affichera 6\u00b0C en moyenne. Un petit vent de sud-est sera ressenti par les habitants. Les temp\u00e9ratures vont enregistrer une hausse de quelques degr\u00e9s pendant l&rsquo;apr\u00e8s-midi. Les valeurs afficheront entre 9 et 11\u00b0C. Il faudra s&rsquo;attendre \u00e0 des perturbations le soir, les Bordelais se retrouveront sous des pluies \u00e9parses. On anticipe des valeurs d&rsquo;environ 9\u00b0C. Une nuit brumeuse vous attendra entre samedi et dimanche.<\/p>\n<p>Demain, \u00e0 Bordeaux, on sera sous un ciel bien maussade, couvert de nuages. Il faudra pr\u00e9voir son parapluie pour \u00e9viter les pluies \u00e9parses. La m\u00e9t\u00e9o va se r\u00e9chauffer avec une augmentation de quelques degr\u00e9s. Les temp\u00e9ratures seront comprises entre 7 et 11\u00b0C. Un vent de sud-ouest rafra\u00eechira un peu l&rsquo;atmosph\u00e8re. Le matin, les valeurs s&rsquo;\u00e9chelonneront entre 7 et 10\u00b0C. Demain apr\u00e8s-midi, des nuages ne voudront pas laisser leur place au soleil. Les maximales pourront atteindre 11\u00b0C tandis que les minimales seront de 8\u00b0C. Demain soir, le vent va peu \u00e0 peu chasser les nuages. Les temp\u00e9ratures avoisineront les 7\u00b0C.<\/p>\n<p>On s&rsquo;attend \u00e0 une am\u00e9lioration mardi, apr\u00e8s un jour nuageux lundi.<\/p>\n<p><\/p>\n","protected":false},"excerpt":{"rendered":"Le ciel va s&rsquo;\u00e9claircir \u00e0 Bordeaux au cours de la journ\u00e9e. Les valeurs seront de 5\u00b0C au plus&hellip;\n","protected":false},"author":2,"featured_media":668939,"comment_status":"","ping_status":"","sticky":false,"template":"","format":"standard","meta":{"footnotes":""},"categories":[2817],"tags":[1111,11,1997,1777,674,1011,27,12,2219,2119,25],"class_list":{"0":"post-668938","1":"post","2":"type-post","3":"status-publish","4":"format-standard","5":"has-post-thumbnail","7":"category-bordeaux","8":"tag-actu","9":"tag-actualites","10":"tag-bordeaux","11":"tag-eu","12":"tag-europe","13":"tag-fr","14":"tag-france","15":"tag-news","16":"tag-nouvelle-aquitaine","17":"tag-previsions-meteo","18":"tag-republique-francaise"},"share_on_mastodon":{"url":"https:\/\/pubeurope.com\/@fr\/115907785112095138","error":""},"_links":{"self":[{"href":"https:\/\/www.europesays.com\/fr\/wp-json\/wp\/v2\/posts\/668938","targetHints":{"allow":["GET"]}}],"collection":[{"href":"https:\/\/www.europesays.com\/fr\/wp-json\/wp\/v2\/posts"}],"about":[{"href":"https:\/\/www.europesays.com\/fr\/wp-json\/wp\/v2\/types\/post"}],"author":[{"embeddable":true,"href":"https:\/\/www.europesays.com\/fr\/wp-json\/wp\/v2\/users\/2"}],"replies":[{"embeddable":true,"href":"https:\/\/www.europesays.com\/fr\/wp-json\/wp\/v2\/comments?post=668938"}],"version-history":[{"count":0,"href":"https:\/\/www.europesays.com\/fr\/wp-json\/wp\/v2\/posts\/668938\/revisions"}],"wp:featuredmedia":[{"embeddable":true,"href":"https:\/\/www.europesays.com\/fr\/wp-json\/wp\/v2\/media\/668939"}],"wp:attachment":[{"href":"https:\/\/www.europesays.com\/fr\/wp-json\/wp\/v2\/media?parent=668938"}],"wp:term":[{"taxonomy":"category","embeddable":true,"href":"https:\/\/www.europesays.com\/fr\/wp-json\/wp\/v2\/categories?post=668938"},{"taxonomy":"post_tag","embeddable":true,"href":"https:\/\/www.europesays.com\/fr\/wp-json\/wp\/v2\/tags?post=668938"}],"curies":[{"name":"wp","href":"https:\/\/api.w.org\/{rel}","templated":true}]}}