{"id":668940,"date":"2026-01-17T01:13:13","date_gmt":"2026-01-17T01:13:13","guid":{"rendered":"https:\/\/www.europesays.com\/fr\/668940\/"},"modified":"2026-01-17T01:13:13","modified_gmt":"2026-01-17T01:13:13","slug":"une-alerte-declenchee-un-commerce-ferme","status":"publish","type":"post","link":"https:\/\/www.europesays.com\/fr\/668940\/","title":{"rendered":"une alerte d\u00e9clench\u00e9e, un commerce ferme"},"content":{"rendered":"<p>                    Par<br \/>\n        <strong><br \/>\n            <a href=\"https:\/\/actu.fr\/auteur\/anaelle-petit\" title=\"Consulter tous les articles de Ana\u00eblle Petit\" target=\"_blank\" rel=\"noopener\">Ana\u00eblle Petit<\/a><br \/>\n                    <\/strong><\/p>\n<p>        Publi\u00e9 le<\/p>\n<p>            16 janv. 2026 \u00e0 17h02        <\/p>\n<p>Mercredi 15 janvier 2026, rien ne semblait anormal dans cette rue du centre-ville de <strong><a href=\"https:\/\/actu.fr\/toulouse\/\" target=\"_blank\" rel=\"noopener\">Toulouse<\/a><\/strong>. Pourtant, une alerte a \u00e9t\u00e9 lanc\u00e9e pour un <strong>risque d\u2019effondrement<\/strong>. Craquement du plancher, expertise, fermeture d\u2019un commerce\u2026 voici ce qu\u2019il faut savoir.<\/p>\n<p>Une solive l\u00e9g\u00e8rement affaiss\u00e9e<\/p>\n<p class=\" wall-content\">L\u2019alerte a \u00e9t\u00e9 donn\u00e9e vers 16\u2009h\u200942 <strong>mercredi 14\u00a0janvier 2026<\/strong>. Selon les premiers \u00e9l\u00e9ments communiqu\u00e9s par le service d\u00e9partemental d\u2019incendie et de secours (SDIS) 31, le probl\u00e8me concerne la structure d\u2019un b\u00e2timent situ\u00e9 au<strong> n\u00b0\u00a06 rue P\u00e9nitents-Gris<\/strong>.<\/p>\n<p class=\" wall-content\">Plus pr\u00e9cis\u00e9ment, \u00ab\u2009il s\u2019agit d\u2019une cave dont le plancher en bois pr\u00e9sente une solive l\u00e9g\u00e8rement affaiss\u00e9e.\u2009\u00bb, a indiqu\u00e9 la mairie \u00e0 Actu Toulouse.<\/p>\n<p>Le dispositif habituel d\u00e9ploy\u00e9<\/p>\n<p class=\" wall-content\">Pour mener \u00e0 bien cette expertise, le dispositif habituel en cas d\u2019alerte d\u2019effondrement a \u00e9t\u00e9 d\u00e9ploy\u00e9 sur place. Cinq sapeurs-pompiers sont intervenus, appuy\u00e9s par un repr\u00e9sentant de la ville de Toulouse.<\/p>\n<p class=\" wall-content\">Trois v\u00e9hicules ont \u00e9t\u00e9 mobilis\u00e9s, dont une <strong>unit\u00e9 sp\u00e9cialis\u00e9e en risque b\u00e2timentaire <\/strong>(USAR) et un v\u00e9hicule de commandement.<\/p>\n<p>Un bruit signal\u00e9<\/p>\n<p class=\" wall-content\">La mairie de Toulouse indique que l\u2019intervention a fait suite<strong> \u00e0 un bruit et des grincements signal\u00e9s au niveau<\/strong> <strong>d\u2019une poutre du plancher de la cave.<\/strong> En l\u2019absence de danger imm\u00e9diat identifi\u00e9, \u00ab\u2009aucune proc\u00e9dure d\u2019\u00e9vacuation n\u2019a \u00e9t\u00e9 engag\u00e9e, ce qui laisse entendre qu\u2019il n\u2019y a pour l\u2019heure,<strong> aucune urgence absolue <\/strong>\u00bb, pr\u00e9cisait-elle.<\/p>\n<p>Une interdiction d\u2019acc\u00e9der et d\u2019exploiter le commerce<\/p>\n<p class=\" wall-content\">Mais la situation se complique toutefois pour un commerce un peu plus loin, dans la <strong>rue du Taur<\/strong>. L\u2019Institut de beaut\u00e9 Sabrina avait \u00e9t\u00e9 ferm\u00e9 par mesure de pr\u00e9caution.<\/p>\n<p>Votre r\u00e9gion, votre actu !<\/p>\n<p>Recevez chaque jour les infos qui comptent pour vous.<\/p>\n<p>\t<a href=\"https:\/\/actu.fr\/newsletter\" class=\"ac-btn ac-btn--corner ac-btn--medium ac-btn--blue800\" target=\"_blank\" rel=\"noopener\">S&rsquo;incrire<\/a><\/p>\n<p class=\" wall-content\">Mais lors de l\u2019analyse par des experts du b\u00e2timent, une faiblesse au niveau de la structure a \u00e9t\u00e9 identifi\u00e9 et a entra\u00een\u00e9 <strong>l\u2019interdiction d\u2019acc\u00e9der et d\u2019exploiter<\/strong> le commerce par un arr\u00eat\u00e9 de la mairie.<\/p>\n<p class=\" wall-content\">\u00ab\u00a0Apr\u00e8s examen, le SDIS31 et le BET Ingebat ont constat\u00e9 que le plancher haut de la cave partielle situ\u00e9e sous le commerce comportait des pi\u00e8ces de bois tr\u00e8s affaiblies et fractur\u00e9es\u00a0\u00bb pr\u00e9cise l\u2019arr\u00eat\u00e9.\u00a0<\/p>\n<p class=\" wall-content\">Le plancher haut de la cave doit \u00eatre mis en s\u00e9curit\u00e9 et un Bureau d\u2019\u00c9tudes Structures doit intervenir pour un diagnostic structurel.\u00a0<\/p>\n<p class=\" wall-content\">Personnalisez votre actualit\u00e9 en ajoutant vos villes et m\u00e9dias en favori avec <a href=\"https:\/\/moncompte.actu.fr\" title=\"D\u00e9couvez Mon Actu\" rel=\"nofollow noopener\" data-trk=\"{&quot;cta&quot;:{&quot;action&quot;:&quot;https:\\\/\\\/moncompte.actu.fr&quot;,&quot;category&quot;:&quot;mon compte&quot;,&quot;from&quot;:&quot;article footer&quot;,&quot;name&quot;:&quot;Mon actu&quot;,&quot;type&quot;:&quot;cta&quot;}}\" target=\"_blank\">Mon Actu<\/a>.<\/p>\n","protected":false},"excerpt":{"rendered":"Par Ana\u00eblle Petit Publi\u00e9 le 16 janv. 2026 \u00e0 17h02 Mercredi 15 janvier 2026, rien ne semblait anormal&hellip;\n","protected":false},"author":2,"featured_media":668941,"comment_status":"","ping_status":"","sticky":false,"template":"","format":"standard","meta":{"footnotes":""},"categories":[2816],"tags":[1111,11,898,1777,674,1011,27,1116,12,2680,1311,25,104,2312],"class_list":{"0":"post-668940","1":"post","2":"type-post","3":"status-publish","4":"format-standard","5":"has-post-thumbnail","7":"category-toulouse","8":"tag-actu","9":"tag-actualites","10":"tag-alerte","11":"tag-eu","12":"tag-europe","13":"tag-fr","14":"tag-france","15":"tag-immobilier","16":"tag-news","17":"tag-occitanie","18":"tag-pompiers","19":"tag-republique-francaise","20":"tag-societe","21":"tag-toulouse"},"share_on_mastodon":{"url":"https:\/\/pubeurope.com\/@fr\/115907789144334754","error":""},"_links":{"self":[{"href":"https:\/\/www.europesays.com\/fr\/wp-json\/wp\/v2\/posts\/668940","targetHints":{"allow":["GET"]}}],"collection":[{"href":"https:\/\/www.europesays.com\/fr\/wp-json\/wp\/v2\/posts"}],"about":[{"href":"https:\/\/www.europesays.com\/fr\/wp-json\/wp\/v2\/types\/post"}],"author":[{"embeddable":true,"href":"https:\/\/www.europesays.com\/fr\/wp-json\/wp\/v2\/users\/2"}],"replies":[{"embeddable":true,"href":"https:\/\/www.europesays.com\/fr\/wp-json\/wp\/v2\/comments?post=668940"}],"version-history":[{"count":0,"href":"https:\/\/www.europesays.com\/fr\/wp-json\/wp\/v2\/posts\/668940\/revisions"}],"wp:featuredmedia":[{"embeddable":true,"href":"https:\/\/www.europesays.com\/fr\/wp-json\/wp\/v2\/media\/668941"}],"wp:attachment":[{"href":"https:\/\/www.europesays.com\/fr\/wp-json\/wp\/v2\/media?parent=668940"}],"wp:term":[{"taxonomy":"category","embeddable":true,"href":"https:\/\/www.europesays.com\/fr\/wp-json\/wp\/v2\/categories?post=668940"},{"taxonomy":"post_tag","embeddable":true,"href":"https:\/\/www.europesays.com\/fr\/wp-json\/wp\/v2\/tags?post=668940"}],"curies":[{"name":"wp","href":"https:\/\/api.w.org\/{rel}","templated":true}]}}