{"id":668946,"date":"2026-01-17T01:16:24","date_gmt":"2026-01-17T01:16:24","guid":{"rendered":"https:\/\/www.europesays.com\/fr\/668946\/"},"modified":"2026-01-17T01:16:24","modified_gmt":"2026-01-17T01:16:24","slug":"psg-lille-3-0-pour-gagner-des-trophees-il-faut-ameliorer-notre-niveau-defensif-previent-luis-enrique","status":"publish","type":"post","link":"https:\/\/www.europesays.com\/fr\/668946\/","title":{"rendered":"PSG-Lille (3-0)\u00a0: \u00ab\u00a0Pour gagner des troph\u00e9es, il faut am\u00e9liorer notre niveau d\u00e9fensif\u00a0\u00bb, pr\u00e9vient Luis Enrique"},"content":{"rendered":"<p class=\"paragraph text_align_left lp-f-body-02\">Une victoire, trois buts, tous marqu\u00e9s par des attaquants : <a href=\"https:\/\/www.leparisien.fr\/sports\/football\/ligue-1\/psg-lille-3-0-les-notes-des-joueurs-parisiens-avec-doue-entreprenant-barcola-buteur-et-mayulu-transparent-16-01-2026-SLX2RRQKLVDKJIBJZUCRIP4WQA.php\" target=\"_blank\" rel=\"noreferrer noopener\">le PSG<\/a> a r\u00e9ussi sa soir\u00e9e ce vendredi au Parc des Princes, malgr\u00e9 quelques trous d\u2019air en premi\u00e8re p\u00e9riode face \u00e0 Lille, 4e au coup d\u2019envoi de cette 18e journ\u00e9e de <a href=\"https:\/\/www.leparisien.fr\/sports\/football\/ligue-1\/\" target=\"_blank\" rel=\"noreferrer noopener\">Ligue 1<\/a>. Paris prend provisoirement la t\u00eate du championnat, en attendant Lens-Auxerre, ce samedi \u00e0 17 heures. Apr\u00e8s ce succ\u00e8s, <a href=\"https:\/\/www.leparisien.fr\/sports\/football\/luis-enrique\/\" target=\"_blank\" rel=\"noreferrer noopener\">Luis Enrique<\/a> a livr\u00e9 son analyse en conf\u00e9rence de presse.<\/p>\n<p class=\"\"><b>Que vous inspire le deuxi\u00e8me but d\u2019Ousmane Demb\u00e9l\u00e9 ?<\/b><\/p>\n<p class=\"\"><b>LUIS ENRIQUE.<\/b> C\u2019est <a href=\"https:\/\/www.leparisien.fr\/sports\/football\/ligue-1\/psg-lille-crochet-feinte-lob-de-genie-la-video-de-lun-des-plus-beaux-buts-de-la-carriere-de-dembele-16-01-2026-JCKCWV4TWNDFNIN646UWUDKV4A.php\" target=\"_blank\" rel=\"noreferrer noopener\">un but que peu de joueurs peuvent marquer<\/a>. C\u2019est un but de PlayStation. Quand on prend tous les boutons et on fait tout en m\u00eame temps, cela donne \u00e7a. J\u2019esp\u00e8re plus d\u2019Ousmane, m\u00eame si on aime tous ses buts. Mais on aime surtout sa capacit\u00e9 \u00e0 lib\u00e9rer l\u2019aspect d\u00e9fensif pour l\u2019\u00e9quipe. Il faut am\u00e9liorer toute l\u2019\u00e9quipe dans cet aspect. Lille a surmont\u00e9 notre pression tr\u00e8s facilement. On a eu de la chance parce qu\u2019on a marqu\u00e9 trois buts. Mais c\u2019est incroyable alors qu\u2019on n\u2019en marque aucun lors du dernier match (d\u00e9faite 0-1 contre le PFC en 16es de finale de la Coupe de France). Lille ne m\u00e9rite pas cette diff\u00e9rence, mais je suis tr\u00e8s content du r\u00e9sultat.<\/p>\n<p class=\"\"><b>Les doutes sont-ils chass\u00e9s ?<\/b><\/p>\n<p class=\"\">La deuxi\u00e8me p\u00e9riode a chang\u00e9. On a tr\u00e8s bien press\u00e9. Cela devient alors difficile pour l\u2019adversaire. Mais notre premi\u00e8re p\u00e9riode est tr\u00e8s dangereuse. Il faut am\u00e9liorer cela. Les joueurs le savent. Pour gagner des troph\u00e9es importants, il faut am\u00e9liorer notre niveau d\u00e9fensif. C\u2019est ce que nous devons changer.<\/p>\n<p>\u00ab Il ne faut pas se rel\u00e2cher \u00bb<\/p>\n<p class=\"\"><b>Qu\u2019avez-vous modifi\u00e9 \u00e0 la pause ?<\/b><\/p>\n<p class=\"\">On a chang\u00e9 notre mani\u00e8re de presser. C\u2019est plus d\u2019attention, moins de temps donn\u00e9 \u00e0 l\u2019adversaire. C\u2019est important d\u2019\u00eatre connect\u00e9s tout le match. Il ne faut pas se rel\u00e2cher. Sinon on a des probl\u00e8mes, comme en premi\u00e8re p\u00e9riode.<\/p>\n<p class=\"\"><b>Ousmane Demb\u00e9l\u00e9 m\u00e9rite-t-il un traitement diff\u00e9rent ?<\/b><\/p>\n<p class=\"\">Pourquoi ? Je ne comprends pas. Je ne pense pas comme \u00e7a.<\/p>\n<p class=\"\"><b>Vos adversaires vous analysent-ils mieux qu\u2019avant ?<\/b><\/p>\n<p class=\"\">Il faut \u00eatre concentr\u00e9 et connect\u00e9 d\u00e8s les premi\u00e8res minutes. S\u2019il y a rel\u00e2chement, si tu crois qu\u2019il y a le temps pour gagner, non ! Il faut \u00eatre \u00e0 100 % d\u00e8s la premi\u00e8re minute. Si on ne presse pas dans de bonnes conditions, on a des probl\u00e8mes.<\/p>\n<p class=\"\"><b>\u00cates-vous int\u00e9ress\u00e9 par Dro Fernandez (<\/b><a href=\"https:\/\/www.leparisien.fr\/sports\/football\/psg\/mercato-psg-une-pepite-du-barca-dans-le-viseur-de-paris-16-01-2026-FH7RFBNGGVGZFPZLN22P5D54EY.php#:~:text=Il%20se%20nomme%20Dro%20Fernandez,%C3%A0%206%20millions%20d&#039;euros.\" target=\"_blank\" rel=\"noreferrer noopener\"><b>p\u00e9pite du Bar\u00e7a qui serait dans le viseur de Paris<\/b><\/a><b>) ?<\/b><\/p>\n<p class=\"\">Je ne sais pas, je ne r\u00e9ponds pas.<\/p>\n","protected":false},"excerpt":{"rendered":"Une victoire, trois buts, tous marqu\u00e9s par des attaquants : le PSG a r\u00e9ussi sa soir\u00e9e ce vendredi&hellip;\n","protected":false},"author":2,"featured_media":668947,"comment_status":"","ping_status":"","sticky":false,"template":"","format":"standard","meta":{"footnotes":""},"categories":[2815],"tags":[1111,11,1777,674,63,1011,27,811,66,1307,12,25,60],"class_list":{"0":"post-668946","1":"post","2":"type-post","3":"status-publish","4":"format-standard","5":"has-post-thumbnail","7":"category-lille","8":"tag-actu","9":"tag-actualites","10":"tag-eu","11":"tag-europe","12":"tag-football","13":"tag-fr","14":"tag-france","15":"tag-hauts-de-france","16":"tag-ligue-1","17":"tag-lille","18":"tag-news","19":"tag-republique-francaise","20":"tag-sports"},"share_on_mastodon":{"url":"https:\/\/pubeurope.com\/@fr\/115907800937339968","error":""},"_links":{"self":[{"href":"https:\/\/www.europesays.com\/fr\/wp-json\/wp\/v2\/posts\/668946","targetHints":{"allow":["GET"]}}],"collection":[{"href":"https:\/\/www.europesays.com\/fr\/wp-json\/wp\/v2\/posts"}],"about":[{"href":"https:\/\/www.europesays.com\/fr\/wp-json\/wp\/v2\/types\/post"}],"author":[{"embeddable":true,"href":"https:\/\/www.europesays.com\/fr\/wp-json\/wp\/v2\/users\/2"}],"replies":[{"embeddable":true,"href":"https:\/\/www.europesays.com\/fr\/wp-json\/wp\/v2\/comments?post=668946"}],"version-history":[{"count":0,"href":"https:\/\/www.europesays.com\/fr\/wp-json\/wp\/v2\/posts\/668946\/revisions"}],"wp:featuredmedia":[{"embeddable":true,"href":"https:\/\/www.europesays.com\/fr\/wp-json\/wp\/v2\/media\/668947"}],"wp:attachment":[{"href":"https:\/\/www.europesays.com\/fr\/wp-json\/wp\/v2\/media?parent=668946"}],"wp:term":[{"taxonomy":"category","embeddable":true,"href":"https:\/\/www.europesays.com\/fr\/wp-json\/wp\/v2\/categories?post=668946"},{"taxonomy":"post_tag","embeddable":true,"href":"https:\/\/www.europesays.com\/fr\/wp-json\/wp\/v2\/tags?post=668946"}],"curies":[{"name":"wp","href":"https:\/\/api.w.org\/{rel}","templated":true}]}}