{"id":668959,"date":"2026-01-17T01:24:49","date_gmt":"2026-01-17T01:24:49","guid":{"rendered":"https:\/\/www.europesays.com\/fr\/668959\/"},"modified":"2026-01-17T01:24:49","modified_gmt":"2026-01-17T01:24:49","slug":"malgre-lunion-de-la-gauche-derriere-emmanuel-gregoire-la-crainte-dune-dispersion-des-voix","status":"publish","type":"post","link":"https:\/\/www.europesays.com\/fr\/668959\/","title":{"rendered":"malgr\u00e9 l&rsquo;union de la gauche derri\u00e8re Emmanuel Gr\u00e9goire, la crainte d&rsquo;une \u00ab\u00a0dispersion\u00a0\u00bb des voix"},"content":{"rendered":"\n<p class=\"c-chapo \">\n  Le candidat PS a tenu, mercredi, son premier grand meeting de campagne. Mais sans LFI. De quoi faire douter certains soutiens.\n<\/p>\n<p>      lire plus tard<\/p>\n<p id=\"dialog__title\" class=\"dialog__title\">Pour sauvegarder cet article, connectez-vous ou cr\u00e9ez un compte franceinfo<\/p>\n<p class=\"dialog__description\">Sans paiement. Sans abonnement.<\/p>\n<p>        Fermer la fen\u00eatre d\u2019activation des notifications France Info<\/p>\n<p>      cr\u00e9er votre compte<\/p>\n<p>      se connecter<\/p>\n<p>      :<\/p>\n<p>        Fermer la fen\u00eatre de pr\u00e9sentation<\/p>\n<p>    <img decoding=\"async\" class=\"signature__image\" width=\"44\" height=\"44\"  alt=\"\" src=\"https:\/\/www.franceinfo.fr\/assets\/common\/images\/galaxie-icons\/avatar-e7320e16.svg\" fetchpriority=\"high\"\/><\/p>\n<p>    Publi\u00e9 le 15\/01\/2026 13:33<\/p>\n<p>      Mis \u00e0 jour le 15\/01\/2026 13:34<\/p>\n<p>        Temps de lecture : 2min<\/p>\n<p>    <img decoding=\"async\"  alt=\"Premier  meeting de campagne de la gauche unie, autour du candidat socialiste \u00e0 la mairie de Paris, Emmanuel Gr\u00e9goire, \u00e0 La Bellevilloise, \u00e0 Paris, le 14 janvier. (CARINE SCHMITT \/ Hans Lucas)\" width=\"432\" height=\"243\" src=\"https:\/\/www.europesays.com\/fr\/wp-content\/uploads\/2026\/01\/gregoire-bellevilloise-abergel-69689b070e357519211285.jpg\" fetchpriority=\"high\"\/><\/p>\n<p>      Premier  meeting de campagne de la gauche unie, autour du candidat socialiste \u00e0 la mairie de Paris, Emmanuel Gr\u00e9goire, \u00e0 La Bellevilloise, \u00e0 Paris, le 14 janvier. (CARINE SCHMITT \/ Hans Lucas)<\/p>\n<p>Emmanuel Gr\u00e9goire a tenu son premier meeting de campagne pour les municipales \u00e0 Paris, mercredi 14 janvier, \u00e0 la Bellevilloise, salle embl\u00e9matique \u00e0 l&rsquo;est de la capitale. Le candidat PS est d\u00e9sormais <a href=\"https:\/\/www.franceinfo.fr\/elections\/municipales\/municipales-a-paris-lucie-castets-rejoint-la-liste-d-emmanuel-gregoire-sans-fermer-la-porte-a-lfi_7728907.html\" rel=\"noopener noreferrer nofollow\" data-tooltip-url=\"https:\/\/www.franceinfo.fr\/elections\/municipales\/municipales-a-paris-lucie-castets-rejoint-la-liste-d-emmanuel-gregoire-sans-fermer-la-porte-a-lfi_7728907.html\" target=\"_blank\">soutenu par toute la gauche<\/a>, sauf LFI. Sur le plan de l&rsquo;affluence, le pari semble gagn\u00e9. Emmanuel Gr\u00e9goire, haut-parleur \u00e0 une main, micro dans l&rsquo;autre explique, devant la salle, sur le trottoir, annonceque la salle de la Bellevilloise \u00ab\u00a0ne va pas pouvoir tous vous accueillir\u00a0\u00bb. Il s&#8217;empresse d&rsquo;ajouter que \u00ab\u00a0la prochaine fois, il sera ravi de prendre une immense salle\u00a0\u00bb.<\/p>\n<p>Devant 2\u00a0000 personnes pr\u00e9sentes, selon le parti, le candidat d\u00e9roule son programme. Dans ce quartier populaire du 20e arrondissement, un argument fait mouche : \u00ab\u00a0Demain, les fournitures scolaires seront gratuites pour les familles qui en ont besoin\u00a0\u00bb. Les applaudissements sont nourris. Emmanuel Gr\u00e9goire encha\u00eene, toujours sur le th\u00e8me de l&rsquo;\u00e9cole : \u00ab\u00a0Nous fournirons pour les plus petits un go\u00fbter \u00e0 l&rsquo;\u00e9cole, \u00e9quilibr\u00e9 et lui aussi gratuit !\u00a0\u00bb<\/p>\n<p>Le socialiste parle devant des drapeaux PS \u00e9videmment, mais aussi \u00e9cologistes et communistes. Les deux partis le soutiennent. Et c&rsquo;est d\u00e9j\u00e0 une victoire semble dire le candidat : \u00ab\u00a0Jamais l&rsquo;union de la gauche n&rsquo;avait eu lieu d\u00e8s le premier tour de la bataille\u00a0\u00bb, souligne-t-il.<\/p>\n<p>Une <a href=\"https:\/\/www.franceinfo.fr\/elections\/municipales\/municipales-a-paris-lucie-castets-rejoint-la-liste-d-emmanuel-gregoire-sans-fermer-la-porte-a-lfi_7728907.html\" rel=\"noopener noreferrer nofollow\" data-tooltip-url=\"https:\/\/www.franceinfo.fr\/elections\/municipales\/municipales-a-paris-lucie-castets-rejoint-la-liste-d-emmanuel-gregoire-sans-fermer-la-porte-a-lfi_7728907.html\" target=\"_blank\">union de la gauche<\/a> n\u00e9cessaire pour battre <a href=\"https:\/\/www.franceinfo.fr\/politique\/rachida-dati\/municipales-a-paris-accusee-d-etre-intervenue-pour-l-attribution-d-un-logement-social-a-sa-s-ur-rachida-dati-dement-et-s-en-prend-a-son-rival-socialiste_7655644.html\" rel=\"noopener noreferrer nofollow\" data-tooltip-url=\"https:\/\/www.franceinfo.fr\/politique\/rachida-dati\/municipales-a-paris-accusee-d-etre-intervenue-pour-l-attribution-d-un-logement-social-a-sa-s-ur-rachida-dati-dement-et-s-en-prend-a-son-rival-socialiste_7655644.html\" target=\"_blank\">Rachida Dati<\/a>, candidate de la droite et d&rsquo;une partie des macronistes. Les sondages montrent en effet qu&rsquo;\u00e0 Paris, rien n&rsquo;est jou\u00e9. L&rsquo;union de la gauche oui, mais sans La France Insoumise. Tant mieux soufflent ces deux militantes : \u00ab\u00a0LFI, pour moi, ce n&rsquo;est pas la gauche r\u00e9publicaine\u00a0\u00bb, dit l&rsquo;une. L&rsquo;autre semble d\u00e9sabus\u00e9e\u00a0: \u00ab\u00a0J&rsquo;ai vot\u00e9 tr\u00e8s longtemps LFI&#8230; et je ne veux plus LFI.\u00a0\u00bb<\/p>\n<p>Emmanuel Gr\u00e9goire r\u00e9p\u00e8te qu&rsquo;il ne veut pas d&rsquo;alliance avec LFI, ni au premier ni au second tour. Une position incompr\u00e9hensible pour Jules, 23 ans : \u00ab\u00a0C&rsquo;est une connerie. Je ne savais pas qu&rsquo;il avait dit \u00e7a. C&rsquo;est dommage, j&rsquo;aimerais que la gauche ait le plus de chance possible de gagner\u00a0\u00bb analyse-t-il.<\/p>\n<p>Sophia Chikirou, la candidate Insoumise \u00e0 la mairie de Paris, est donn\u00e9e dans certains sondages \u00e0 plus de 10\u00a0% au premier tour. Sans accord avec le Parti socialiste, elle pourrait, dans ce cas, se maintenir au second tour. Attention danger, alerte cet \u00e9lecteur socialiste : \u00ab\u00a0La droite saura voter utile. \u00c0 gauche, il risque d&rsquo;y avoir une vraie dispersion. Avec <a href=\"https:\/\/www.franceinfo.fr\/replay-radio\/franceinfo-municipales-2026\/municipales-2026-la-bataille-de-paris_7731148.html\" rel=\"noopener noreferrer nofollow\" data-tooltip-url=\"https:\/\/www.franceinfo.fr\/replay-radio\/franceinfo-municipales-2026\/municipales-2026-la-bataille-de-paris_7731148.html\" target=\"_blank\">la crainte de perdre Paris<\/a>, et que l&rsquo;on bascule \u00e0 droite et \u00e0 <a href=\"https:\/\/www.franceinfo.fr\/elections\/municipales\/municipales-a-paris-jamais-je-ne-ferai-perdre-la-droite-assure-sarah-knafo_7736170.html\" rel=\"noopener noreferrer nofollow\" data-tooltip-url=\"https:\/\/www.franceinfo.fr\/elections\/municipales\/municipales-a-paris-jamais-je-ne-ferai-perdre-la-droite-assure-sarah-knafo_7736170.html\" target=\"_blank\">l&rsquo;extr\u00eame droite<\/a>\u00ab\u00a0, souligne cet \u00e9lecteur. Ce serait alors un potentiel s\u00e9isme : les socialistes dirigent Paris depuis 25 ans, une situation qui affaiblirait le PS, \u00e0 seulement un an de l&rsquo;\u00e9lection pr\u00e9sidentielle.<\/p>\n","protected":false},"excerpt":{"rendered":"Le candidat PS a tenu, mercredi, son premier grand meeting de campagne. Mais sans LFI. De quoi faire&hellip;\n","protected":false},"author":2,"featured_media":668960,"comment_status":"","ping_status":"","sticky":false,"template":"","format":"standard","meta":{"footnotes":""},"categories":[1888],"tags":[1111,1928,11,1927,1777,674,1011,27,12,1926,626,1925,25],"class_list":{"0":"post-668959","1":"post","2":"type-post","3":"status-publish","4":"format-standard","5":"has-post-thumbnail","7":"category-paris","8":"tag-actu","9":"tag-actu-paris","10":"tag-actualites","11":"tag-actualites-paris","12":"tag-eu","13":"tag-europe","14":"tag-fr","15":"tag-france","16":"tag-news","17":"tag-news-paris","18":"tag-paris","19":"tag-paris-news","20":"tag-republique-francaise"},"share_on_mastodon":{"url":"https:\/\/pubeurope.com\/@fr\/115907836264399055","error":""},"_links":{"self":[{"href":"https:\/\/www.europesays.com\/fr\/wp-json\/wp\/v2\/posts\/668959","targetHints":{"allow":["GET"]}}],"collection":[{"href":"https:\/\/www.europesays.com\/fr\/wp-json\/wp\/v2\/posts"}],"about":[{"href":"https:\/\/www.europesays.com\/fr\/wp-json\/wp\/v2\/types\/post"}],"author":[{"embeddable":true,"href":"https:\/\/www.europesays.com\/fr\/wp-json\/wp\/v2\/users\/2"}],"replies":[{"embeddable":true,"href":"https:\/\/www.europesays.com\/fr\/wp-json\/wp\/v2\/comments?post=668959"}],"version-history":[{"count":0,"href":"https:\/\/www.europesays.com\/fr\/wp-json\/wp\/v2\/posts\/668959\/revisions"}],"wp:featuredmedia":[{"embeddable":true,"href":"https:\/\/www.europesays.com\/fr\/wp-json\/wp\/v2\/media\/668960"}],"wp:attachment":[{"href":"https:\/\/www.europesays.com\/fr\/wp-json\/wp\/v2\/media?parent=668959"}],"wp:term":[{"taxonomy":"category","embeddable":true,"href":"https:\/\/www.europesays.com\/fr\/wp-json\/wp\/v2\/categories?post=668959"},{"taxonomy":"post_tag","embeddable":true,"href":"https:\/\/www.europesays.com\/fr\/wp-json\/wp\/v2\/tags?post=668959"}],"curies":[{"name":"wp","href":"https:\/\/api.w.org\/{rel}","templated":true}]}}