{"id":668963,"date":"2026-01-17T01:26:23","date_gmt":"2026-01-17T01:26:23","guid":{"rendered":"https:\/\/www.europesays.com\/fr\/668963\/"},"modified":"2026-01-17T01:26:23","modified_gmt":"2026-01-17T01:26:23","slug":"colere-agricole-on-na-jamais-vu-autant-dagriculteurs-interpelles-denonce-sebastien-persec-apres-les-manifestations-a-paris","status":"publish","type":"post","link":"https:\/\/www.europesays.com\/fr\/668963\/","title":{"rendered":"Col\u00e8re agricole\u00a0: \u00ab\u00a0On n\u2019a jamais vu autant d\u2019agriculteurs interpell\u00e9s\u00a0\u00bb, d\u00e9nonce S\u00e9bastien Persec, apr\u00e8s les manifestations \u00e0 Paris"},"content":{"rendered":"<p>\n                                                                Pr\u00e8s de 150 membres de la Conf\u00e9d\u00e9ration paysanne ont manifest\u00e9 \u00e0 Paris devant une annexe du minist\u00e8re de l\u2019Agriculture, ce mercredi 14\u00a0janvier.\n                            <\/p>\n<p>S\u00e9bastien Persec, militant de la Conf\u00e9d\u00e9ration paysanne, <a href=\"https:\/\/www.centrepresseaveyron.fr\/2026\/01\/15\/colere-des-agriculteurs-52-militants-de-la-confederation-paysanne-places-en-garde-a-vue-a-paris-dont-laveyronnais-sebastien-persec-13164097.php\" target=\"_self\" rel=\"noopener\">faisait partie des 52 agriculteurs interpell\u00e9s \u00e0 Paris sur environ 150, mercredi 14\u00a0janvier en fin d\u2019apr\u00e8s-midi,<\/a> alors qu\u2019il participait \u00e0 une manifestation devant une annexe du minist\u00e8re de l\u2019Agriculture, \u00e0 Paris.<\/p>\n<p class=\"std-elt__inline\">\n        <strong>\u00c0 lire aussi :<\/strong><br \/>\n        <a href=\"https:\/\/www.centrepresseaveyron.fr\/2026\/01\/15\/colere-des-agriculteurs-52-militants-de-la-confederation-paysanne-places-en-garde-a-vue-a-paris-dont-laveyronnais-sebastien-persec-13164097.php\" target=\"_blank\" rel=\"noopener\">Col\u00e8re des agriculteurs\u00a0: 52 militants de la Conf\u00e9d\u00e9ration paysanne plac\u00e9s en garde \u00e0 vue \u00e0 Paris, dont l\u2019Aveyronnais S\u00e9bastien Persec<\/a>\n    <\/p>\n<p>\u00ab\u00a0Nous \u00e9tions l\u00e0 pour opposer \u00e0 la gestion de la DNC (dermatose nodulaire contagieuse), \u00e0 l\u2019abattage des troupeaux, ou encore la vaccination et autoriser l\u2019export ou la transhumance des animaux, raconte S\u00e9bastien Persec. La manifestation \u00e9tait tout \u00e0 fait pacifique et nous sommes entr\u00e9s sans faire d\u00e9g\u00e2ts.\u00a0\u00bb\u00a0Une demi-heure apr\u00e8s, les policiers sont intervenus, \u00e9paul\u00e9s par des motards de la Brav-M.<\/p>\n<p>\u00ab\u00a0Nous sommes ressortis libres\u00a0\u00bb<\/p>\n<p>\u00ab\u00a0Leur intervention a \u00e9t\u00e9 plut\u00f4t dissuasive. Nous avons \u00e9t\u00e9 align\u00e9s contre le mur avant d\u2019\u00eatre embarqu\u00e9s vers trois commissariats diff\u00e9rents, raconte le militant de la Conf\u00e9d\u00e9ration paysanne. Nous \u00e9tions dix dans une cellule de 9\u00a0m2. La nuit a \u00e9t\u00e9 plut\u00f4t difficile, mais nous avons pu compter sur la solidarit\u00e9 de certains policiers qui nous ont apport\u00e9 de quoi manger.\u00a0\u00bb\u00a0\u00ab\u00a0Finalement, nous sommes ressortis libres, sans qu\u2019il ne nous soit rien reproch\u00e9\u00a0\u00bb, poursuit-il.<\/p>\n<p>\u00ab\u00a0On n\u2019a jamais vu autant d\u2019agriculteurs \u00eatre interpell\u00e9s d\u2019un coup lors d\u2019une manifestation, d\u00e9nonce S\u00e9bastien Persec. Mais cela ne nous emp\u00eachera pas de faire avancer nos id\u00e9es syndicales.\u00a0\u00bb<\/p>\n","protected":false},"excerpt":{"rendered":"Pr\u00e8s de 150 membres de la Conf\u00e9d\u00e9ration paysanne ont manifest\u00e9 \u00e0 Paris devant une annexe du minist\u00e8re de&hellip;\n","protected":false},"author":2,"featured_media":668964,"comment_status":"","ping_status":"","sticky":false,"template":"","format":"standard","meta":{"footnotes":""},"categories":[1888],"tags":[11,327,69742,33,1777,674,1011,27,12,626,69743,25],"class_list":{"0":"post-668963","1":"post","2":"type-post","3":"status-publish","4":"format-standard","5":"has-post-thumbnail","7":"category-paris","8":"tag-actualites","9":"tag-agriculture","10":"tag-bdv","11":"tag-economie","12":"tag-eu","13":"tag-europe","14":"tag-fr","15":"tag-france","16":"tag-news","17":"tag-paris","18":"tag-parisidf","19":"tag-republique-francaise"},"share_on_mastodon":{"url":"https:\/\/pubeurope.com\/@fr\/115907840110676935","error":""},"_links":{"self":[{"href":"https:\/\/www.europesays.com\/fr\/wp-json\/wp\/v2\/posts\/668963","targetHints":{"allow":["GET"]}}],"collection":[{"href":"https:\/\/www.europesays.com\/fr\/wp-json\/wp\/v2\/posts"}],"about":[{"href":"https:\/\/www.europesays.com\/fr\/wp-json\/wp\/v2\/types\/post"}],"author":[{"embeddable":true,"href":"https:\/\/www.europesays.com\/fr\/wp-json\/wp\/v2\/users\/2"}],"replies":[{"embeddable":true,"href":"https:\/\/www.europesays.com\/fr\/wp-json\/wp\/v2\/comments?post=668963"}],"version-history":[{"count":0,"href":"https:\/\/www.europesays.com\/fr\/wp-json\/wp\/v2\/posts\/668963\/revisions"}],"wp:featuredmedia":[{"embeddable":true,"href":"https:\/\/www.europesays.com\/fr\/wp-json\/wp\/v2\/media\/668964"}],"wp:attachment":[{"href":"https:\/\/www.europesays.com\/fr\/wp-json\/wp\/v2\/media?parent=668963"}],"wp:term":[{"taxonomy":"category","embeddable":true,"href":"https:\/\/www.europesays.com\/fr\/wp-json\/wp\/v2\/categories?post=668963"},{"taxonomy":"post_tag","embeddable":true,"href":"https:\/\/www.europesays.com\/fr\/wp-json\/wp\/v2\/tags?post=668963"}],"curies":[{"name":"wp","href":"https:\/\/api.w.org\/{rel}","templated":true}]}}