{"id":668972,"date":"2026-01-17T01:31:25","date_gmt":"2026-01-17T01:31:25","guid":{"rendered":"https:\/\/www.europesays.com\/fr\/668972\/"},"modified":"2026-01-17T01:31:25","modified_gmt":"2026-01-17T01:31:25","slug":"allemagne-visite-du-president-syrien-ahmad-al-charaa","status":"publish","type":"post","link":"https:\/\/www.europesays.com\/fr\/668972\/","title":{"rendered":"Allemagne : visite du pr\u00e9sident syrien Ahmad al-Charaa"},"content":{"rendered":"<p><img loading=\"lazy\" decoding=\"async\" src=\"https:\/\/www.europesays.com\/fr\/wp-content\/uploads\/2026\/01\/9c6449f2-c2rede8xgi7gaqxa49u0h.webp.webp\" alt=\"Le chancelier allemand Friedrich Merz, \u00e0 l'\u00c9lys\u00e9e, \u00e0 Paris, le 6 janvier 2026.\" width=\"640\" height=\"359\" class=\"ys-img\"\/><\/p>\n<p>Cr\u00e9dit Photo : LUDOVIC MARIN \/ POOL  \/ AFP<\/p>\n<p>Le chancelier allemand Friedrich Merz, \u00e0 l&rsquo;\u00c9lys\u00e9e, \u00e0 Paris, le 6 janvier 2026.<\/p>\n<p>Le pr\u00e9sident syrien Ahmad al-Sharaa se rendra \u00e0 Berlin la semaine prochaine pour sa premi\u00e8re visite officielle en Allemagne son entr\u00e9e en fonction, a annonc\u00e9 le gouvernement vendredi.<\/p>\n<p class=\"ys-paragraph-node align-justify\">Le porte-parole adjoint du gouvernement, Sebastian Hille, a indiqu\u00e9 que cette visite de deux jours d\u00e9butera le 19 janvier et sera consacr\u00e9e au renforcement des relations politiques et \u00e9conomiques entre les deux pays.<\/p>\n<p><strong class=\"ys-bold-node\"><\/p>\n<p>Il a pr\u00e9cis\u00e9 qu\u2019apr\u00e8s une rencontre bilat\u00e9rale avec le chancelier Friedrich Merz, pr\u00e9vue mardi, le pr\u00e9sident syrien participera \u00e0 une table ronde avec des repr\u00e9sentants de grandes entreprises allemandes. <\/p>\n<p><\/strong><\/p>\n<p class=\"ys-paragraph-node align-justify\">Le ministre des Affaires \u00e9trang\u00e8res, Johann Wadephul, ainsi que la ministre de l\u2019\u00c9conomie, Katherina Reiche, prendront \u00e9galement part \u00e0 cette r\u00e9union.<\/p>\n<p>\u00ab\u00a0Nous souhaitons approfondir nos relations et ouvrir une nouvelle page avec le nouveau gouvernement syrien. De nombreuses questions importantes doivent \u00eatre abord\u00e9es\u00a0\u00bb<\/p>\n<p>, a d\u00e9clar\u00e9 Hille.<\/p>\n<p class=\"ys-paragraph-node align-justify\">Selon lui, les discussions porteront notamment sur les derniers d\u00e9veloppements r\u00e9gionaux, la transition politique en Syrie, la relance \u00e9conomique et le retour des r\u00e9fugi\u00e9s.<\/p>\n<p class=\"ys-paragraph-node align-justify\">Ahmad al-Sharaa doit \u00e9galement rencontrer le pr\u00e9sident allemand Frank-Walter Steinmeier au palais de Bellevue, mardi.<\/p>\n<p>#Allemagne<\/p>\n<p>#Syrie<\/p>\n<p>#pr\u00e9sident<\/p>\n<p>#Ahmad al-Charaa<\/p>\n<p>#Friedrich Merz<\/p>\n<p>#Berlin<\/p>\n<p>#visite officielle<\/p>\n","protected":false},"excerpt":{"rendered":"Cr\u00e9dit Photo : LUDOVIC MARIN \/ POOL \/ AFP Le chancelier allemand Friedrich Merz, \u00e0 l&rsquo;\u00c9lys\u00e9e, \u00e0 Paris,&hellip;\n","protected":false},"author":2,"featured_media":668973,"comment_status":"","ping_status":"","sticky":false,"template":"","format":"standard","meta":{"footnotes":""},"categories":[1587],"tags":[11,54189,672,1898,1804,1805,1803,1777,674,4710,1801,12,4919,1802,32,20451],"class_list":{"0":"post-668972","1":"post","2":"type-post","3":"status-publish","4":"format-standard","5":"has-post-thumbnail","7":"category-allemagne","8":"tag-actualites","9":"tag-ahmad-al-charaa","10":"tag-allemagne","11":"tag-berlin","12":"tag-bundesrepublik-deutschland","13":"tag-de","14":"tag-deutschland","15":"tag-eu","16":"tag-europe","17":"tag-friedrich-merz","18":"tag-germany","19":"tag-news","20":"tag-president","21":"tag-republique-federale-dallemagne","22":"tag-syrie","23":"tag-visite-officielle"},"share_on_mastodon":{"url":"https:\/\/pubeurope.com\/@fr\/115907859844510201","error":""},"_links":{"self":[{"href":"https:\/\/www.europesays.com\/fr\/wp-json\/wp\/v2\/posts\/668972","targetHints":{"allow":["GET"]}}],"collection":[{"href":"https:\/\/www.europesays.com\/fr\/wp-json\/wp\/v2\/posts"}],"about":[{"href":"https:\/\/www.europesays.com\/fr\/wp-json\/wp\/v2\/types\/post"}],"author":[{"embeddable":true,"href":"https:\/\/www.europesays.com\/fr\/wp-json\/wp\/v2\/users\/2"}],"replies":[{"embeddable":true,"href":"https:\/\/www.europesays.com\/fr\/wp-json\/wp\/v2\/comments?post=668972"}],"version-history":[{"count":0,"href":"https:\/\/www.europesays.com\/fr\/wp-json\/wp\/v2\/posts\/668972\/revisions"}],"wp:featuredmedia":[{"embeddable":true,"href":"https:\/\/www.europesays.com\/fr\/wp-json\/wp\/v2\/media\/668973"}],"wp:attachment":[{"href":"https:\/\/www.europesays.com\/fr\/wp-json\/wp\/v2\/media?parent=668972"}],"wp:term":[{"taxonomy":"category","embeddable":true,"href":"https:\/\/www.europesays.com\/fr\/wp-json\/wp\/v2\/categories?post=668972"},{"taxonomy":"post_tag","embeddable":true,"href":"https:\/\/www.europesays.com\/fr\/wp-json\/wp\/v2\/tags?post=668972"}],"curies":[{"name":"wp","href":"https:\/\/api.w.org\/{rel}","templated":true}]}}