{"id":668988,"date":"2026-01-17T01:45:09","date_gmt":"2026-01-17T01:45:09","guid":{"rendered":"https:\/\/www.europesays.com\/fr\/668988\/"},"modified":"2026-01-17T01:45:09","modified_gmt":"2026-01-17T01:45:09","slug":"lenorme-colere-de-luis-enrique-contre-ses-joueurs-face-au-losc","status":"publish","type":"post","link":"https:\/\/www.europesays.com\/fr\/668988\/","title":{"rendered":"l\u2019\u00e9norme col\u00e8re de Luis Enrique contre ses joueurs face au LOSC"},"content":{"rendered":"<p>Malgr\u00e9 l\u2019ouverture du score sign\u00e9e Ousmane Demb\u00e9l\u00e9 <a href=\"https:\/\/www.footmercato.net\/live\/8329069555336620934-paris-saint-germain-vs-lille#tabLive\" target=\"_blank\" rel=\"noopener\">d\u00e8s la 13e minute face au LOSC<\/a>, <a href=\"https:\/\/www.footmercato.net\/entraineur\/luis-enrique-martinez-garcia\" target=\"_blank\" rel=\"noopener\">Luis Enrique<\/a> n\u2019\u00e9tait clairement pas d\u2019humeur \u00e0 rel\u00e2cher la pression et s\u2019est montr\u00e9 tr\u00e8s virulent tout au long de la premi\u00e8re p\u00e9riode. Mais alors que le <a href=\"https:\/\/www.footmercato.net\/club\/psg\/\" target=\"_blank\" rel=\"noopener\">Paris Saint-Germain<\/a> avait pris l\u2019avantage au Parc des Princes, l\u2019entra\u00eeneur espagnol a livr\u00e9 une sc\u00e8ne pour le moins spectaculaire sur son banc, au point d\u2019en \u00e9tonner Bruno Genesio.<\/p>\n<p>            La suite apr\u00e8s cette publicit\u00e9<\/p>\n<p>Visiblement agac\u00e9 par le manque d\u2019intensit\u00e9 au pressing de D\u00e9sir\u00e9 Dou\u00e9 et Khvicha Kvaratskhelia, le technicien parisien a quitt\u00e9 sa zone technique pour piquer un sprint et pousser une \u00e9norme gueulante, allant jusqu\u2019\u00e0 se retrouver \u00e0 proximit\u00e9 de celle de Bruno Genesio. Une s\u00e9quence rapidement calm\u00e9e par son adjoint Rafael Pol, m\u00eame si l\u2019Asturien \u00e9tait toujours d\u00e9chain\u00e9 depuis son banc contre ses deux offensifs. Une s\u00e9quence \u00e9tonnante, qui montre en tout cas la volont\u00e9 de Luis Enrique de renouer avec le succ\u00e8s\u2026<\/p>\n<p>\n    Pub. le 16\/01\/2026 21:51<br \/>\n            &#8211; MAJ le 17\/01\/2026 00:43\n    <\/p>\n","protected":false},"excerpt":{"rendered":"Malgr\u00e9 l\u2019ouverture du score sign\u00e9e Ousmane Demb\u00e9l\u00e9 d\u00e8s la 13e minute face au LOSC, Luis Enrique n\u2019\u00e9tait clairement&hellip;\n","protected":false},"author":2,"featured_media":140465,"comment_status":"","ping_status":"","sticky":false,"template":"","format":"standard","meta":{"footnotes":""},"categories":[1410],"tags":[63,1011,27,60],"class_list":{"0":"post-668988","1":"post","2":"type-post","3":"status-publish","4":"format-standard","5":"has-post-thumbnail","7":"category-football","8":"tag-football","9":"tag-fr","10":"tag-france","11":"tag-sports"},"share_on_mastodon":{"url":"https:\/\/pubeurope.com\/@fr\/115907915079417206","error":""},"_links":{"self":[{"href":"https:\/\/www.europesays.com\/fr\/wp-json\/wp\/v2\/posts\/668988","targetHints":{"allow":["GET"]}}],"collection":[{"href":"https:\/\/www.europesays.com\/fr\/wp-json\/wp\/v2\/posts"}],"about":[{"href":"https:\/\/www.europesays.com\/fr\/wp-json\/wp\/v2\/types\/post"}],"author":[{"embeddable":true,"href":"https:\/\/www.europesays.com\/fr\/wp-json\/wp\/v2\/users\/2"}],"replies":[{"embeddable":true,"href":"https:\/\/www.europesays.com\/fr\/wp-json\/wp\/v2\/comments?post=668988"}],"version-history":[{"count":0,"href":"https:\/\/www.europesays.com\/fr\/wp-json\/wp\/v2\/posts\/668988\/revisions"}],"wp:featuredmedia":[{"embeddable":true,"href":"https:\/\/www.europesays.com\/fr\/wp-json\/wp\/v2\/media\/140465"}],"wp:attachment":[{"href":"https:\/\/www.europesays.com\/fr\/wp-json\/wp\/v2\/media?parent=668988"}],"wp:term":[{"taxonomy":"category","embeddable":true,"href":"https:\/\/www.europesays.com\/fr\/wp-json\/wp\/v2\/categories?post=668988"},{"taxonomy":"post_tag","embeddable":true,"href":"https:\/\/www.europesays.com\/fr\/wp-json\/wp\/v2\/tags?post=668988"}],"curies":[{"name":"wp","href":"https:\/\/api.w.org\/{rel}","templated":true}]}}