{"id":668991,"date":"2026-01-17T01:47:18","date_gmt":"2026-01-17T01:47:18","guid":{"rendered":"https:\/\/www.europesays.com\/fr\/668991\/"},"modified":"2026-01-17T01:47:18","modified_gmt":"2026-01-17T01:47:18","slug":"nettoyee-la-statue-du-saint-sebastien-de-jouy-en-josas-va-etre-exposee-a-rome","status":"publish","type":"post","link":"https:\/\/www.europesays.com\/fr\/668991\/","title":{"rendered":"Nettoy\u00e9e, la statue du Saint-S\u00e9bastien de Jouy-en-Josas va \u00eatre expos\u00e9e \u00e0 Rome"},"content":{"rendered":"<p>                    Par<br \/>\n        <strong><br \/>\n            <a href=\"https:\/\/actu.fr\/auteur\/florie-cedolin\" title=\"Consulter tous les articles de Florie Cedolin\" target=\"_blank\" rel=\"noopener\">Florie Cedolin<\/a><br \/>\n                    <\/strong><\/p>\n<p>        Publi\u00e9 le<\/p>\n<p>            16 janv. 2026 \u00e0 8h16        <\/p>\n<p>Les restaurateurs sont en train de poser les derni\u00e8res touches du nettoyage de la <b>statue du Saint-S\u00e9bastien<\/b> install\u00e9e dans l\u2019\u00e9glise Saint-Martin de Jouy-en-Josas (Yvelines). Bient\u00f4t, celle-ci s\u2019envolera vers <b>l\u2019Italie<\/b>. Une aventure qui a commenc\u00e9 il y a d\u00e9j\u00e0 quelques mois\u2009!<\/p>\n<p class=\" wall-content\">En mars\u00a02025, cette statue avait en effet \u00e9t\u00e9 laur\u00e9ate de la campagne<a href=\"https:\/\/www.sauvegardeartfrancais.fr\/nos-projets\/plus-grand-musee-de-france\/\" target=\"_blank\" rel=\"noopener\"> Le plus grand mus\u00e9e de France<\/a>, lanc\u00e9e par la Sauvegarde de l\u2019art fran\u00e7ais. Objectif\u2009: attribuer, apr\u00e8s un vote des particuliers, une <b>subvention<\/b> pour restaurer une \u0153uvre d\u2019art.<\/p>\n<p class=\" wall-content\">La statue du Saint-S\u00e9bastien, attribu\u00e9e r\u00e9cemment au Bernin, \u00e9tait en lice pour l\u2019\u00cele-de-France et c\u2019est elle qui a finalement <b>remport\u00e9<\/b> le <a href=\"https:\/\/actu.fr\/ile-de-france\/jouy-en-josas_78322\/cette-statue-des-yvelines-du-xviie-siecle-fait-tellement-lunanimite-quelle-sera-bientot-renovee_62836979.html\" target=\"_blank\" rel=\"noopener\">ch\u00e8que de 8\u2009000\u00a0\u20ac<\/a>, remis par l\u2019assureur Allianz France.<\/p>\n<p>Une semaine de nettoyage<\/p>\n<p class=\" wall-content\">Ni une, ni deux, deux restaurateurs se sont vus confier le <b>nettoyage<\/b> de cette statue.<\/p>\n<blockquote class=\"ac-article-quote wall-content\">\n<p>\u00ab\u2009Nous avions convenu avec la Drac (direction des affaires culturelles) que le nettoyage ne serait pas trop pouss\u00e9. Elle \u00e9tait tout de m\u00eame tr\u00e8s encrass\u00e9e. Nous avons proc\u00e9d\u00e9 avec des gommes et des \u00e9ponges sp\u00e9ciales d\u00e9di\u00e9es \u00e0 la restauration.\u2009\u00bb<\/p>\n<p>S\u00e9bastien Forst et Le\u00efla Leourier, restaurateurs<\/p><\/blockquote>\n<p class=\" wall-content\">De l\u2019eau d\u00e9min\u00e9ralis\u00e9e, un peu de vapeur, des cotons-tiges, voici ce qu\u2019ont utilis\u00e9 les restaurateurs pour rendre sa superbe \u00e0 la statue repr\u00e9sentant Saint-S\u00e9bastien<b>\u00a0attach\u00e9 \u00e0 un arbre<\/b>\u00a0et perc\u00e9 de fl\u00e8ches.<\/p>\n<p class=\" wall-content\">En une semaine, le Saint-S\u00e9bastien du Bernin a retrouv\u00e9 sa superbe. \u00ab\u2009C\u2019est une<b> belle figure baroque<\/b>, avec un mouvement \u00e9lanc\u00e9\u2009\u00bb, commente S\u00e9bastien Forst, \u00e9galement chef du service restauration au <a href=\"https:\/\/actu.fr\/tag\/chateau-de-versailles\" target=\"_blank\" rel=\"noopener\">ch\u00e2teau de Versailles<\/a>.<\/p>\n<p>Votre r\u00e9gion, votre actu !<\/p>\n<p>Recevez chaque jour les infos qui comptent pour vous.<\/p>\n<p>\t<a href=\"https:\/\/actu.fr\/newsletter\" class=\"ac-btn ac-btn--corner ac-btn--medium ac-btn--blue800\" target=\"_blank\" rel=\"noopener\">S&rsquo;incrire<\/a><br \/>\nUne \u0153uvre du XVIIe\u00a0si\u00e8cle<\/p>\n<p class=\" wall-content\">R\u00e9alis\u00e9e en 1618, cette \u0153uvre\u00a0<b>en marbre<\/b>\u00a0repr\u00e9sente Saint-S\u00e9bastien, martyr chr\u00e9tien, et a \u00e9t\u00e9 command\u00e9e par le cardinal Pietro Aldobrandini pour enrichir sa collection \u00e0 Rome.<\/p>\n<p class=\" wall-content\">L\u2019\u0153uvre, rapidement achev\u00e9e, fut plac\u00e9e dans son<b> palais de la via del Corso<\/b>, o\u00f9 elle resta avant d\u2019\u00eatre l\u00e9gu\u00e9e \u00e0 sa s\u0153ur Olimpia Aldobrandini. Apr\u00e8s 1710, l\u2019\u0153uvre dispara\u00eet des archives, et son parcours reste <b>flou <\/b>pendant plus d\u2019un si\u00e8cle.<\/p>\n<p class=\" wall-content\">Longtemps attribu\u00e9e \u00e0 Pierre Puget, la sculpture a \u00e9t\u00e9 r\u00e9cemment r\u00e9attribu\u00e9e au jeune<b> Bernin <\/b>gr\u00e2ce \u00e0 l\u2019analyse de sa technique. Bien que l\u2019influence du p\u00e8re de Bernin soit encore visible, on reconna\u00eet d\u00e9j\u00e0 les traits de son pathos et de sa ma\u00eetrise du marbre.<\/p>\n<p>Expos\u00e9e \u00e0 Rome pendant plusieurs mois<\/p>\n<p class=\" wall-content\">Et apr\u00e8s ce nettoyage, une <b>autre \u00e9tape<\/b> attend la statue. \u00ab\u2009Elle va partir d\u00e9but f\u00e9vrier 2026 pour une exposition au palais Barberini de Rome, annonce fi\u00e8rement Emilie Kuca, chef du service des affaires culturelles de la ville de <a href=\"https:\/\/actu.fr\/ile-de-france\/jouy-en-josas_78322\" target=\"_blank\" rel=\"noopener\">Jouy-en-Josas<\/a>. Elle reviendra ensuite fin juin \u00e0 l\u2019\u00e9glise Saint-Martin o\u00f9 elle restera.\u2009\u00bb<\/p>\n<p class=\" wall-content\">Une \u00e9glise Saint-Martin qui abrite aussi une autre \u0153uvre exceptionnelle\u2009:<b> La Di\u00e8ge<\/b>, une statue en bois polychrome du XIIe\u00a0si\u00e8cle, class\u00e9e Monument historique.<\/p>\n<p class=\" wall-content\">Personnalisez votre actualit\u00e9 en ajoutant vos villes et m\u00e9dias en favori avec <a href=\"https:\/\/moncompte.actu.fr\" title=\"D\u00e9couvez Mon Actu\" rel=\"nofollow noopener\" data-trk=\"{&quot;cta&quot;:{&quot;action&quot;:&quot;https:\\\/\\\/moncompte.actu.fr&quot;,&quot;category&quot;:&quot;mon compte&quot;,&quot;from&quot;:&quot;article footer&quot;,&quot;name&quot;:&quot;Mon actu&quot;,&quot;type&quot;:&quot;cta&quot;}}\" target=\"_blank\">Mon Actu<\/a>.<\/p>\n","protected":false},"excerpt":{"rendered":"Par Florie Cedolin Publi\u00e9 le 16 janv. 2026 \u00e0 8h16 Les restaurateurs sont en train de poser les&hellip;\n","protected":false},"author":2,"featured_media":668992,"comment_status":"","ping_status":"","sticky":false,"template":"","format":"standard","meta":{"footnotes":""},"categories":[1358],"tags":[1348,1384,1385,1386,58,59,1011,27,2551,104],"class_list":{"0":"post-668991","1":"post","2":"type-post","3":"status-publish","4":"format-standard","5":"has-post-thumbnail","7":"category-arts-et-design","8":"tag-arts","9":"tag-arts-and-design","10":"tag-arts-et-design","11":"tag-design","12":"tag-divertissement","13":"tag-entertainment","14":"tag-fr","15":"tag-france","16":"tag-patrimoine","17":"tag-societe"},"share_on_mastodon":{"url":"https:\/\/pubeurope.com\/@fr\/115907922647878812","error":""},"_links":{"self":[{"href":"https:\/\/www.europesays.com\/fr\/wp-json\/wp\/v2\/posts\/668991","targetHints":{"allow":["GET"]}}],"collection":[{"href":"https:\/\/www.europesays.com\/fr\/wp-json\/wp\/v2\/posts"}],"about":[{"href":"https:\/\/www.europesays.com\/fr\/wp-json\/wp\/v2\/types\/post"}],"author":[{"embeddable":true,"href":"https:\/\/www.europesays.com\/fr\/wp-json\/wp\/v2\/users\/2"}],"replies":[{"embeddable":true,"href":"https:\/\/www.europesays.com\/fr\/wp-json\/wp\/v2\/comments?post=668991"}],"version-history":[{"count":0,"href":"https:\/\/www.europesays.com\/fr\/wp-json\/wp\/v2\/posts\/668991\/revisions"}],"wp:featuredmedia":[{"embeddable":true,"href":"https:\/\/www.europesays.com\/fr\/wp-json\/wp\/v2\/media\/668992"}],"wp:attachment":[{"href":"https:\/\/www.europesays.com\/fr\/wp-json\/wp\/v2\/media?parent=668991"}],"wp:term":[{"taxonomy":"category","embeddable":true,"href":"https:\/\/www.europesays.com\/fr\/wp-json\/wp\/v2\/categories?post=668991"},{"taxonomy":"post_tag","embeddable":true,"href":"https:\/\/www.europesays.com\/fr\/wp-json\/wp\/v2\/tags?post=668991"}],"curies":[{"name":"wp","href":"https:\/\/api.w.org\/{rel}","templated":true}]}}