{"id":668999,"date":"2026-01-17T01:52:14","date_gmt":"2026-01-17T01:52:14","guid":{"rendered":"https:\/\/www.europesays.com\/fr\/668999\/"},"modified":"2026-01-17T01:52:14","modified_gmt":"2026-01-17T01:52:14","slug":"hausse-de-la-mortalite-en-janvier-les-pompes-funebres-debordees-le-crematorium-surbooke-a-angouleme","status":"publish","type":"post","link":"https:\/\/www.europesays.com\/fr\/668999\/","title":{"rendered":"Hausse de la mortalit\u00e9 en janvier\u00a0: les pompes fun\u00e8bres d\u00e9bord\u00e9es, le cr\u00e9matorium surbook\u00e9 \u00e0 Angoul\u00eame"},"content":{"rendered":"<blockquote><p>\u00ab\u00a0On n\u2019est pas habitu\u00e9 \u00e0 autant de morts en si peu de temps.\u00a0\u00bb<\/p><\/blockquote>\n<p>Le constat est partag\u00e9 par ses coll\u00e8gues. \u00c0 Soyaux, Sophie Pouyade confirme que \u00ab\u00a0depuis 15 jours, \u00e7a n\u2019arr\u00eate pas. Ce sont beaucoup de personnes n\u00e9es dans les ann\u00e9es 40\u00a0\u00bb, avance-t-elle, en faisait r\u00e9f\u00e9rence au papy-boom. \u00ab\u00a0Pourtant, le taux de mortalit\u00e9 a baiss\u00e9 entre 12 et 14\u00a0% depuis le covid. Une baisse peut-\u00eatre due \u00e0 la vaccination, au fait que les gens font plus attention \u00e0 leur sant\u00e9\u00a0\u00bb, donne-t-elle en hypoth\u00e8se.\u00a0Un taux de mortalit\u00e9 en baisse \u00ab\u00a0sauf ce mois-ci\u00a0\u00bb.<\/p>\n<p>10 jours d\u2019attente au cr\u00e9matorium<\/p>\n<p>43\u00a0personnes sont d\u00e9c\u00e9d\u00e9es en d\u00e9cembre \u00e0 Angoul\u00eame. Quinze sont mortes entre le 1er et le 14\u00a0janvier. La Maison des obs\u00e8ques a comptabilis\u00e9 30 convois entre le 1er et 13\u00a0janvier, sur ses trois sites. \u00ab\u00a0C\u2019est une p\u00e9riode o\u00f9 l\u2019on doit g\u00e9rer beaucoup de d\u00e9c\u00e8s d\u2019un seul coup.\u00a0\u00bb En janvier 2025, Nicolas Jobit, de la maison fun\u00e9raire du m\u00eame nom \u00e0 La Couronne, en a comptabilis\u00e9 52. Et d\u00e9j\u00e0 34 entre le 1er et le 16\u00a0janvier 2026. \u00ab\u00a0La grippe a fatigu\u00e9 beaucoup de personnes \u00e2g\u00e9es.\u00a0\u00bb<\/p>\n<p>        <img decoding=\"async\" id=\"27416052\" src=\"https:\/\/www.europesays.com\/fr\/wp-content\/uploads\/2026\/01\/j-desbois-260114-035.jpg\" alt=\"Le deuxi\u00e8me four du cr\u00e9matorium, actuellement en travaux, sera op\u00e9rationnel en f\u00e9vrier.\" itemprop=\"contentURL\"\/><\/p>\n<p>    Le deuxi\u00e8me four du cr\u00e9matorium, actuellement en travaux, sera op\u00e9rationnel en f\u00e9vrier.<\/p>\n<p>Julie Desbois<\/p>\n<p>G\u00e9riatre \u00e0 Girac, C\u00e9line Baudemont confirme que \u00ab\u00a0l\u2019\u00e9pid\u00e9mie de grippe a conduit beaucoup de personnes en hospitalisation chez la population fragile. Ils ne meurent pas toujours de la grippe, mais des complications. Le syst\u00e8me respiratoire est souvent fragile. On vit plus confin\u00e9 en hiver, le syst\u00e8me immunitaire est plus faible et on se transmet plus de virus au moment des f\u00eates. D\u2019o\u00f9 l\u2019importance de la vaccination qui fait baisser le risque des formes s\u00e9v\u00e8res, rappelle la m\u00e9decin. Ce sont souvent les jeunes non vaccin\u00e9s qui transmettent. Il peut y avoir aussi une explication \u00e9pid\u00e9miologique par rapport \u00e0 l\u2019\u00e9volution normale de la pyramide des \u00e2ges.\u00a0\u00bb<\/p>\n<p>    La r\u00e9daction vous conseille<\/p>\n<p>La Direction de la recherche, des \u00e9tudes, de l\u2019\u00e9valuation et des statistiques indique qu\u2019au niveau national, en 2023, les cancers sont la premi\u00e8re cause de d\u00e9c\u00e8s (27\u00a0%).<\/p>\n<p>        <img decoding=\"async\" id=\"27416054\" src=\"https:\/\/www.europesays.com\/fr\/wp-content\/uploads\/2026\/01\/j-desbois-260114-041.jpg\" alt=\"Le deuxi\u00e8me four du cr\u00e9matorium actuellement en travaux sera op\u00e9rationnel en f\u00e9vrier.\" itemprop=\"contentURL\"\/><\/p>\n<p>    Le deuxi\u00e8me four du cr\u00e9matorium actuellement en travaux sera op\u00e9rationnel en f\u00e9vrier.<\/p>\n<p>Julie Desbois<\/p>\n<p>\u00c0 Angoul\u00eame, \u00e0 ce pic de d\u00e9c\u00e8s, s\u2019ajoute un autre ph\u00e9nom\u00e8ne\u00a0: une attente importante au cr\u00e9matorium des Trois-Ch\u00eanes, en travaux. \u00ab\u00a0Plus de dix jours d\u2019attente\u00a0\u00bb, confirme Laurent Lalue, le responsable de la structure, rue de Basseau. \u00ab\u00a0C\u2019est exceptionnel. On proc\u00e8de \u00e0 huit cr\u00e9mations par jour.\u00a0\u00bb Lui aussi a constat\u00e9 \u00ab\u00a0une hausse de d\u00e9c\u00e8s par rapport \u00e0 l\u2019ann\u00e9e derni\u00e8re\u00a0\u00bb. Cela tombe mal. Le cr\u00e9matorium fonctionne avec un seul four depuis le mois de mai. L\u2019autre est en travaux et la salle de c\u00e9r\u00e9monie est en phase d\u2019agrandissement (co\u00fbt des travaux\u00a0: 2,3 M\u20ac).<\/p>\n<p>Le cr\u00e9matorium a proc\u00e9d\u00e9 \u00e0 132 cr\u00e9mations en d\u00e9cembre 2025 (soit 16\u00a0% de plus qu\u2019en 2024) et 59 \u00e0 la mi-janvier 2026. \u00ab\u00a0Certains viennent des d\u00e9partements limitrophes\u00a0\u00bb, pr\u00e9cise Guillaume Chupin, \u00e9lu \u00e0 la vie quotidienne. Le deuxi\u00e8me four sera en fonctionnement \u00e0 partir de f\u00e9vrier. \u00ab\u00a0L\u2019attente va consid\u00e9rablement baisser\u00a0\u00bb, assure Laurent Lalue.<\/p>\n<p>    Combien co\u00fbtent<br \/>\ndes obs\u00e8ques\u00a0?<br \/>\nChez Nicolas Jobit \u00e0 La Couronne, un des derniers ind\u00e9pendants parmi la douzaine de centres fun\u00e9raires de l\u2019agglo, des obs\u00e8ques peuvent co\u00fbter entre 3\u00a0000 et 3 500\u20ac.<br \/>Cela comprend le cercueil (entre 400 et 2000\u20ac), la c\u00e9r\u00e9monie dans une salle pouvant accueillir 120\u00a0personnes, le transport du corps que l\u2019on va chercher \u00e0 l\u2019h\u00f4pital ou en maison de retraite, les d\u00e9marches administratives, le soin de conservation (280\u20ac), la location de la chambre fun\u00e9raire (un forfait de 310\u20ac pour une dur\u00e9e de 1 \u00e0 8 jours), l\u2019ouverture et la fermeture de la s\u00e9pulture au cimeti\u00e8re, le culte (225\u20ac remis \u00e0 l\u2019\u00e9v\u00each\u00e9) et la publication de l\u2019avis d\u2019obs\u00e8ques dans la presse (300\u20ac).<\/p>\n","protected":false},"excerpt":{"rendered":"\u00ab\u00a0On n\u2019est pas habitu\u00e9 \u00e0 autant de morts en si peu de temps.\u00a0\u00bb Le constat est partag\u00e9 par&hellip;\n","protected":false},"author":2,"featured_media":669000,"comment_status":"","ping_status":"","sticky":false,"template":"","format":"standard","meta":{"footnotes":""},"categories":[10],"tags":[1011,27,72,71],"class_list":{"0":"post-668999","1":"post","2":"type-post","3":"status-publish","4":"format-standard","5":"has-post-thumbnail","7":"category-sante","8":"tag-fr","9":"tag-france","10":"tag-health","11":"tag-sante"},"share_on_mastodon":{"url":"https:\/\/pubeurope.com\/@fr\/115907942513250507","error":""},"_links":{"self":[{"href":"https:\/\/www.europesays.com\/fr\/wp-json\/wp\/v2\/posts\/668999","targetHints":{"allow":["GET"]}}],"collection":[{"href":"https:\/\/www.europesays.com\/fr\/wp-json\/wp\/v2\/posts"}],"about":[{"href":"https:\/\/www.europesays.com\/fr\/wp-json\/wp\/v2\/types\/post"}],"author":[{"embeddable":true,"href":"https:\/\/www.europesays.com\/fr\/wp-json\/wp\/v2\/users\/2"}],"replies":[{"embeddable":true,"href":"https:\/\/www.europesays.com\/fr\/wp-json\/wp\/v2\/comments?post=668999"}],"version-history":[{"count":0,"href":"https:\/\/www.europesays.com\/fr\/wp-json\/wp\/v2\/posts\/668999\/revisions"}],"wp:featuredmedia":[{"embeddable":true,"href":"https:\/\/www.europesays.com\/fr\/wp-json\/wp\/v2\/media\/669000"}],"wp:attachment":[{"href":"https:\/\/www.europesays.com\/fr\/wp-json\/wp\/v2\/media?parent=668999"}],"wp:term":[{"taxonomy":"category","embeddable":true,"href":"https:\/\/www.europesays.com\/fr\/wp-json\/wp\/v2\/categories?post=668999"},{"taxonomy":"post_tag","embeddable":true,"href":"https:\/\/www.europesays.com\/fr\/wp-json\/wp\/v2\/tags?post=668999"}],"curies":[{"name":"wp","href":"https:\/\/api.w.org\/{rel}","templated":true}]}}