{"id":669007,"date":"2026-01-17T01:56:11","date_gmt":"2026-01-17T01:56:11","guid":{"rendered":"https:\/\/www.europesays.com\/fr\/669007\/"},"modified":"2026-01-17T01:56:11","modified_gmt":"2026-01-17T01:56:11","slug":"de-la-laicite-a-lhalalicite","status":"publish","type":"post","link":"https:\/\/www.europesays.com\/fr\/669007\/","title":{"rendered":"\u00ab\u00a0De la la\u00efcit\u00e9 \u00e0 l\u2019\u201chalalicit\u00e9\u201d\u00a0\u00bb"},"content":{"rendered":"<p>\n    <strong>CHRONIQUE &#8211;<\/strong> KFC a annonc\u00e9 convertir 24 de ses restaurants en France au halal. Comme si d\u00e9sormais ce n\u2019\u00e9tait plus les musulmans qui devaient s\u2019adapter \u00e0 la France, mais la France qui devait s\u2019adapter aux musulmans.<\/p>\n<p class=\"fig-paragraph\">On l\u2019a appris en d\u00e9but de semaine\u00a0:\u00a0<a href=\"http:\/\/www.lefigaro.fr\/vox\/societe\/offre-100-halal-quand-kfc-refuse-d-assumer-qu-il-repond-a-une-demande-religieuse-20260114\" data-fig-type=\"Article\" data-gtm-custom-categorie=\"navigation\" data-gtm-custom-action=\"crossclick\" data-gtm-custom-label=\"Contextuel\" data-gtm-event=\"customEventSPE\" data-fig-domain=\"LEFIGARO\" target=\"_blank\" rel=\"noopener\">KFC convertira 24 de ses restaurants en France au halal<\/a>. Simple d\u00e9cision commerciale, apparemment. La mani\u00e8re de justifier cette d\u00e9cision nous ram\u00e8ne imm\u00e9diatement \u00e0 la grande mutation d\u00e9mographique de notre temps. Car c\u2019est \u00e9videmment pour \u00ab\u00a0s\u2019adapter \u00e0 la diversit\u00e9\u00a0\u00bb que KFC change ses menus, et impose \u00e0 tous ceux qui fr\u00e9quenteront ces \u00e9tablissements, et il y en aura assur\u00e9ment d\u2019autres dans les ann\u00e9es \u00e0 venir, les pratiques alimentaires impos\u00e9es par\u00a0<a href=\"http:\/\/www.lefigaro.fr\/vox\/politique\/alexandre-devecchio-les-lecons-de-la-revolution-islamique-pour-la-france-20260115\" data-fig-type=\"Article\" data-gtm-custom-categorie=\"navigation\" data-gtm-custom-action=\"crossclick\" data-gtm-custom-label=\"Contextuel\" data-gtm-event=\"customEventSPE\" data-fig-domain=\"LEFIGARO\" target=\"_blank\" rel=\"noopener\">l\u2019islam<\/a>. Sur les territoires desservis par ces restaurants, on entrera donc en pays musulman.<\/p>\n<p class=\"fig-paragraph\">D\u2019autant que KFC n\u2019est pas la seule entreprise \u00e0 se convertir ainsi aux usages de la religion nouvelle. D\u2019autres grandes marques de fast-food participent au mouvement. \u00c9videmment, l\u2019adaptation \u00e0 la diversit\u00e9, concr\u00e8tement, correspond \u00e0 un consentement \u00e0\u00a0<a href=\"http:\/\/www.lefigaro.fr\/actualite-france\/l-ex-figure-francaise-de-l-etat-islamique-emilie-koenig-sera-jugee-du-26-au-30-novembre-a-paris-20260113\" data-fig-type=\"NewsFlash\" data-gtm-custom-categorie=\"navigation\" data-gtm-custom-action=\"crossclick\" data-gtm-custom-label=\"Contextuel\" data-gtm-event=\"customEventSPE\" data-fig-domain=\"LEFIGARO\" target=\"_blank\" rel=\"noopener\">l\u2019islamisation<\/a>. La pr\u00e9sence musulmane est telle, dans certains quartiers, toujours plus nombreux, qu\u2019il deviendrait commercialement intenable de ne pas\u2026<\/p>\n<p class=\"fig-premium-paywall__infos\">\n        Cet article est r\u00e9serv\u00e9 aux abonn\u00e9s.        Il vous reste 80% \u00e0 d\u00e9couvrir.\n    <\/p>\n<p>                <img  data- alt=\"Le Figaro\" class=\"fig-img--complete fig-img\"\/><\/p>\n<p class=\"fig-premium-paywall__title\">Le Figaro c\u00e9l\u00e8bre ses 200 ans<\/p>\n<p class=\"fig-premium-paywall__subtitle\">Offre anniversaire : 2\u20ac\/mois pendant 200 semaines<\/p>\n<p class=\"fig-premium-paywall__connect\">\n                D\u00e9j\u00e0 abonn\u00e9\u00a0?                <a class=\"fig-premium-paywall__connect-link\" href=\"https:\/\/connect.lefigaro.fr\/login?client=horizon_web&amp;type=main&amp;redirect_uri=https%3A%2F%2Fwww.lefigaro.fr%2Fvox%2Fsociete%2Fmathieu-bock-cote-de-la-laicite-a-l-halalicite-20260116\" data-js-gtm=\"{&quot;customCategorie&quot;: &quot;conversion&quot;, &quot;customAction&quot;: &quot;before_Landing_Connexion_paywall_auto&quot;, &quot;customLabel&quot;: &quot;bGVmaWdhcm8uZnJfXzFmMGYyY2FjLWE2YWItNjJmZS04ODZlLWMxMThlNjU3NDI0NF9fQXJ0aWNsZQ==_Mathieu Bock-C\u00f4t\u00e9\u00a0: \u00ab\u00a0De la la\u00efcit\u00e9 \u00e0 l\u2019\u201chalalicit\u00e9\u201d\u00a0\u00bb_404&quot;, &quot;customIDSPE&quot;: &quot;bGVmaWdhcm8uZnJfXzFmMGYyY2FjLWE2YWItNjJmZS04ODZlLWMxMThlNjU3NDI0NF9fQXJ0aWNsZQ==&quot;, &quot;event&quot;: &quot;customEventSPE&quot;}\" target=\"_blank\" rel=\"noopener\"><br \/>\n                    Connectez-vous<br \/>\n                <\/a>\n            <\/p>\n","protected":false},"excerpt":{"rendered":"CHRONIQUE &#8211; KFC a annonc\u00e9 convertir 24 de ses restaurants en France au halal. Comme si d\u00e9sormais ce&hellip;\n","protected":false},"author":2,"featured_media":669008,"comment_status":"","ping_status":"","sticky":false,"template":"","format":"standard","meta":{"footnotes":""},"categories":[6],"tags":[35,33,34,1011,27,25335,15430],"class_list":{"0":"post-669007","1":"post","2":"type-post","3":"status-publish","4":"format-standard","5":"has-post-thumbnail","7":"category-economie","8":"tag-business","9":"tag-economie","10":"tag-economy","11":"tag-fr","12":"tag-france","13":"tag-kfc","14":"tag-laicite"},"share_on_mastodon":{"url":"https:\/\/pubeurope.com\/@fr\/115907958168038500","error":""},"_links":{"self":[{"href":"https:\/\/www.europesays.com\/fr\/wp-json\/wp\/v2\/posts\/669007","targetHints":{"allow":["GET"]}}],"collection":[{"href":"https:\/\/www.europesays.com\/fr\/wp-json\/wp\/v2\/posts"}],"about":[{"href":"https:\/\/www.europesays.com\/fr\/wp-json\/wp\/v2\/types\/post"}],"author":[{"embeddable":true,"href":"https:\/\/www.europesays.com\/fr\/wp-json\/wp\/v2\/users\/2"}],"replies":[{"embeddable":true,"href":"https:\/\/www.europesays.com\/fr\/wp-json\/wp\/v2\/comments?post=669007"}],"version-history":[{"count":0,"href":"https:\/\/www.europesays.com\/fr\/wp-json\/wp\/v2\/posts\/669007\/revisions"}],"wp:featuredmedia":[{"embeddable":true,"href":"https:\/\/www.europesays.com\/fr\/wp-json\/wp\/v2\/media\/669008"}],"wp:attachment":[{"href":"https:\/\/www.europesays.com\/fr\/wp-json\/wp\/v2\/media?parent=669007"}],"wp:term":[{"taxonomy":"category","embeddable":true,"href":"https:\/\/www.europesays.com\/fr\/wp-json\/wp\/v2\/categories?post=669007"},{"taxonomy":"post_tag","embeddable":true,"href":"https:\/\/www.europesays.com\/fr\/wp-json\/wp\/v2\/tags?post=669007"}],"curies":[{"name":"wp","href":"https:\/\/api.w.org\/{rel}","templated":true}]}}