{"id":669011,"date":"2026-01-17T01:58:11","date_gmt":"2026-01-17T01:58:11","guid":{"rendered":"https:\/\/www.europesays.com\/fr\/669011\/"},"modified":"2026-01-17T01:58:11","modified_gmt":"2026-01-17T01:58:11","slug":"le-chantier-tourne-meme-la-nuit-et-incommode-les-riverains","status":"publish","type":"post","link":"https:\/\/www.europesays.com\/fr\/669011\/","title":{"rendered":"Le chantier tourne m\u00eame la nuit et incommode les riverains"},"content":{"rendered":"<p>Dans le <a href=\"https:\/\/www.20minutes.fr\/toulouse\/tarn\/\" target=\"_blank\" class=\"c-link c-link--is-underlined\" rel=\"noopener\">Tarn<\/a>, le chantier de l\u2019<a href=\"https:\/\/www.20minutes.fr\/societe\/projet-autoroute-a69\/\" target=\"_blank\" class=\"c-link c-link--is-underlined\" rel=\"noopener\">autoroute A69<\/a>, dont la mise en service est annonc\u00e9e pour octobre\u00a02026, s\u2019intensifie au point de provoquer une nouvelle vague de contestations. Selon <a href=\"https:\/\/france3-regions.franceinfo.fr\/occitanie\/tarn\/albi\/c-est-l-enfer-a-60-metres-de-leur-maison-le-chantier-de-l-autoroute-a69-se-poursuit-la-nuit-3281333.html\" rel=\"nofollow noopener\" target=\"_blank\" class=\"c-link c-link--is-underlined\">France 3 R\u00e9gions<\/a>, plusieurs habitants affirment que des travaux se poursuivent la nuit, en dehors des horaires normalement autoris\u00e9s.<\/p>\n<p>A Cambounet-sur-le-Sor, un couple vivant \u00e0 environ 60 m\u00e8tres du trac\u00e9 d\u00e9crit des nuisances sonores r\u00e9p\u00e9t\u00e9es apr\u00e8s 20 heures, parfois au-del\u00e0 de 22 heures, avec des cons\u00e9quences directes sur le sommeil et le quotidien. Des images attesteraient notamment d\u2019une activit\u00e9 de chantier encore en cours \u00e0 22h le 7\u00a0janvier 2026.<\/p>\n<\/p>\n<p>De nombreuses plaintes depuis\u00a02025<\/p>\n<p>Ces plaintes ne sont pas in\u00e9dites\u00a0: d\u00e8s octobre\u00a02025, des habitants de Montcabrier et plusieurs communes de <a href=\"https:\/\/www.20minutes.fr\/dossier\/haute-garonne\" target=\"_blank\" class=\"c-link c-link--is-underlined\" rel=\"noopener\">Haute-Garonne<\/a> avaient d\u00e9j\u00e0 signal\u00e9 des d\u00e9passements d\u2019horaires, entra\u00eenant le d\u00e9p\u00f4t de plaintes.<\/p>\n<p><a href=\"https:\/\/www.20minutes.fr\/societe\/projet-autoroute-a69\/\" target=\"_blank\" class=\"c-link c-btn c-btn--primary\" rel=\"noopener\">Notre dossier sur l&rsquo;A69<\/a><\/p>\n<p>D\u2019apr\u00e8s France 3 R\u00e9gions, aucune d\u00e9rogation officielle pour l\u2019extension des horaires n\u2019a pour l\u2019instant \u00e9t\u00e9 publi\u00e9e par la <a href=\"https:\/\/www.20minutes.fr\/dossier\/prefecture\" target=\"_blank\" class=\"c-link c-link--is-underlined\" rel=\"noopener\">pr\u00e9fecture<\/a> du Tarn. Une consultation a \u00e9t\u00e9 lanc\u00e9e d\u00e9but\u00a02026 aupr\u00e8s des 17 communes concern\u00e9es, et la majorit\u00e9 des \u00e9lus aurait rendu un avis d\u00e9favorable. La pr\u00e9fecture, sollicit\u00e9e, n\u2019a pas r\u00e9pondu.<\/p>\n","protected":false},"excerpt":{"rendered":"Dans le Tarn, le chantier de l\u2019autoroute A69, dont la mise en service est annonc\u00e9e pour octobre\u00a02026, s\u2019intensifie&hellip;\n","protected":false},"author":2,"featured_media":669012,"comment_status":"","ping_status":"","sticky":false,"template":"","format":"standard","meta":{"footnotes":""},"categories":[4],"tags":[47,11,1011,27,2722,2721,12,2901,293,2680,8411,25,104,8412,2086],"class_list":{"0":"post-669011","1":"post","2":"type-post","3":"status-publish","4":"format-standard","5":"has-post-thumbnail","7":"category-france","8":"tag-actualite","9":"tag-actualites","10":"tag-fr","11":"tag-france","12":"tag-haute-garonne","13":"tag-midi-pyrenees","14":"tag-news","15":"tag-nuisances-sonores","16":"tag-nuit","17":"tag-occitanie","18":"tag-projet-dautoroute-a69","19":"tag-republique-francaise","20":"tag-societe","21":"tag-tarn","22":"tag-travaux"},"share_on_mastodon":{"url":"https:\/\/pubeurope.com\/@fr\/115907966013020040","error":""},"_links":{"self":[{"href":"https:\/\/www.europesays.com\/fr\/wp-json\/wp\/v2\/posts\/669011","targetHints":{"allow":["GET"]}}],"collection":[{"href":"https:\/\/www.europesays.com\/fr\/wp-json\/wp\/v2\/posts"}],"about":[{"href":"https:\/\/www.europesays.com\/fr\/wp-json\/wp\/v2\/types\/post"}],"author":[{"embeddable":true,"href":"https:\/\/www.europesays.com\/fr\/wp-json\/wp\/v2\/users\/2"}],"replies":[{"embeddable":true,"href":"https:\/\/www.europesays.com\/fr\/wp-json\/wp\/v2\/comments?post=669011"}],"version-history":[{"count":0,"href":"https:\/\/www.europesays.com\/fr\/wp-json\/wp\/v2\/posts\/669011\/revisions"}],"wp:featuredmedia":[{"embeddable":true,"href":"https:\/\/www.europesays.com\/fr\/wp-json\/wp\/v2\/media\/669012"}],"wp:attachment":[{"href":"https:\/\/www.europesays.com\/fr\/wp-json\/wp\/v2\/media?parent=669011"}],"wp:term":[{"taxonomy":"category","embeddable":true,"href":"https:\/\/www.europesays.com\/fr\/wp-json\/wp\/v2\/categories?post=669011"},{"taxonomy":"post_tag","embeddable":true,"href":"https:\/\/www.europesays.com\/fr\/wp-json\/wp\/v2\/tags?post=669011"}],"curies":[{"name":"wp","href":"https:\/\/api.w.org\/{rel}","templated":true}]}}