{"id":669038,"date":"2026-01-17T02:15:17","date_gmt":"2026-01-17T02:15:17","guid":{"rendered":"https:\/\/www.europesays.com\/fr\/669038\/"},"modified":"2026-01-17T02:15:17","modified_gmt":"2026-01-17T02:15:17","slug":"genealogie-susanna-pfeffinger-lointaine-ancetre-dalbert-schweitzer","status":"publish","type":"post","link":"https:\/\/www.europesays.com\/fr\/669038\/","title":{"rendered":"G\u00e9n\u00e9alogie. Susanna Pfeffinger, lointaine anc\u00eatre d\u2019Albert Schweitzer"},"content":{"rendered":"<p>Les g\u00e9n\u00e9alogistes du Cercle g\u00e9n\u00e9alogique d\u2019Alsace (CGA) sont de tr\u00e8s attentifs observateurs de l\u2019actualit\u00e9 r\u00e9gionale. Bertrand Rietsch, qui fut longtemps pr\u00e9sident du CGA (Luc Adoneth lui a succ\u00e9d\u00e9) a lu avec int\u00e9r\u00eat <a href=\"https:\/\/www.dna.fr\/culture-loisirs\/2026\/01\/14\/un-rare-dessin-de-hans-baldung-grien-decouvert-en-alsace-conserve-par-ses-descendants-durant-500-ans-sqvz\" target=\"_blank\" rel=\"noopener\">notre article consacr\u00e9 au portrait r\u00e9alis\u00e9 par Hans Baldung Grien en 1517<\/a>. Une gravure qui repr\u00e9sente Susanna Pfeffinger et qui est rest\u00e9e conserv\u00e9e dans la m\u00eame famille pendant plus de 500 ans. Elle sera bient\u00f4t vendue aux ench\u00e8res \u00e0 Paris.<\/p>\n<p>Susanna Pfeffinger est n\u00e9e en 1465 et d\u00e9c\u00e9d\u00e9e en 1538. Elle a \u00e9pous\u00e9 Friedrich Prechter, commer\u00e7ant et banquier. Plus de quatre si\u00e8cles apr\u00e8s sa venue au monde, naissait \u00e0 Kaysersberg un futur prix Nobel de la Paix. Quel lien entre <a href=\"https:\/\/www.dna.fr\/p\/albert-schweitzer\" target=\"_blank\" rel=\"noopener\">Albert Schweitzer<\/a> et Susanna\u00a0? Les g\u00e9n\u00e9alogistes ont la r\u00e9ponse\u00a0: dans le dernier ouvrage du CGA, traitant de l\u2019ascendance du Dr\u00a0 Schweitzer, ils ont mis en \u00e9vidence le fait que Susanna Pfeffinger est une anc\u00eatre directe, \u00e0 la 15e g\u00e9n\u00e9ration, du Nobel de Gunsbach. \u00ab\u00a0Voil\u00e0 donc un scoop qui, peut-\u00eatre, pourra aider les d\u00e9cideurs et autres m\u00e9c\u00e8nes \u00e0 analyser cette gravure sous un aspect un peu plus patrimonial et qui touche toute l\u2019Alsace\u00a0\u00bb, s\u2019amuse Bertrand Rietsch. On ajoutera que le po\u00e8te et humaniste strasbourgeois <a href=\"https:\/\/www.dna.fr\/p\/sebastien-brant\" target=\"_blank\" rel=\"noopener\">S\u00e9bastien Brant<\/a> (1458-1521), tout comme Charlemagne (mort en 814) sont \u00e9galement des anc\u00eatres du bon docteur\u00a0!<\/p>\n<p class=\"note\">L\u2019ouvrage sur la g\u00e9n\u00e9alogie d\u2019Albert Schweitzer (plus de 400 pages) est en vente au si\u00e8ge du CGA, 41 rue Schweighaeuser, 67000 Strasbourg \u2013 03\u00a067\u00a007\u00a003\u00a070.<\/p>\n","protected":false},"excerpt":{"rendered":"Les g\u00e9n\u00e9alogistes du Cercle g\u00e9n\u00e9alogique d\u2019Alsace (CGA) sont de tr\u00e8s attentifs observateurs de l\u2019actualit\u00e9 r\u00e9gionale. Bertrand Rietsch, qui&hellip;\n","protected":false},"author":2,"featured_media":669039,"comment_status":"","ping_status":"","sticky":false,"template":"","format":"standard","meta":{"footnotes":""},"categories":[2820],"tags":[1111,11,2389,1687,1777,674,107,1011,27,775,937,12,2661,25,104,640,1631],"class_list":{"0":"post-669038","1":"post","2":"type-post","3":"status-publish","4":"format-standard","5":"has-post-thumbnail","7":"category-strasbourg","8":"tag-actu","9":"tag-actualites","10":"tag-alsace","11":"tag-culture-loisirs","12":"tag-eu","13":"tag-europe","14":"tag-fil-info","15":"tag-fr","16":"tag-france","17":"tag-grand-est","18":"tag-histoire","19":"tag-news","20":"tag-patrimoine-culturel","21":"tag-republique-francaise","22":"tag-societe","23":"tag-strasbourg","24":"tag-vie-associative"},"share_on_mastodon":{"url":"https:\/\/pubeurope.com\/@fr\/115908032828692586","error":""},"_links":{"self":[{"href":"https:\/\/www.europesays.com\/fr\/wp-json\/wp\/v2\/posts\/669038","targetHints":{"allow":["GET"]}}],"collection":[{"href":"https:\/\/www.europesays.com\/fr\/wp-json\/wp\/v2\/posts"}],"about":[{"href":"https:\/\/www.europesays.com\/fr\/wp-json\/wp\/v2\/types\/post"}],"author":[{"embeddable":true,"href":"https:\/\/www.europesays.com\/fr\/wp-json\/wp\/v2\/users\/2"}],"replies":[{"embeddable":true,"href":"https:\/\/www.europesays.com\/fr\/wp-json\/wp\/v2\/comments?post=669038"}],"version-history":[{"count":0,"href":"https:\/\/www.europesays.com\/fr\/wp-json\/wp\/v2\/posts\/669038\/revisions"}],"wp:featuredmedia":[{"embeddable":true,"href":"https:\/\/www.europesays.com\/fr\/wp-json\/wp\/v2\/media\/669039"}],"wp:attachment":[{"href":"https:\/\/www.europesays.com\/fr\/wp-json\/wp\/v2\/media?parent=669038"}],"wp:term":[{"taxonomy":"category","embeddable":true,"href":"https:\/\/www.europesays.com\/fr\/wp-json\/wp\/v2\/categories?post=669038"},{"taxonomy":"post_tag","embeddable":true,"href":"https:\/\/www.europesays.com\/fr\/wp-json\/wp\/v2\/tags?post=669038"}],"curies":[{"name":"wp","href":"https:\/\/api.w.org\/{rel}","templated":true}]}}