{"id":669040,"date":"2026-01-17T02:16:29","date_gmt":"2026-01-17T02:16:29","guid":{"rendered":"https:\/\/www.europesays.com\/fr\/669040\/"},"modified":"2026-01-17T02:16:29","modified_gmt":"2026-01-17T02:16:29","slug":"ligue-1-le-moral-en-berne-et-avec-un-entraineur-menace-le-fc-metz-debarque-a-strasbourg-pour-le-derby-retour","status":"publish","type":"post","link":"https:\/\/www.europesays.com\/fr\/669040\/","title":{"rendered":"Ligue 1 : le moral en berne et avec un entra\u00eeneur menac\u00e9, le FC Metz d\u00e9barque \u00e0 Strasbourg pour le derby retour"},"content":{"rendered":"<p>Ce dimanche, la lanterne rouge messine attaque, \u00e0 la Meinau, la phase retour de son championnat. Apr\u00e8s l&rsquo;humiliation contre Montpellier en Coupe de France, le club \u00e0 la Croix de Lorraine doit vite rebondir\u00a0! <\/p>\n<p><strong>Un derby de l&rsquo;Est sous pression<\/strong>\u00a0! Ce dimanche, l&rsquo;occasion de la 18e journ\u00e9e de la L1, la premi\u00e8re de la phase retour, le FC Metz (18e) se d\u00e9place chez son voisin et rival, le racing club de Strasbourg (7e).<\/p>\n<p>\u00c0 lire aussi   <img decoding=\"async\" src=\"https:\/\/www.europesays.com\/fr\/wp-content\/uploads\/2026\/01\/1768616187_945_400x400.jpeg\" alt=\"\" style=\"--_image-preview:url('data:image\/jpeg;base64,\/9j\/2wBDACgcHiMeGSgjISMtKygwPGRBPDc3PHtYXUlkkYCZlo+AjIqgtObDoKrarYqMyP\/L2u71\/\/\/\/m8H\/\/\/\/6\/+b9\/\/j\/2wBDASstLTw1PHZBQXb4pYyl+Pj4+Pj4+Pj4+Pj4+Pj4+Pj4+Pj4+Pj4+Pj4+Pj4+Pj4+Pj4+Pj4+Pj4+Pj4+Pj4+Pj\/wAARCAAXACoDASIAAhEBAxEB\/8QAFgABAQEAAAAAAAAAAAAAAAAAAgAB\/8QAFxABAQEBAAAAAAAAAAAAAAAAAAEREv\/EABYBAQEBAAAAAAAAAAAAAAAAAAABAv\/EABURAQEAAAAAAAAAAAAAAAAAAAAR\/9oADAMBAAIRAxEAPwBMpDQGswsWFUcXJyN5SoQ1IGY2RJApG4kyP\/\/Z');\" loading=\"lazy\" fetchpriority=\"low\" aria-hidden=\"true\" class=\"svelte-1cksh76 rounded\" onload=\"this.__e=event\" onerror=\"this.__e=event\"\/><\/p>\n<p>Apr\u00e8s leur piteuse \u00e9limination de dimanche dernier contre Montpellier (L2) en Coupe de France (0-4), les Grenats doivent se reprendre et montrer un autre visage. L&rsquo;avenir de leur coach St\u00e9phane Le Mignan en d\u00e9pend\u00a0!<\/p>\n<p>\u00c0 lire aussi   <img decoding=\"async\" src=\"https:\/\/www.europesays.com\/fr\/wp-content\/uploads\/2026\/01\/1768616188_842_400x400.jpeg\" alt=\"\" style=\"--_image-preview:url('data:image\/jpeg;base64,\/9j\/2wBDACgcHiMeGSgjISMtKygwPGRBPDc3PHtYXUlkkYCZlo+AjIqgtObDoKrarYqMyP\/L2u71\/\/\/\/m8H\/\/\/\/6\/+b9\/\/j\/2wBDASstLTw1PHZBQXb4pYyl+Pj4+Pj4+Pj4+Pj4+Pj4+Pj4+Pj4+Pj4+Pj4+Pj4+Pj4+Pj4+Pj4+Pj4+Pj4+Pj4+Pj\/wAARCAAXACoDASIAAhEBAxEB\/8QAGQAAAwEBAQAAAAAAAAAAAAAAAAEDAgQF\/8QAFxABAQEBAAAAAAAAAAAAAAAAAAERAv\/EABUBAQEAAAAAAAAAAAAAAAAAAAEC\/8QAFREBAQAAAAAAAAAAAAAAAAAAAAH\/2gAMAwEAAhEDEQA\/APLa5ZOELcLc1DmqSimK6NY0aFOM4ApDfNUlABh6WgBT\/9k=');\" loading=\"lazy\" fetchpriority=\"low\" aria-hidden=\"true\" class=\"svelte-1cksh76 rounded\" onload=\"this.__e=event\" onerror=\"this.__e=event\"\/><\/p>\n<p>C\u00f4t\u00e9 Alsacien, c&rsquo;est la premi\u00e8re \u00e0 la Meinau, du nouvel entra\u00eeneur anglais Gary O&rsquo;Neil, apr\u00e8s le d\u00e9part de son pr\u00e9d\u00e9cesseur, Liam Rosenior pour Chelsea. Le Racing qui n&rsquo;a plus gagn\u00e9 en L1, depuis le 9 novembre dernier.<\/p>\n<p>\u00c0 lire aussi   <img decoding=\"async\" src=\"https:\/\/www.europesays.com\/fr\/wp-content\/uploads\/2026\/01\/1768616189_653_400x400.jpeg\" alt=\"\" style=\"--_image-preview:url('data:image\/jpeg;base64,\/9j\/2wBDACgcHiMeGSgjISMtKygwPGRBPDc3PHtYXUlkkYCZlo+AjIqgtObDoKrarYqMyP\/L2u71\/\/\/\/m8H\/\/\/\/6\/+b9\/\/j\/2wBDASstLTw1PHZBQXb4pYyl+Pj4+Pj4+Pj4+Pj4+Pj4+Pj4+Pj4+Pj4+Pj4+Pj4+Pj4+Pj4+Pj4+Pj4+Pj4+Pj4+Pj\/wAARCAAXACoDASIAAhEBAxEB\/8QAFwABAQEBAAAAAAAAAAAAAAAAAAECA\/\/EABYQAQEBAAAAAAAAAAAAAAAAAAARAf\/EABYBAQEBAAAAAAAAAAAAAAAAAAABAv\/EABURAQEAAAAAAAAAAAAAAAAAAAAR\/9oADAMBAAIRAxEAPwDhFijdZIKACUoKgAAKJus0FR\/\/2Q==');\" loading=\"lazy\" fetchpriority=\"low\" aria-hidden=\"true\" class=\"svelte-1cksh76 rounded\" onload=\"this.__e=event\" onerror=\"this.__e=event\"\/>L&rsquo;entra\u00eeneur du FC Metz, St\u00e9phane Le Mignan, \u00e9voque la phase retour et ses attentes <\/p>\n<p>loading<\/p>\n<p>Groupe grenat\u00a0: retour de la CAN de Gbamin<\/p>\n<p>Deux joueurs du FC Metz sont incertains\u00a0: <strong>Alpha Tour\u00e9<\/strong>, victime d&rsquo;une b\u00e9quille \u00e0 la cuisse lors du dernier match perdu contre Montpellier et <strong>Boubacar Traor\u00e9<\/strong>, malade. Koffi Kouao sera suspendu \u00e0 la Meinau. En revanche, retour de <strong>Jean-Philippe Gbamin<\/strong>, le d\u00e9fenseur messin qui vient de participer \u00e0 la CAN, avec la C\u00f4te d&rsquo;Ivoire.<\/p>\n<ul>\n<li><strong>RCSA &#8211; FC Metz, avant-match d\u00e8s 14h30 sur ICI Lorraine ce dimanche, avec Thomas Jeangeorge, Thomas Lavaud et vous les auditeurs au 03 87 52 13 13<\/strong><\/li>\n<\/ul>\n","protected":false},"excerpt":{"rendered":"Ce dimanche, la lanterne rouge messine attaque, \u00e0 la Meinau, la phase retour de son championnat. Apr\u00e8s l&rsquo;humiliation&hellip;\n","protected":false},"author":2,"featured_media":669041,"comment_status":"","ping_status":"","sticky":false,"template":"","format":"standard","meta":{"footnotes":""},"categories":[2820],"tags":[1111,11,1777,674,1011,27,775,12,25,640],"class_list":{"0":"post-669040","1":"post","2":"type-post","3":"status-publish","4":"format-standard","5":"has-post-thumbnail","7":"category-strasbourg","8":"tag-actu","9":"tag-actualites","10":"tag-eu","11":"tag-europe","12":"tag-fr","13":"tag-france","14":"tag-grand-est","15":"tag-news","16":"tag-republique-francaise","17":"tag-strasbourg"},"share_on_mastodon":{"url":"https:\/\/pubeurope.com\/@fr\/115908036959080649","error":""},"_links":{"self":[{"href":"https:\/\/www.europesays.com\/fr\/wp-json\/wp\/v2\/posts\/669040","targetHints":{"allow":["GET"]}}],"collection":[{"href":"https:\/\/www.europesays.com\/fr\/wp-json\/wp\/v2\/posts"}],"about":[{"href":"https:\/\/www.europesays.com\/fr\/wp-json\/wp\/v2\/types\/post"}],"author":[{"embeddable":true,"href":"https:\/\/www.europesays.com\/fr\/wp-json\/wp\/v2\/users\/2"}],"replies":[{"embeddable":true,"href":"https:\/\/www.europesays.com\/fr\/wp-json\/wp\/v2\/comments?post=669040"}],"version-history":[{"count":0,"href":"https:\/\/www.europesays.com\/fr\/wp-json\/wp\/v2\/posts\/669040\/revisions"}],"wp:featuredmedia":[{"embeddable":true,"href":"https:\/\/www.europesays.com\/fr\/wp-json\/wp\/v2\/media\/669041"}],"wp:attachment":[{"href":"https:\/\/www.europesays.com\/fr\/wp-json\/wp\/v2\/media?parent=669040"}],"wp:term":[{"taxonomy":"category","embeddable":true,"href":"https:\/\/www.europesays.com\/fr\/wp-json\/wp\/v2\/categories?post=669040"},{"taxonomy":"post_tag","embeddable":true,"href":"https:\/\/www.europesays.com\/fr\/wp-json\/wp\/v2\/tags?post=669040"}],"curies":[{"name":"wp","href":"https:\/\/api.w.org\/{rel}","templated":true}]}}