{"id":669046,"date":"2026-01-17T02:20:30","date_gmt":"2026-01-17T02:20:30","guid":{"rendered":"https:\/\/www.europesays.com\/fr\/669046\/"},"modified":"2026-01-17T02:20:30","modified_gmt":"2026-01-17T02:20:30","slug":"le-fc-nantes-reve-dun-retour-en-fanfare-de","status":"publish","type":"post","link":"https:\/\/www.europesays.com\/fr\/669046\/","title":{"rendered":"Le FC Nantes r\u00eave d&rsquo;un retour en fanfare de\u2026"},"content":{"rendered":"<p>L\u2019ancien capitaine des Canaris Ludovic Blas (28 ans, 165 matchs\/21 buts de 2019 \u00e0 2023), actuellement rempla\u00e7ant au Stade Rennais sous Habib Beye (97 minutes sur les 5 derniers matchs de L1), suscite un vif int\u00e9r\u00eat pour un rapatriement au club de la Beaujoire, 16e de Ligue 1 avec 17 points apr\u00e8s 18 journ\u00e9es.<\/p>\n<p>Selon Mohamed Toubache-Ter, Nantes a sond\u00e9 Rennes il y a un mois, mais a essuy\u00e9 un refus cat\u00e9gorique : les Rouge et Noir ne sont pas vendeurs, exigeant un transfert sec valoris\u00e9 \u00e0 12-15 millions d\u2019euros.\u200b<\/p>\n<p>Blas, natif de Colombes et form\u00e9 \u00e0 Guingamp, traverse une p\u00e9riode d\u00e9licate \u00e0 Rennes (14 apparitions, 3 buts cette saison) sans titularisation depuis fin octobre, et n\u2019entre plus dans les plans offensifs du coach. Il n\u2019aurait pas \u00e9t\u00e9 oppos\u00e9 \u00e0 un retour \u00e0 Nantes, o\u00f9 il a remport\u00e9 la Coupe de France 2022 et incarnait le leadership, mais Rennes ferme la porte \u00e0 un pr\u00eat vers un rival hexagonal pour \u00e9viter de se renforcer indirectement. Le FC Nantes, actif avec les arriv\u00e9es de R\u00e9my Cabella (pr\u00eat), Ibrahima Sissoko et Deiver Machado, pivote vers d\u2019autres cibles comme Andrei Girotto.\u200b<\/p>\n<p>Ce dossier symbolique illustre les ambitions modestes mais cibl\u00e9es des Canaris d\u2019Ahmed Kantari pour le maintien : un leader cr\u00e9atif pour fluidifier le jeu (moyenne de 2,1 occasions par match \u00e0 Rennes). Valoris\u00e9 \u00e0 10 millions d\u2019euros par Transfermarkt, Blas (salaire 80.000\u20ac brut\/mois \u00e0 Nantes jadis) attend une opportunit\u00e9, potentiellement \u00e0 l\u2019\u00e9tranger (int\u00e9r\u00eat pass\u00e9 du Betis S\u00e9ville ou Stuttgart). Le mercato ferme le 2 f\u00e9vrier : Nantes se replie, mais le r\u00eave d\u2019un \u00ab\u00a0Blas 2.0\u00a0\u00bb persiste.\u200b<\/p>\n","protected":false},"excerpt":{"rendered":"L\u2019ancien capitaine des Canaris Ludovic Blas (28 ans, 165 matchs\/21 buts de 2019 \u00e0 2023), actuellement rempla\u00e7ant au&hellip;\n","protected":false},"author":2,"featured_media":669047,"comment_status":"","ping_status":"","sticky":false,"template":"","format":"standard","meta":{"footnotes":""},"categories":[2818],"tags":[1111,11,1777,674,1011,27,766,12,2636,25],"class_list":{"0":"post-669046","1":"post","2":"type-post","3":"status-publish","4":"format-standard","5":"has-post-thumbnail","7":"category-nantes","8":"tag-actu","9":"tag-actualites","10":"tag-eu","11":"tag-europe","12":"tag-fr","13":"tag-france","14":"tag-nantes","15":"tag-news","16":"tag-pays-de-la-loire","17":"tag-republique-francaise"},"share_on_mastodon":{"url":"https:\/\/pubeurope.com\/@fr\/115908052448078094","error":""},"_links":{"self":[{"href":"https:\/\/www.europesays.com\/fr\/wp-json\/wp\/v2\/posts\/669046","targetHints":{"allow":["GET"]}}],"collection":[{"href":"https:\/\/www.europesays.com\/fr\/wp-json\/wp\/v2\/posts"}],"about":[{"href":"https:\/\/www.europesays.com\/fr\/wp-json\/wp\/v2\/types\/post"}],"author":[{"embeddable":true,"href":"https:\/\/www.europesays.com\/fr\/wp-json\/wp\/v2\/users\/2"}],"replies":[{"embeddable":true,"href":"https:\/\/www.europesays.com\/fr\/wp-json\/wp\/v2\/comments?post=669046"}],"version-history":[{"count":0,"href":"https:\/\/www.europesays.com\/fr\/wp-json\/wp\/v2\/posts\/669046\/revisions"}],"wp:featuredmedia":[{"embeddable":true,"href":"https:\/\/www.europesays.com\/fr\/wp-json\/wp\/v2\/media\/669047"}],"wp:attachment":[{"href":"https:\/\/www.europesays.com\/fr\/wp-json\/wp\/v2\/media?parent=669046"}],"wp:term":[{"taxonomy":"category","embeddable":true,"href":"https:\/\/www.europesays.com\/fr\/wp-json\/wp\/v2\/categories?post=669046"},{"taxonomy":"post_tag","embeddable":true,"href":"https:\/\/www.europesays.com\/fr\/wp-json\/wp\/v2\/tags?post=669046"}],"curies":[{"name":"wp","href":"https:\/\/api.w.org\/{rel}","templated":true}]}}