{"id":669048,"date":"2026-01-17T02:21:14","date_gmt":"2026-01-17T02:21:14","guid":{"rendered":"https:\/\/www.europesays.com\/fr\/669048\/"},"modified":"2026-01-17T02:21:14","modified_gmt":"2026-01-17T02:21:14","slug":"pierre-hurmic-parraine-la-premiere-licence-de-langue-basque","status":"publish","type":"post","link":"https:\/\/www.europesays.com\/fr\/669048\/","title":{"rendered":"Pierre Hurmic parraine la premi\u00e8re licence de langue basque"},"content":{"rendered":"<p>Le maire de Bordeaux est le parrain de cette \u00ab\u00a0promotion\u00a0\u00bb historique de 35 \u00e9tudiants. Comme basque de naissance, il ne pouvait manquer l\u2019occasion de les accueillir chaleureusement. \u00ab\u00a0Je suis tr\u00e8s fier de la cr\u00e9ation de cette licence \u00e0 l\u2019heure o\u00f9 le repli sur soi gagne du terrain. C\u2019est une invitation au voyage, \u00e0 comprendre le monde.\u00a0\u00bb<\/p>\n<p>La LEA, qui fait partie de l\u2019Unit\u00e9 de formation et de recherche (UFR) langues et civilisation est \u00ab\u00a0compl\u00e8tement ouverte, pas r\u00e9serv\u00e9e aux \u00e9tudiants parlant basque\u00a0\u00bb, pr\u00e9cise Argia Ol\u00e7omendy, la responsable p\u00e9dagogique. Originaire du Pays basque o\u00f9 elle \u00e9tait en \u00e9cole bilingue, Emma a saisi l\u2019occasion de ce LEA \u00ab\u00a0pour s\u2019y remettre et pour me rapprocher encore un peu plus de ma culture\u00a0\u00bb.<\/p>\n<p>Tourn\u00e9s vers le commerce international<\/p>\n<p>Elles aussi \u00e9tudiantes, Ma\u00ebva et Camille n\u2019y ont pas d\u2019attaches et ont rejoint la licence par ricochet alors qu\u2019elles visaient plut\u00f4t des \u00e9tudes en espagnol. \u00ab\u00a0L\u2019enseignement est tr\u00e8s vaste, se f\u00e9licitent-elles, on apprend la langue, la grammaire mais aussi beaucoup d\u2019autres mati\u00e8res.\u00a0\u00bb<\/p>\n<p>Des cours d\u2019apprentissage des trois langues en font partie mais la formation propose aussi des enseignements li\u00e9s \u00e0 l\u2019entreprise, l\u2019\u00e9conomie, le droit, la g\u00e9opolitique, l\u2019informatique et le fran\u00e7ais. \u00ab\u00a0On forme essentiellement des cadres multilingues pour des emplois transfrontaliers dans le bassin d\u2019emplois entre Bordeaux et Bilbao\u00a0\u00bb, pr\u00e9cise Argia Ol\u00e7omendy.<\/p>\n","protected":false},"excerpt":{"rendered":"Le maire de Bordeaux est le parrain de cette \u00ab\u00a0promotion\u00a0\u00bb historique de 35 \u00e9tudiants. Comme basque de naissance,&hellip;\n","protected":false},"author":2,"featured_media":669049,"comment_status":"","ping_status":"","sticky":false,"template":"","format":"standard","meta":{"footnotes":""},"categories":[2817],"tags":[1111,11,1997,1777,674,1011,27,12,2219,25],"class_list":{"0":"post-669048","1":"post","2":"type-post","3":"status-publish","4":"format-standard","5":"has-post-thumbnail","7":"category-bordeaux","8":"tag-actu","9":"tag-actualites","10":"tag-bordeaux","11":"tag-eu","12":"tag-europe","13":"tag-fr","14":"tag-france","15":"tag-news","16":"tag-nouvelle-aquitaine","17":"tag-republique-francaise"},"share_on_mastodon":{"url":"https:\/\/pubeurope.com\/@fr\/115908056411059112","error":""},"_links":{"self":[{"href":"https:\/\/www.europesays.com\/fr\/wp-json\/wp\/v2\/posts\/669048","targetHints":{"allow":["GET"]}}],"collection":[{"href":"https:\/\/www.europesays.com\/fr\/wp-json\/wp\/v2\/posts"}],"about":[{"href":"https:\/\/www.europesays.com\/fr\/wp-json\/wp\/v2\/types\/post"}],"author":[{"embeddable":true,"href":"https:\/\/www.europesays.com\/fr\/wp-json\/wp\/v2\/users\/2"}],"replies":[{"embeddable":true,"href":"https:\/\/www.europesays.com\/fr\/wp-json\/wp\/v2\/comments?post=669048"}],"version-history":[{"count":0,"href":"https:\/\/www.europesays.com\/fr\/wp-json\/wp\/v2\/posts\/669048\/revisions"}],"wp:featuredmedia":[{"embeddable":true,"href":"https:\/\/www.europesays.com\/fr\/wp-json\/wp\/v2\/media\/669049"}],"wp:attachment":[{"href":"https:\/\/www.europesays.com\/fr\/wp-json\/wp\/v2\/media?parent=669048"}],"wp:term":[{"taxonomy":"category","embeddable":true,"href":"https:\/\/www.europesays.com\/fr\/wp-json\/wp\/v2\/categories?post=669048"},{"taxonomy":"post_tag","embeddable":true,"href":"https:\/\/www.europesays.com\/fr\/wp-json\/wp\/v2\/tags?post=669048"}],"curies":[{"name":"wp","href":"https:\/\/api.w.org\/{rel}","templated":true}]}}