{"id":669050,"date":"2026-01-17T02:22:15","date_gmt":"2026-01-17T02:22:15","guid":{"rendered":"https:\/\/www.europesays.com\/fr\/669050\/"},"modified":"2026-01-17T02:22:15","modified_gmt":"2026-01-17T02:22:15","slug":"les-herbiers-bordeaux-le-groupe-des-girondins-pour-la-15e-journee-de-national-2-avec-abou-ba","status":"publish","type":"post","link":"https:\/\/www.europesays.com\/fr\/669050\/","title":{"rendered":"Les Herbiers-Bordeaux : le groupe des Girondins pour la 15e journ\u00e9e de National 2 avec Abou Ba"},"content":{"rendered":"<p><img decoding=\"async\" src=\"https:\/\/www.europesays.com\/fr\/wp-content\/uploads\/2025\/08\/671_654f6bd6bd8f10315d0a7db305628ae1.jpg\" alt=\"Les Herbiers-Bordeaux : le groupe des Girondins pour la 15e journ\u00e9e de National 2 avec Abou Ba\" class=\"img-responsive mt-3\"\/><\/p>\n<p class=\"text-center mb-3\" style=\"font-size: 14px\">\u00a9 Iconsport<\/p>\n<p>      <strong>Le groupe des Girondins de Bordeaux face aux Herbiers<\/strong><\/p>\n<p><strong>Gardiens<\/strong>\u00a0: Diabat\u00e9, Hoekstra<\/p>\n<p><strong>D\u00e9fenseurs<\/strong> : Grillot, Droehnl\u00e9, Besse, Trichard<\/p>\n<p><strong>Milieux<\/strong>\u00a0: Diop, Odru, Diagouraga, Ba<\/p>\n<p><strong>Attaquants<\/strong> : Bahassa, Manna\u00ef, Shamal, Openda, Etonde, Villette, Arn\u00e9<\/p>\n<p><strong>Absents<\/strong> : Vandenabeele (choix), El Hajjam (suspendu) Beugre (choix), Ciss\u00e9 (convalescence), Moreau Nguyen (choix), Rocrou (choix), Merdji (choix), Jousselin (choix).<\/p>\n<p>\u00c0 lire aussi &gt;&gt;\u00a0<strong><a href=\"https:\/\/www.webgirondins.com\/actualite-mercato-n2-bras-de-fer-autour-de-nassim-sabihi-avranches-ferme-la-porte-au-mercato-131815\" target=\"_blank\" rel=\"noopener\">N2 : bras de fer autour de Nassim Sabihi, Avranches ferme la porte au mercato<\/a><\/strong><\/p>\n<p>Notre podcast court sur l&rsquo;actu des Girondins \u00e0 \u00e9couter :<\/p>\n<p>\u00a0<\/p>\n<p>\u00a0<\/p>\n","protected":false},"excerpt":{"rendered":"\u00a9 Iconsport Le groupe des Girondins de Bordeaux face aux Herbiers Gardiens\u00a0: Diabat\u00e9, Hoekstra D\u00e9fenseurs : Grillot, Droehnl\u00e9,&hellip;\n","protected":false},"author":2,"featured_media":292567,"comment_status":"","ping_status":"","sticky":false,"template":"","format":"standard","meta":{"footnotes":""},"categories":[2817],"tags":[37154,1111,11,3396,1997,3474,1777,674,2823,1011,27,1987,2705,14979,3465,15920,3238,12,2219,471,25,3982,2858],"class_list":{"0":"post-669050","1":"post","2":"type-post","3":"status-publish","4":"format-standard","5":"has-post-thumbnail","7":"category-bordeaux","8":"tag-abou","9":"tag-actu","10":"tag-actualites","11":"tag-avec","12":"tag-bordeaux","13":"tag-decouvrez","14":"tag-eu","15":"tag-europe","16":"tag-face","17":"tag-fr","18":"tag-france","19":"tag-girondins","20":"tag-groupe","21":"tag-herbiers","22":"tag-journee","23":"tag-massabielle","24":"tag-national","25":"tag-news","26":"tag-nouvelle-aquitaine","27":"tag-pour","28":"tag-republique-francaise","29":"tag-samedi","30":"tag-stade"},"share_on_mastodon":{"url":"https:\/\/pubeurope.com\/@fr\/115908060404572864","error":""},"_links":{"self":[{"href":"https:\/\/www.europesays.com\/fr\/wp-json\/wp\/v2\/posts\/669050","targetHints":{"allow":["GET"]}}],"collection":[{"href":"https:\/\/www.europesays.com\/fr\/wp-json\/wp\/v2\/posts"}],"about":[{"href":"https:\/\/www.europesays.com\/fr\/wp-json\/wp\/v2\/types\/post"}],"author":[{"embeddable":true,"href":"https:\/\/www.europesays.com\/fr\/wp-json\/wp\/v2\/users\/2"}],"replies":[{"embeddable":true,"href":"https:\/\/www.europesays.com\/fr\/wp-json\/wp\/v2\/comments?post=669050"}],"version-history":[{"count":0,"href":"https:\/\/www.europesays.com\/fr\/wp-json\/wp\/v2\/posts\/669050\/revisions"}],"wp:featuredmedia":[{"embeddable":true,"href":"https:\/\/www.europesays.com\/fr\/wp-json\/wp\/v2\/media\/292567"}],"wp:attachment":[{"href":"https:\/\/www.europesays.com\/fr\/wp-json\/wp\/v2\/media?parent=669050"}],"wp:term":[{"taxonomy":"category","embeddable":true,"href":"https:\/\/www.europesays.com\/fr\/wp-json\/wp\/v2\/categories?post=669050"},{"taxonomy":"post_tag","embeddable":true,"href":"https:\/\/www.europesays.com\/fr\/wp-json\/wp\/v2\/tags?post=669050"}],"curies":[{"name":"wp","href":"https:\/\/api.w.org\/{rel}","templated":true}]}}