{"id":669051,"date":"2026-01-17T02:23:12","date_gmt":"2026-01-17T02:23:12","guid":{"rendered":"https:\/\/www.europesays.com\/fr\/669051\/"},"modified":"2026-01-17T02:23:12","modified_gmt":"2026-01-17T02:23:12","slug":"reportage-pollution-de-leau-aux-chlorates-pres-de-toulouse-3-000-bouteilles-distribuees-dans-34-communes-pour-proteger-les-enfants","status":"publish","type":"post","link":"https:\/\/www.europesays.com\/fr\/669051\/","title":{"rendered":"REPORTAGE. Pollution de l\u2019eau aux chlorates pr\u00e8s de Toulouse\u00a0: 3\u00a0000 bouteilles distribu\u00e9es dans 34 communes pour prot\u00e9ger les enfants"},"content":{"rendered":"<p>\n                                                                    l&rsquo;essentiel<br \/>\n                                                                Face \u00e0 l\u2019interdiction de consommer une eau pr\u00e9sentant un surplus de chlorates, les 34 communes du Syndicat intercommunal des eaux des coteaux du Touch (SIECT) doivent s\u2019organiser. Exemple \u00e0 B\u00e9rat.\n                            <\/p>\n<p>\u00ab\u00a0Il ne s\u2019agit pas d\u2019un risque sanitaire imm\u00e9diat, mais d\u2019un risque potentiel chez les jeunes enfants de moins de 14\u00a0kg, dans le cadre d\u2019une exposition r\u00e9p\u00e9t\u00e9e et prolong\u00e9e.\u00a0\u00bb C\u2019est le principal message destin\u00e9 \u00e0 rassurer, lanc\u00e9 depuis jeudi 15\u00a0janvier \u00e0 leurs populations par 34 maires, dont les communes seraient touch\u00e9es peu ou prou par une pollution de leur eau potable aux chlorates. En cause, des rejets dans la Garonne \u2013 et donc dans le canal de Saint-Martory reli\u00e9 au fleuve et qui vient alimenter l\u2019usine d\u2019eau du Fousseret-\u00a0de chlorates dus \u00e0 l\u2019exploitation de l\u2019entreprise Fibre Excellence de Saint-Gaudens. \u00ab\u00a0Toute eau contient des chlorates. L\u00e0, c\u2019est le d\u00e9passement du seuil normal qui est en cause. Mais on esp\u00e8re que tout va rentrer dans la normale\u00a0\u00bb, indique Paul-Marie Blanc, le maire de B\u00e9rat, l\u2019une des 34 communes arros\u00e9es par le Syndicat intercommunal des eaux des coteaux du Touch (SIECT). On rappelle que l\u2019eau est interdite \u00e0 la consommation, pour les plus jeunes donc, jusqu\u2019\u00e0 mardi 20\u00a0janvier inclus.<\/p>\n<p>3000 bouteilles distribu\u00e9es<\/p>\n<p>Si la nouvelle d\u2019une pollution \u00e0 l\u2019eau n\u2019a, dans un premier temps, pas manqu\u00e9 d\u2019effrayer la population, l\u2019organisation et la solidarit\u00e9 ont imm\u00e9diatement \u00e9t\u00e9 de mise. \u00ab\u00a0Notre syndicat des eaux, mais aussi tous les maires concern\u00e9s par cette restriction ont appel\u00e9 et pr\u00e9venu les familles ayant de tr\u00e8s jeunes enfants, ainsi que les cr\u00e8ches et les \u00e9coles\u00a0\u00bb, souligne Paul-Marie Blanc. Lui-m\u00eame s\u2019est rendu dans les \u00e9coles de son village pour s\u2019assurer que des bouteilles d\u2019eau de substitution (souvent de la Cristalline, eau la moins ch\u00e8re) \u00e9taient sur les tables de la cantine scolaire. Tous les \u00e9l\u00e8ves, de la plus petite classe de maternelle, jusqu\u2019\u00e0 la Grande Section, ne boivent que de l\u2019eau de bouteille, jusqu\u2019\u00e0 mardi, jour o\u00f9 l\u2019Agence r\u00e9gionale de sant\u00e9 communiquera sur les nouvelles analyses effectu\u00e9es sur les derniers pr\u00e9l\u00e8vements.<\/p>\n<p>L\u2019approvisionnement en eau a pu s\u2019effectuer de mani\u00e8re satisfaisante, gr\u00e2ce \u00e0 une belle cha\u00eene de solidarit\u00e9, sachant que des r\u00e9serves existaient d\u00e9j\u00e0 dans les \u00e9coles ou les cr\u00e8ches. Et les villages les plus petits ou les plus retir\u00e9s du secteur, comme Fustignac ou Polastron, ont pu eux aussi b\u00e9n\u00e9ficier de la ressource vitale. Il devrait en \u00eatre de m\u00eame tout au long du week-end o\u00f9 la distribution de packs d\u2019eau va se poursuivre.<\/p>\n<p>\u00ab\u00a0\u00c0 l\u2019avenir, et pour pallier ce genre d\u2019incident, l\u2019id\u00e9e serait de faire un maillage entre l\u2019usine du Fousseret et celle de Caz\u00e8res, pour secourir un secteur qui aurait besoin d\u2019eau, tant en quantit\u00e9 qu\u2019en qualit\u00e9 le cas \u00e9ch\u00e9ant\u00a0\u00bb, pr\u00e9cise Paul-Marie Blanc.<\/p>\n","protected":false},"excerpt":{"rendered":"l&rsquo;essentiel Face \u00e0 l\u2019interdiction de consommer une eau pr\u00e9sentant un surplus de chlorates, les 34 communes du Syndicat&hellip;\n","protected":false},"author":2,"featured_media":669052,"comment_status":"","ping_status":"","sticky":false,"template":"","format":"standard","meta":{"footnotes":""},"categories":[2816],"tags":[1111,11,436,1777,674,1011,27,329,2722,76894,12,2680,1800,25,2312],"class_list":{"0":"post-669051","1":"post","2":"type-post","3":"status-publish","4":"format-standard","5":"has-post-thumbnail","7":"category-toulouse","8":"tag-actu","9":"tag-actualites","10":"tag-environnement","11":"tag-eu","12":"tag-europe","13":"tag-fr","14":"tag-france","15":"tag-france-monde","16":"tag-haute-garonne","17":"tag-lefousseret","18":"tag-news","19":"tag-occitanie","20":"tag-pollution","21":"tag-republique-francaise","22":"tag-toulouse"},"share_on_mastodon":{"url":"https:\/\/pubeurope.com\/@fr\/115908064245006547","error":""},"_links":{"self":[{"href":"https:\/\/www.europesays.com\/fr\/wp-json\/wp\/v2\/posts\/669051","targetHints":{"allow":["GET"]}}],"collection":[{"href":"https:\/\/www.europesays.com\/fr\/wp-json\/wp\/v2\/posts"}],"about":[{"href":"https:\/\/www.europesays.com\/fr\/wp-json\/wp\/v2\/types\/post"}],"author":[{"embeddable":true,"href":"https:\/\/www.europesays.com\/fr\/wp-json\/wp\/v2\/users\/2"}],"replies":[{"embeddable":true,"href":"https:\/\/www.europesays.com\/fr\/wp-json\/wp\/v2\/comments?post=669051"}],"version-history":[{"count":0,"href":"https:\/\/www.europesays.com\/fr\/wp-json\/wp\/v2\/posts\/669051\/revisions"}],"wp:featuredmedia":[{"embeddable":true,"href":"https:\/\/www.europesays.com\/fr\/wp-json\/wp\/v2\/media\/669052"}],"wp:attachment":[{"href":"https:\/\/www.europesays.com\/fr\/wp-json\/wp\/v2\/media?parent=669051"}],"wp:term":[{"taxonomy":"category","embeddable":true,"href":"https:\/\/www.europesays.com\/fr\/wp-json\/wp\/v2\/categories?post=669051"},{"taxonomy":"post_tag","embeddable":true,"href":"https:\/\/www.europesays.com\/fr\/wp-json\/wp\/v2\/tags?post=669051"}],"curies":[{"name":"wp","href":"https:\/\/api.w.org\/{rel}","templated":true}]}}