{"id":669053,"date":"2026-01-17T02:24:30","date_gmt":"2026-01-17T02:24:30","guid":{"rendered":"https:\/\/www.europesays.com\/fr\/669053\/"},"modified":"2026-01-17T02:24:30","modified_gmt":"2026-01-17T02:24:30","slug":"depuis-toulouse-corsair-ouvre-lacces-a-plusieurs-destinations-de-locean-indien","status":"publish","type":"post","link":"https:\/\/www.europesays.com\/fr\/669053\/","title":{"rendered":"Depuis Toulouse, Corsair ouvre l\u2019acc\u00e8s \u00e0 plusieurs destinations de l\u2019oc\u00e9an Indien"},"content":{"rendered":"<p>Corsair enrichit son r\u00e9seau long-courrier et annonce l\u2019ouverture d\u2019une nouvelle desserte Toulouse \u2013 La R\u00e9union\u00a0\u00e0 compter du 15 juin 2026.<\/p>\n<p>Cette nouvelle liaison sera\u00a0op\u00e9r\u00e9e deux fois par semaine, chaque\u00a0lundi et chaque mercredi, en Airbus A330neo afin de proposer des parcours plus simples, sans passage syst\u00e9matique par Paris.<\/p>\n<p>Cette \u00e9volution du programme permettra d\u00e9sormais aux voyageurs toulousains et de la r\u00e9gion Occitanie de b\u00e9n\u00e9ficier d\u2019un acc\u00e8s direct et r\u00e9gulier \u00e0 La R\u00e9union, ainsi que de liaisons directes ou avec correspondance vers Mayotte et, d\u2019ici la fin du mois de janvier, vers l\u2019\u00eele Maurice selon la saisonnalit\u00e9.<\/p>\n<p>Cette \u00e9volution du r\u00e9seau permet \u00e9galement \u00e0 Corsair de consolider son programme vers l\u2019oc\u00e9an Indien en s\u2019appuyant sur une flotte enti\u00e8rement compos\u00e9e d\u2019Airbus A330neo, l\u2019une des plus r\u00e9centes d\u2019Europe et du monde. Corsair est la seule compagnie a\u00e9rienne \u00e0 desservir les Outre-mer au d\u00e9part de la province.<\/p>\n<p>Les horaires de cette nouvelle liaison\u00a0pour la saison \u00e9t\u00e9 :<\/p>\n<p><a href=\"https:\"><strong>Lundi et mercredi<\/strong><\/a><\/p>\n<ul>\n<li>D\u00e9part de Toulouse : 19h00<\/li>\n<li>Arriv\u00e9e \u00e0 La R\u00e9union (via Marseille) : 10h15 (J+1)<\/li>\n<li>Correspondances depuis La R\u00e9union\u00a0:<\/li>\n<\/ul>\n<p>o\u00a0\u00a0\u00a0Mayotte : arriv\u00e9e \u00e0 13h20 (J+1)<\/p>\n<p><strong>Dimanche et mardi<\/strong><\/p>\n<ul>\n<li>D\u00e9part de Mayotte \u00e0 16h25<\/li>\n<li>D\u00e9part de La R\u00e9union \u00e0 22h00<\/li>\n<li>Arriv\u00e9e \u00e0 Toulouse (via Marseille) \u00e0 9h20 (J+1)<\/li>\n<\/ul>\n<p>Cette ouverture s\u2019inscrit dans la volont\u00e9 de Corsair de proposer une offre de mobilit\u00e9 \u00e9tendue depuis les r\u00e9gions fran\u00e7aises vers les Outre-mer, en s\u2019appuyant sur une flotte 100 % Airbus A330neo, l\u2019une des plus r\u00e9centes au\u00a0monde, garantissant un haut niveau de confort et de performance environnementale.<\/p>\n<p>Les billets sont propos\u00e9s \u00e0 partir de 681 \u20ac TTC aller\/retour, disponibles d\u00e8s aujourd\u2019hui sur\u00a0<a href=\"https:\/\/www.flycorsair.com\/fr\" data-saferedirecturl=\"https:\/\/www.google.com\/url?q=https:\/\/www.flycorsair.com\/fr&amp;source=gmail&amp;ust=1768640781316000&amp;usg=AOvVaw3eyWte55pOVqcNDhmKoIrd\" target=\"_blank\" rel=\"noopener\">https:\/\/www.flycorsair.com\/fr<\/a>\u00a0et en agences de voyages.<\/p>\n<p>Information pour les clients au d\u00e9part de Lyon<\/p>\n<p>Cette nouvelle ligne remplace le ligne Lyon-La R\u00e9union.<strong>\u00a0<\/strong>Corsair rappelle que les clients ayant r\u00e9serv\u00e9 un voyage au d\u00e9part de Lyon \u00e0 compter du 15 juin 2026 b\u00e9n\u00e9ficieront d\u2019une solution d\u2019acheminement garantie vers Marseille, leur permettant de rejoindre leur vol dans les meilleures conditions. Ils pourront utiliser leur billet sans frais suppl\u00e9mentaires gr\u00e2ce aux solutions TGV Air, ou opter pour un remboursement int\u00e9gral de leur billet.<\/p>\n<p>\u00c0 plus long terme, les voyageurs lyonnais continueront de pouvoir voyager avec Corsair gr\u00e2ce aux solutions TGV Air permettant de rejoindre l\u2019a\u00e9roport de Paris-Orly, principal hub long-courrier de la compagnie.<\/p>\n<p>Texte fourni par le service presse de Corsair.<\/p>\n","protected":false},"excerpt":{"rendered":"Corsair enrichit son r\u00e9seau long-courrier et annonce l\u2019ouverture d\u2019une nouvelle desserte Toulouse \u2013 La R\u00e9union\u00a0\u00e0 compter du 15&hellip;\n","protected":false},"author":2,"featured_media":669054,"comment_status":"","ping_status":"","sticky":false,"template":"","format":"standard","meta":{"footnotes":""},"categories":[2816],"tags":[1111,11,7675,40898,1777,674,1011,27,12,2680,25,2312,2692],"class_list":{"0":"post-669053","1":"post","2":"type-post","3":"status-publish","4":"format-standard","5":"has-post-thumbnail","7":"category-toulouse","8":"tag-actu","9":"tag-actualites","10":"tag-aerien","11":"tag-corsair","12":"tag-eu","13":"tag-europe","14":"tag-fr","15":"tag-france","16":"tag-news","17":"tag-occitanie","18":"tag-republique-francaise","19":"tag-toulouse","20":"tag-vols"},"share_on_mastodon":{"url":"https:\/\/pubeurope.com\/@fr\/115908068273703952","error":""},"_links":{"self":[{"href":"https:\/\/www.europesays.com\/fr\/wp-json\/wp\/v2\/posts\/669053","targetHints":{"allow":["GET"]}}],"collection":[{"href":"https:\/\/www.europesays.com\/fr\/wp-json\/wp\/v2\/posts"}],"about":[{"href":"https:\/\/www.europesays.com\/fr\/wp-json\/wp\/v2\/types\/post"}],"author":[{"embeddable":true,"href":"https:\/\/www.europesays.com\/fr\/wp-json\/wp\/v2\/users\/2"}],"replies":[{"embeddable":true,"href":"https:\/\/www.europesays.com\/fr\/wp-json\/wp\/v2\/comments?post=669053"}],"version-history":[{"count":0,"href":"https:\/\/www.europesays.com\/fr\/wp-json\/wp\/v2\/posts\/669053\/revisions"}],"wp:featuredmedia":[{"embeddable":true,"href":"https:\/\/www.europesays.com\/fr\/wp-json\/wp\/v2\/media\/669054"}],"wp:attachment":[{"href":"https:\/\/www.europesays.com\/fr\/wp-json\/wp\/v2\/media?parent=669053"}],"wp:term":[{"taxonomy":"category","embeddable":true,"href":"https:\/\/www.europesays.com\/fr\/wp-json\/wp\/v2\/categories?post=669053"},{"taxonomy":"post_tag","embeddable":true,"href":"https:\/\/www.europesays.com\/fr\/wp-json\/wp\/v2\/tags?post=669053"}],"curies":[{"name":"wp","href":"https:\/\/api.w.org\/{rel}","templated":true}]}}