{"id":669055,"date":"2026-01-17T02:25:25","date_gmt":"2026-01-17T02:25:25","guid":{"rendered":"https:\/\/www.europesays.com\/fr\/669055\/"},"modified":"2026-01-17T02:25:25","modified_gmt":"2026-01-17T02:25:25","slug":"la-region-hauts%e2%80%90de%e2%80%90france-se-reve-en-nouvel-eldorado-de-lindustrie-de-la-defense","status":"publish","type":"post","link":"https:\/\/www.europesays.com\/fr\/669055\/","title":{"rendered":"La r\u00e9gion Hauts\u2010de\u2010France se r\u00eave en nouvel Eldorado de l\u2019industrie de la d\u00e9fense"},"content":{"rendered":"<p>\u00ab\u202fIl faut qu\u2019on continue de battre le fer tant qu\u2019il est chaud, que le monde \u00e9conomique et politique avancent ensemble. Aujourd\u2019hui, dans ce contexte d\u2019inqui\u00e9tude, il y a une place \u00e0 prendre.\u202f\u00bb Le pr\u00e9sident de la r\u00e9gion Hauts\u2010de\u2010France Xavier Bertrand d\u00e9roule son discours devant une vingtaine d\u2019entrepreneurs locaux r\u00e9unis sur le campus du Medef (Mouvement des entreprises de France), \u00e0 Marcq\u2010en\u2010Bar\u0153ul.<\/p>\n<p>Apr\u00e8s les batteries \u00e9lectriques et les data centers, il a une nouvelle obsession\u00a0: investir dans le domaine de la d\u00e9fense pour faire de la r\u00e9gion un acteur de premier plan, \u00e0 l\u2019heure o\u00f9 le gouvernement pousse \u00e0 l\u2019acc\u00e9l\u00e9ration de la production d\u2019armements dans un contexte g\u00e9opolitique incertain.\u00a0<\/p>\n<p>\u00ab\u202fInstaurer une efficience industrielle\u202f\u00bb\u202f; \u00ab\u202ffaire face \u00e0 des d\u00e9lais de production plus courts et \u00e0 une augmentation de la cadence\u202f\u00bb\u00a0: les objectifs de la Direction g\u00e9n\u00e9rale de l\u2019armement (DGA) list\u00e9s par Pierre Foulquier, sous\u2010directeur cha\u00eenes d\u2019approvisionnement et territoires \u00e0 la direction de l\u2019industrie de d\u00e9fense, suscitent de l\u2019espoir chez un certain nombre de dirigeants d\u2019entreprise locaux qui se voient bien monter dans le TGV d\u2019un secteur promis \u00e0 une croissance certaine. Mais ces espoirs pourraient bien vite \u00eatre douch\u00e9s, alors que les barri\u00e8res \u00e0 l\u2019entr\u00e9e restent nombreuses.<\/p>\n<p>L\u2019opportunit\u00e9 est aussi per\u00e7ue par Xavier Bertrand, qui se mobilise sur la question depuis plusieurs mois. Celui que Yann Orpin, vice\u2010pr\u00e9sident du Medef, qualifie de \u00ab\u202fg\u00e9n\u00e9ral civil\u202f\u00bb, a multipli\u00e9 les annonces et les \u00e9v\u00e9nements autour de l\u2019industrie de la d\u00e9fense. En juin dernier, le conseil r\u00e9gional adopte ainsi le \u201cPass Drones\u201d, un programme d\u2019accompagnement visant \u00e0 structurer cette \u00ab\u202ffili\u00e8re strat\u00e9gique, \u00e0 la crois\u00e9e de l\u2019innovation, de la s\u00e9curit\u00e9 et de la souverainet\u00e9 industrielle\u202f\u00bb.<\/p>\n<p>Une premi\u00e8re subvention \u2013 pour 30 000 euros \u2013 de ce projet \u00e0 400 000 euros est accord\u00e9e \u00e0 la jeune start\u2010up du Pas\u2010de\u2010Calais Asterodyn, qui produit \u00ab\u202fles drones qui vont les plus vite au monde\u202f\u00bb (jusqu\u2019\u00e0 400 kilom\u00e8tres heure) et qui \u00ab\u202fentend \u00e9largir sa gamme vers des applications militaires\u202f\u00bb, en implantant une nouvelle soci\u00e9t\u00e9 \u00e0 Villeneuve\u2011d\u2019Ascq.<br \/>250 millions d\u2019euros<br \/>Quelques jours plus tard, le 24 juin 2025, les repr\u00e9sentants de l\u2019Etat viennent assister \u00e0 Chantilly (Oise) aux assises r\u00e9gionales de la d\u00e9fense, co\u2010organis\u00e9es avec la R\u00e9gion, la Chambre du commerce et d\u2019industrie (CCI) ainsi qu\u2019Entreprises et cit\u00e9s. L\u00a0\u2026<\/p>\n<p>Nous vous offrons l\u2019acc\u00e8s \u00e0 cet article<\/p>\n<p>Et \u00e0 toutes nos enqu\u00eates pendant deux jours\u00a0\u00a0! <br \/>Oui, on est g\u00e9n\u00e9reux \ud83d\ude09 Mais pensez aussi \u00e0 <a href=\"https:\/\/www.mediacites.fr\/sabonner\/\" target=\"_blank\" style=\"color:#fff\" rel=\"noopener\">vous abonner<\/a>\u00a0\u00a0!<\/p>\n<p>\t\tEn renseignant votre adresse, vous acceptez nos <a href=\"https:\/\/www.mediacites.fr\/conditions-generales-d-utilisation\/\" target=\"_blank\" rel=\"noopener\">conditions g\u00e9n\u00e9rales d\u2019utilisation<\/a>. <br \/>Mediacit\u00e9s s\u2019engage \u00e0 ne pas c\u00e9der votre adresse \u00e0 des tiers. En cas d\u2019\u00e9chec, \u00e9crivez \u00e0 <a href=\"https:\/\/www.mediacites.fr\/enquete\/lille\/2026\/01\/15\/la-region-hauts%E2%80%90de%E2%80%90france-se-reve-en-nouvel-eldorado-de-lindustrie-de-la-defense\/mailto:contact@mediacites.fr\" target=\"_blank\" rel=\"noopener\">contact@mediacites.fr<\/a><\/p>\n<ul>\n<li>J\u2019acc\u00e8de aux 4 \u00e9ditions de Mediacit\u00e9s (Lille, Lyon, Nantes et Toulouse)<\/li>\n<li>Je d\u00e9couvre un m\u00e9dia 100 % ind\u00e9pendant, avec 0 % de publicit\u00e9<\/li>\n<\/ul>\n<p>Envie de lire la\u00a0suite\u202f?<\/p>\n<p>Depuis neuf ans, Mediacit\u00e9s enqu\u00eate en toute ind\u00e9pendance dans votre ville. Gr\u00e2ce \u00e0 ses lecteurs\u202f! Abonnez\u2010vous pour ne rien manquer de nos enqu\u00eates, suivre les \u00e9lections municipales et soutenir un journal local d\u2019investigation.<\/p>\n<ul>\n<li>Acc\u00e8s aux 4 \u00e9ditions de Mediacit\u00e9s (Lille, Lyon, Nantes et Toulouse)<\/li>\n<li>100 % ind\u00e9pendant, avec 0 % de publicit\u00e9<\/li>\n<li>R\u00e9siliation facile \u00e0 tout moment<\/li>\n<\/ul>\n<p>Mediacit\u00e9s offre l\u2019acc\u00e8s \u00e0 cet article aux lecteurs de News2Com<\/p>\n<p>Et \u00e0 toutes nos enqu\u00eates pendant deux jours\u00a0\u00a0! <br \/>Oui, on est g\u00e9n\u00e9reux \ud83d\ude09 Mais pensez aussi \u00e0 <a href=\"https:\/\/www.mediacites.fr\/sabonner\/\" target=\"_blank\" style=\"color:#fff\" rel=\"noopener\">vous abonner<\/a>\u00a0\u00a0!<\/p>\n<p>\t\tEn renseignant votre adresse, vous acceptez nos <a href=\"https:\/\/www.mediacites.fr\/conditions-generales-d-utilisation\/\" target=\"_blank\" rel=\"noopener\">conditions g\u00e9n\u00e9rales d\u2019utilisation<\/a>. <br \/>Mediacit\u00e9s s\u2019engage \u00e0 ne pas c\u00e9der votre adresse \u00e0 des tiers. En cas d\u2019\u00e9chec, \u00e9crivez \u00e0 <a href=\"https:\/\/www.mediacites.fr\/enquete\/lille\/2026\/01\/15\/la-region-hauts%E2%80%90de%E2%80%90france-se-reve-en-nouvel-eldorado-de-lindustrie-de-la-defense\/mailto:contact@mediacites.fr\" target=\"_blank\" rel=\"noopener\">contact@mediacites.fr<\/a><\/p>\n<ul>\n<li>J\u2019acc\u00e8de aux 4 \u00e9ditions de Mediacit\u00e9s (Lille, Lyon, Nantes et Toulouse)<\/li>\n<li>Je d\u00e9couvre un m\u00e9dia 100 % ind\u00e9pendant, avec 0 % de publicit\u00e9<\/li>\n<\/ul>\n","protected":false},"excerpt":{"rendered":"\u00ab\u202fIl faut qu\u2019on continue de battre le fer tant qu\u2019il est chaud, que le monde \u00e9conomique et politique&hellip;\n","protected":false},"author":2,"featured_media":669056,"comment_status":"","ping_status":"","sticky":false,"template":"","format":"standard","meta":{"footnotes":""},"categories":[2815],"tags":[1111,11,25666,14179,554,21228,1018,1067,1777,674,1011,27,811,693,1307,3579,23194,12,76895,25,15431],"class_list":{"0":"post-669055","1":"post","2":"type-post","3":"status-publish","4":"format-standard","5":"has-post-thumbnail","7":"category-lille","8":"tag-actu","9":"tag-actualites","10":"tag-armees","11":"tag-cci","12":"tag-defense","13":"tag-eco","14":"tag-economie-de-guerre","15":"tag-enquete","16":"tag-eu","17":"tag-europe","18":"tag-fr","19":"tag-france","20":"tag-hauts-de-france","21":"tag-industrie","22":"tag-lille","23":"tag-militaire","24":"tag-ministere-des-armees","25":"tag-news","26":"tag-region-hauts-de-france","27":"tag-republique-francaise","28":"tag-xavier-bertrand"},"share_on_mastodon":{"url":"https:\/\/pubeurope.com\/@fr\/115908072210319288","error":""},"_links":{"self":[{"href":"https:\/\/www.europesays.com\/fr\/wp-json\/wp\/v2\/posts\/669055","targetHints":{"allow":["GET"]}}],"collection":[{"href":"https:\/\/www.europesays.com\/fr\/wp-json\/wp\/v2\/posts"}],"about":[{"href":"https:\/\/www.europesays.com\/fr\/wp-json\/wp\/v2\/types\/post"}],"author":[{"embeddable":true,"href":"https:\/\/www.europesays.com\/fr\/wp-json\/wp\/v2\/users\/2"}],"replies":[{"embeddable":true,"href":"https:\/\/www.europesays.com\/fr\/wp-json\/wp\/v2\/comments?post=669055"}],"version-history":[{"count":0,"href":"https:\/\/www.europesays.com\/fr\/wp-json\/wp\/v2\/posts\/669055\/revisions"}],"wp:featuredmedia":[{"embeddable":true,"href":"https:\/\/www.europesays.com\/fr\/wp-json\/wp\/v2\/media\/669056"}],"wp:attachment":[{"href":"https:\/\/www.europesays.com\/fr\/wp-json\/wp\/v2\/media?parent=669055"}],"wp:term":[{"taxonomy":"category","embeddable":true,"href":"https:\/\/www.europesays.com\/fr\/wp-json\/wp\/v2\/categories?post=669055"},{"taxonomy":"post_tag","embeddable":true,"href":"https:\/\/www.europesays.com\/fr\/wp-json\/wp\/v2\/tags?post=669055"}],"curies":[{"name":"wp","href":"https:\/\/api.w.org\/{rel}","templated":true}]}}