{"id":669057,"date":"2026-01-17T02:26:12","date_gmt":"2026-01-17T02:26:12","guid":{"rendered":"https:\/\/www.europesays.com\/fr\/669057\/"},"modified":"2026-01-17T02:26:12","modified_gmt":"2026-01-17T02:26:12","slug":"le-psg-lemporte-largement-contre-lille-et-reprend-la-tete-de-la-ligue-1","status":"publish","type":"post","link":"https:\/\/www.europesays.com\/fr\/669057\/","title":{"rendered":"Le PSG l\u2019emporte largement contre Lille et reprend la t\u00eate de la Ligue 1"},"content":{"rendered":"<p>                      <img loading=\"lazy\" decoding=\"async\" src=\"https:\/\/www.europesays.com\/fr\/wp-content\/uploads\/2026\/01\/2977752_ftp-1-unq2ot45qa6s-5902353-01-06.jpg\" alt=\"Ousmane Demb\u00e9l\u00e9, auteur d\u2019un doubl\u00e9 face \u00e0 Lille, au Parc des Princes, \u00e0 Paris, le 16\u00a0janvier\u00a02026.\"   width=\"664\" height=\"443\"\/>    Ousmane Demb\u00e9l\u00e9, auteur d\u2019un doubl\u00e9 face \u00e0 Lille, au Parc des Princes, \u00e0 Paris, le 16\u00a0janvier\u00a02026.  ANNE-CHRISTINE POUJOULAT \/ AFP                          <\/p>\n<p class=\"article__paragraph  \">Une victoire et \u00e7a repart. Quatre jours apr\u00e8s son \u00e9limination en Coupe de France par le Paris FC, le Paris Saint-Germain l\u2019a largement emport\u00e9 contre Lille (3-0), vendredi 16\u00a0janvier, gr\u00e2ce \u00e0 un magnifique doubl\u00e9 d\u2019Ousmane Demb\u00e9l\u00e9 et \u00e0 un but de Bradley Barcola. Une victoire bienvenue \u00e0 quatre jours d\u2019un d\u00e9placement \u00e0 Lisbonne en Ligue des champions.<\/p>\n<p class=\"article__paragraph  \">Pour deux points, le champion de France en titre reprend provisoirement la t\u00eate de la Ligue 1 devant Lens, qui accueille Auxerre samedi.<\/p>\n<p class=\"article__paragraph  \">Preuve de la tension qui r\u00e9gnait dans les rangs du club parisien apr\u00e8s son \u00e9chec en Coupe de France, l\u2019entra\u00eeneur Luis Enrique a perdu son calme, r\u00e9primandant un joueur ou pestant contre le quatri\u00e8me arbitre, qui lui demandait de ne pas d\u00e9passer sa zone technique.<\/p>\n<p>                                       Lire aussi |  <a href=\"https:\/\/www.lemonde.fr\/sport\/article\/2026\/01\/13\/le-paris-fc-s-offre-le-luxe-d-eliminer-le-psg-de-la-coupe-de-france_6661681_3242.html\" class=\"js-article-read-also catcher--favoris__link\" data-premium=\"\" id=\"article-title-3454373\" target=\"_blank\" rel=\"noopener\">Le Paris FC s\u2019offre le\u00a0luxe d\u2019\u00e9liminer le\u00a0PSG de\u00a0la\u00a0Coupe de France<\/a>    <\/p>\n<p>   Lire plus tard  <\/p>\n<p class=\"article__paragraph  \">Mais le Ballon d\u2019Or Ousmane Demb\u00e9l\u00e9 s\u2019est charg\u00e9 de tranquilliser tout le monde d\u2019un doubl\u00e9 retentissant, deux beaux buts \u00e0 des instants-cl\u00e9s. A la 13e minute, alors que Lille r\u00e9alisait un bon d\u00e9but de match, le num\u00e9ro\u00a010 a exp\u00e9di\u00e9 sa frappe lointaine sur le poteau rentrant de Berke \u00d6zer, qui avait pourtant d\u00e9pli\u00e9 son m\u00e8tre 91.<\/p>\n<p class=\"article__paragraph  \">Puis \u00e0 la 64e minute, il a mis fin \u00e0 une longue p\u00e9riode de maladresse parisienne dans la surface en lobant \u00d6zer. \u00ab\u00a0C\u2019est un but de Playstation, quand tu prends tous les boutons en m\u00eame temps\u00a0\u00bb, a salu\u00e9 Luis Enrique. C\u00e9l\u00e9br\u00e9 par un Parc des Princes en fusion, Demb\u00e9l\u00e9 r\u00e9pondait ainsi \u00e0 Olivier Giroud, qui avait lui-m\u00eame lob\u00e9 Lucas Chevalier d\u00e8s l\u2019entame, avant que le ballon ne tape la barre transversale (2e).<\/p>\n<p class=\"article__paragraph  \">En r\u00e9ussite vendredi, contrairement \u00e0 sa premi\u00e8re partie de saison mitig\u00e9e, le gardien parisien a repouss\u00e9 plusieurs tentatives lilloises, dont l\u2019une d\u2019Ethan Mbapp\u00e9, qui a achev\u00e9 de r\u00e9veiller le club h\u00f4te au d\u00e9but du match (6e).<\/p>\n<p>                    Bradley Barcola buteur                    <\/p>\n<p class=\"article__paragraph  \">Le r\u00e9cital d\u2019Ousmane Demb\u00e9l\u00e9, tr\u00e8s en jambes jusqu\u2019\u00e0 son remplacement en fin de match, est la confirmation de son embellie des derni\u00e8res semaines, apr\u00e8s des mois de blessures et de m\u00e9forme. Une excellente nouvelle pour Paris, qui apparaissait \u00e0 court d\u2019id\u00e9es et d\u2019\u00e9nergie ces derni\u00e8res semaines, apr\u00e8s une premi\u00e8re partie de saison valeureuse malgr\u00e9 une infirmerie remplie.<\/p>\n<p> Newsletter  <\/p>\n<p> <a href=\"https:\/\/www.lemonde.fr\/newsletters\/sport\/\" class=\"inread__link js-services-inread-link\" target=\"_blank\" rel=\"noopener\">  <\/p>\n<p>\u00ab Sport \u00bb<\/p>\n<p>Enqu\u00eates, reportages, analyses : l&rsquo;actualit\u00e9 du sport dans votre bo\u00eete e-mail chaque samedi<\/p>\n<p>S&rsquo;inscrire<\/p>\n<p> <\/a>          <\/p>\n<p> Le Monde Guides d\u2019achat  <\/p>\n<p> <a href=\"https:\/\/www.lemonde.fr\/guides-d-achat\/article\/2018\/06\/30\/les-meilleurs-antivols-pour-attacher-son-velo_5323670_5306571.html\" class=\"inread__link js-services-inread-link\" target=\"_blank\" rel=\"noopener\">  <\/p>\n<p>Cadenas de v\u00e9lo<\/p>\n<p>Les meilleurs cadenas de v\u00e9lo<\/p>\n<p>Lire<\/p>\n<p> <\/a>      <\/p>\n<p> Newsletter  <\/p>\n<p> <a href=\"https:\/\/www.lemonde.fr\/newsletters\/sport\/\" class=\"inread__link js-services-inread-link\" target=\"_blank\" rel=\"noopener\">  <\/p>\n<p>\u00ab Sport \u00bb<\/p>\n<p>Enqu\u00eates, reportages, analyses : l&rsquo;actualit\u00e9 du sport dans votre bo\u00eete e-mail chaque samedi<\/p>\n<p>S&rsquo;inscrire<\/p>\n<p> <\/a>             <\/p>\n<p class=\"article__paragraph  \">\u00ab\u00a0Ce que j\u2019esp\u00e8re d\u2019Ousmane, c\u2019est plus que juste marquer un ou deux ou trois buts, mais c\u2019est sa capacit\u00e9 \u00e0 mener l\u2019aspect d\u00e9fensif, et sur \u00e7a il faut que toute l\u2019\u00e9quipe s\u2019am\u00e9liore\u00a0\u00bb, a pr\u00e9venu le coach du PSG.<\/p>\n<p class=\"article__paragraph  \">De fait, si le reste de l\u2019\u00e9quipe a \u00e9t\u00e9 solide vendredi, il s\u2019est parfois montr\u00e9 un peu terne, \u00e0 l\u2019image de D\u00e9sir\u00e9 Dou\u00e9, plusieurs fois mis en \u00e9chec, ou de Khvicha Kvaratskhelia, aux dribbles st\u00e9riles.<\/p>\n<p class=\"article__paragraph  \">En revanche, Senny Mayulu a mis fin \u00e0 une p\u00e9riode m\u00e9diocre en r\u00e9cup\u00e9rant le ballon sur le premier but, tout comme Bradley Barcola, qui a marqu\u00e9 sur une erreur de l\u2019arri\u00e8re-garde lilloise en toute fin de match. Quant \u00e0 Warren Za\u00efre-Emery, il a poursuivi sur sa bonne lanc\u00e9e, d\u2019abord en lat\u00e9ral puis au milieu.<\/p>\n<p class=\"article__paragraph  \">Contre le Sporting Portugal, mardi, en Ligue des champions, le PSG devra \u00eatre encore plus d\u00e9termin\u00e9 \u00e0 prouver, comme le disait Luis Enrique jeudi, qu\u2019il est \u00ab\u00a0la m\u00eame \u00e9quipe\u00a0\u00bb qu\u2019en\u00a02025.<\/p>\n<p>                                       Lire aussi |  Article r\u00e9serv\u00e9 \u00e0 nos abonn\u00e9s  <a href=\"https:\/\/www.lemonde.fr\/sport\/article\/2026\/01\/09\/psg-om-les-parisiens-remportent-le-trophee-des-champions-a-l-issue-d-un-match-au-scenario-renversant_6661082_3242.html\" class=\"js-article-read-also catcher--favoris__link\" data-premium=\"1\" id=\"article-title-3453879\" target=\"_blank\" rel=\"noopener\">PSG-OM\u00a0: les Parisiens remportent le Troph\u00e9e des champions \u00e0 l\u2019issue d\u2019un match au sc\u00e9nario renversant<\/a>    <\/p>\n<p>   Lire plus tard  <\/p>\n<p class=\"author__detail\">  Le Monde avec AFP  <\/p>\n","protected":false},"excerpt":{"rendered":"Ousmane Demb\u00e9l\u00e9, auteur d\u2019un doubl\u00e9 face \u00e0 Lille, au Parc des Princes, \u00e0 Paris, le 16\u00a0janvier\u00a02026. ANNE-CHRISTINE POUJOULAT&hellip;\n","protected":false},"author":2,"featured_media":669058,"comment_status":"","ping_status":"","sticky":false,"template":"","format":"standard","meta":{"footnotes":""},"categories":[2815],"tags":[1111,11,1777,674,1011,27,811,1307,12,25],"class_list":{"0":"post-669057","1":"post","2":"type-post","3":"status-publish","4":"format-standard","5":"has-post-thumbnail","7":"category-lille","8":"tag-actu","9":"tag-actualites","10":"tag-eu","11":"tag-europe","12":"tag-fr","13":"tag-france","14":"tag-hauts-de-france","15":"tag-lille","16":"tag-news","17":"tag-republique-francaise"},"share_on_mastodon":{"url":"https:\/\/pubeurope.com\/@fr\/115908076098846863","error":""},"_links":{"self":[{"href":"https:\/\/www.europesays.com\/fr\/wp-json\/wp\/v2\/posts\/669057","targetHints":{"allow":["GET"]}}],"collection":[{"href":"https:\/\/www.europesays.com\/fr\/wp-json\/wp\/v2\/posts"}],"about":[{"href":"https:\/\/www.europesays.com\/fr\/wp-json\/wp\/v2\/types\/post"}],"author":[{"embeddable":true,"href":"https:\/\/www.europesays.com\/fr\/wp-json\/wp\/v2\/users\/2"}],"replies":[{"embeddable":true,"href":"https:\/\/www.europesays.com\/fr\/wp-json\/wp\/v2\/comments?post=669057"}],"version-history":[{"count":0,"href":"https:\/\/www.europesays.com\/fr\/wp-json\/wp\/v2\/posts\/669057\/revisions"}],"wp:featuredmedia":[{"embeddable":true,"href":"https:\/\/www.europesays.com\/fr\/wp-json\/wp\/v2\/media\/669058"}],"wp:attachment":[{"href":"https:\/\/www.europesays.com\/fr\/wp-json\/wp\/v2\/media?parent=669057"}],"wp:term":[{"taxonomy":"category","embeddable":true,"href":"https:\/\/www.europesays.com\/fr\/wp-json\/wp\/v2\/categories?post=669057"},{"taxonomy":"post_tag","embeddable":true,"href":"https:\/\/www.europesays.com\/fr\/wp-json\/wp\/v2\/tags?post=669057"}],"curies":[{"name":"wp","href":"https:\/\/api.w.org\/{rel}","templated":true}]}}