{"id":669061,"date":"2026-01-17T02:28:20","date_gmt":"2026-01-17T02:28:20","guid":{"rendered":"https:\/\/www.europesays.com\/fr\/669061\/"},"modified":"2026-01-17T02:28:20","modified_gmt":"2026-01-17T02:28:20","slug":"candidature-de-franck-allisio-a-lelection-municipale-de-marseillele-discours-de-marine-le-pen-rn","status":"publish","type":"post","link":"https:\/\/www.europesays.com\/fr\/669061\/","title":{"rendered":"Candidature de Franck Allisio \u00e0 l&rsquo;\u00e9lection municipale de Marseille:le discours de Marine Le Pen (RN)"},"content":{"rendered":"<p>Candidature de Franck Allisio \u00e0 l&rsquo;\u00e9lection municipale de Marseille:le discours de Marine Le Pen (RN)Sur le m\u00eame sujet<a href=\"https:\/\/www.bfmtv.com\/politique\/video-discours-de-sebastien-lecornu-il-y-a-plein-de-sujets-qui-ne-sont-pas-mis-sur-la-table-explique-aleksandar-nikolic-depute-europeen-rn_VN-202601160938.html\" title=\"Discours de S\u00e9bastien Lecornu: &quot;Il y a plein de sujets qui ne sont pas mis sur la table&quot;, explique Aleksandar Nikolic, d\u00e9put\u00e9 europ\u00e9en (RN)\" target=\"_blank\" rel=\"noopener\"><img width=\"16\" height=\"9\" class=\"lozad\"  alt=\"Discours de S\u00e9bastien Lecornu: &quot;Il y a plein de sujets qui ne sont pas mis sur la table&quot;, explique Aleksandar Nikolic, d\u00e9put\u00e9 europ\u00e9en (RN)\"\/>1:40Discours de S\u00e9bastien Lecornu: \u00ab\u00a0Il y a plein de sujets qui ne sont pas mis sur la table\u00a0\u00bb, explique Aleksandar Nikolic, d\u00e9put\u00e9 europ\u00e9en (RN)<\/a><a href=\"https:\/\/www.bfmtv.com\/politique\/video-discours-de-sebastien-lecornu-on-a-une-classe-politique-en-ruine-denonce-patrick-vignal-porte-parole-de-renaissance_VN-202601160935.html\" title=\"Discours de S\u00e9bastien Lecornu: &quot;On a une classe politique en ruine&quot;, d\u00e9nonce Patrick Vignal, porte-parole de Renaissance\" target=\"_blank\" rel=\"noopener\"><img width=\"16\" height=\"9\" class=\"lozad\"  alt=\"Discours de S\u00e9bastien Lecornu: &quot;On a une classe politique en ruine&quot;, d\u00e9nonce Patrick Vignal, porte-parole de Renaissance\"\/>1:04Discours de S\u00e9bastien Lecornu: \u00ab\u00a0On a une classe politique en ruine\u00a0\u00bb, d\u00e9nonce Patrick Vignal, porte-parole de Renaissance<\/a><a href=\"https:\/\/www.bfmtv.com\/politique\/video-discours-de-sebastien-lecornu-le-desaccord-que-j-ai-c-est-que-ce-budget-a-un-probleme-de-recettes-explique-alexis-corbiere-depute-ecologiste-et-social_VN-202601160927.html\" title=\"Discours de S\u00e9bastien Lecornu: &quot;Le d\u00e9saccord que j&#039;ai, c&#039;est que ce budget a un probl\u00e8me de recettes&quot;, explique Alexis Corbi\u00e8re, d\u00e9put\u00e9 (\u00c9cologiste et Social)\" target=\"_blank\" rel=\"noopener\"><img width=\"16\" height=\"9\" class=\"lozad\"  alt=\"Discours de S\u00e9bastien Lecornu: &quot;Le d\u00e9saccord que j'ai, c'est que ce budget a un probl\u00e8me de recettes&quot;, explique Alexis Corbi\u00e8re, d\u00e9put\u00e9 (\u00c9cologiste et Social)\"\/>2:54Discours de S\u00e9bastien Lecornu: \u00ab\u00a0Le d\u00e9saccord que j&rsquo;ai, c&rsquo;est que ce budget a un probl\u00e8me de recettes\u00a0\u00bb, explique Alexis Corbi\u00e8re, d\u00e9put\u00e9 (\u00c9cologiste et Social)<\/a><a href=\"https:\/\/www.bfmtv.com\/politique\/video-discours-de-sebastien-lecornu-je-considere-que-c-est-normal-d-aller-chercher-l-argent-dans-les-superprofits-des-plus-grandes-entreprises-francaises-declare-laurent-baumel-depute-ps_VN-202601160909.html\" title=\"Discours de S\u00e9bastien Lecornu: &quot;Je consid\u00e8re que c&#039;est normal d&#039;aller chercher l&#039;argent dans les superprofits des plus grandes entreprises fran\u00e7aises&quot;, d\u00e9clare Laurent Baumel, d\u00e9put\u00e9 (PS)\" target=\"_blank\" rel=\"noopener\"><img width=\"16\" height=\"9\" class=\"lozad\"  alt=\"Discours de S\u00e9bastien Lecornu: &quot;Je consid\u00e8re que c'est normal d'aller chercher l'argent dans les superprofits des plus grandes entreprises fran\u00e7aises&quot;, d\u00e9clare Laurent Baumel, d\u00e9put\u00e9 (PS)\"\/>1:02Discours de S\u00e9bastien Lecornu: \u00ab\u00a0Je consid\u00e8re que c&rsquo;est normal d&rsquo;aller chercher l&rsquo;argent dans les superprofits des plus grandes entreprises fran\u00e7aises\u00a0\u00bb, d\u00e9clare Laurent Baumel, d\u00e9put\u00e9 (PS)<\/a><a href=\"https:\/\/www.bfmtv.com\/politique\/video-apl-repas-universitaires-handicap-budget-retour-sur-les-annonces-de-sebastien-lecornu_VN-202601160905.html\" title=\"APL, repas universitaires, handicap, budget ... Retour sur les annonces de S\u00e9bastien Lecornu\" target=\"_blank\" rel=\"noopener\"><img width=\"16\" height=\"9\" class=\"lozad\"  alt=\"APL, repas universitaires, handicap, budget ... Retour sur les annonces de S\u00e9bastien Lecornu\"\/>1:40APL, repas universitaires, handicap, budget &#8230; Retour sur les annonces de S\u00e9bastien Lecornu<\/a><a href=\"https:\/\/www.bfmtv.com\/politique\/video-candidature-de-franck-allisio-a-l-election-municipale-de-marseille-le-discours-de-marine-le-pen-rn_VN-202601160883.html\" title=\"Candidature de Franck Allisio \u00e0 l&#039;\u00e9lection municipale de Marseille:le discours de Marine Le Pen (RN)\" target=\"_blank\" rel=\"noopener\"><img width=\"16\" height=\"9\" class=\"lozad\"  alt=\"Candidature de Franck Allisio \u00e0 l'\u00e9lection municipale de Marseille:le discours de Marine Le Pen (RN)\"\/>en lectureCandidature de Franck Allisio \u00e0 l&rsquo;\u00e9lection municipale de Marseille:le discours de Marine Le Pen (RN)<\/a><a href=\"https:\/\/www.bfmtv.com\/politique\/video-discours-de-sebastien-lecornu-les-informations-fournies-par-le-premier-ministre-repondent-a-des-sujets-qu-on-a-mis-sur-la-table-depuis-plusieurs-mois-declare-jerome-guedj-depute-ps_VN-202601160880.html\" title=\"Discours de S\u00e9bastien Lecornu: &quot;Les informations fournies par le Premier ministre r\u00e9pondent \u00e0 des sujets qu&#039;on a mis sur la table depuis plusieurs mois&quot;, d\u00e9clare J\u00e9r\u00f4me Guedj, d\u00e9put\u00e9 (PS)\" target=\"_blank\" rel=\"noopener\"><img width=\"16\" height=\"9\" class=\"lozad\"  alt=\"Discours de S\u00e9bastien Lecornu: &quot;Les informations fournies par le Premier ministre r\u00e9pondent \u00e0 des sujets qu'on a mis sur la table depuis plusieurs mois&quot;, d\u00e9clare J\u00e9r\u00f4me Guedj, d\u00e9put\u00e9 (PS)\"\/>1:20Discours de S\u00e9bastien Lecornu: \u00ab\u00a0Les informations fournies par le Premier ministre r\u00e9pondent \u00e0 des sujets qu&rsquo;on a mis sur la table depuis plusieurs mois\u00a0\u00bb, d\u00e9clare J\u00e9r\u00f4me Guedj, d\u00e9put\u00e9 (PS)<\/a><a href=\"https:\/\/www.bfmtv.com\/politique\/video-discours-de-sebastien-lecornu-il-y-a-des-choses-bien-dans-ce-budget-declare-geoffroy-didier-vice-president-lr_VN-202601160879.html\" title=\"Discours de S\u00e9bastien Lecornu: &quot;Il y a des choses bien dans ce budget&quot;, d\u00e9clare Geoffroy Didier, vice-pr\u00e9sident LR\" target=\"_blank\" rel=\"noopener\"><img width=\"16\" height=\"9\" class=\"lozad\"  alt=\"Discours de S\u00e9bastien Lecornu: &quot;Il y a des choses bien dans ce budget&quot;, d\u00e9clare Geoffroy Didier, vice-pr\u00e9sident LR\"\/>1:24Discours de S\u00e9bastien Lecornu: \u00ab\u00a0Il y a des choses bien dans ce budget\u00a0\u00bb, d\u00e9clare Geoffroy Didier, vice-pr\u00e9sident LR<\/a><a href=\"https:\/\/www.bfmtv.com\/politique\/gouvernement\/video-pour-marine-le-pen-sebastien-lecornu-fait-son-calimero-apres-l-intervention-du-premier-ministre_VN-202601160873.html\" title=\"Pour Marine Le Pen, S\u00e9bastien Lecornu fait son &quot;Calimero&quot; apr\u00e8s l&#039;intervention du Premier ministre\" target=\"_blank\" rel=\"noopener\"><img width=\"16\" height=\"9\" class=\"lozad\"  alt=\"Pour Marine Le Pen, S\u00e9bastien Lecornu fait son &quot;Calimero&quot; apr\u00e8s l'intervention du Premier ministre\"\/>1:08Pour Marine Le Pen, S\u00e9bastien Lecornu fait son \u00ab\u00a0Calimero\u00a0\u00bb apr\u00e8s l&rsquo;intervention du Premier ministre<\/a><a href=\"https:\/\/www.bfmtv.com\/politique\/elections\/municipales\/video-une-femen-une-boule-puante-marine-le-pen-perturbee-au-debut-de-son-discours-a-marseille_VN-202601160872.html\" title=\"&quot;Une Femen? Une boule puante?&quot;: Marine Le Pen perturb\u00e9e au d\u00e9but de son discours \u00e0 Marseille\" target=\"_blank\" rel=\"noopener\"><img width=\"16\" height=\"9\" class=\"lozad\"  alt=\"&quot;Une Femen? Une boule puante?&quot;: Marine Le Pen perturb\u00e9e au d\u00e9but de son discours \u00e0 Marseille\"\/>0:32&Prime;Une Femen? Une boule puante?\u00a0\u00bb: Marine Le Pen perturb\u00e9e au d\u00e9but de son discours \u00e0 Marseille<\/a><a href=\"https:\/\/www.bfmtv.com\/politique\/parti-socialiste\/video-sebastien-lecornu-fait-de-nouvelles-concessions-pour-definir-un-budget-compromis_VN-202601160871.html\" title=\"S\u00e9bastien Lecornu fait de nouvelles concessions pour d\u00e9finir un &quot;budget compromis&quot;\" target=\"_blank\" rel=\"noopener\"><img width=\"16\" height=\"9\" class=\"lozad\"  alt=\"S\u00e9bastien Lecornu fait de nouvelles concessions pour d\u00e9finir un &quot;budget compromis&quot;\"\/>1:50S\u00e9bastien Lecornu fait de nouvelles concessions pour d\u00e9finir un \u00ab\u00a0budget compromis\u00a0\u00bb<\/a><a href=\"https:\/\/www.bfmtv.com\/politique\/parti-socialiste\/video-calimero-lecornu-marine-le-pen-se-moque-de-la-faiblesse-du-premier-ministre-apres-son-allocution-et-reclame-de-nouvelles-elections_VN-202601160865.html\" title=\"&quot;Calimero Lecornu&quot;: Marine Le Pen se moque de la faiblesse du Premier ministre apr\u00e8s son allocution et r\u00e9clame de nouvelles \u00e9lections\" target=\"_blank\" rel=\"noopener\"><img width=\"16\" height=\"9\" class=\"lozad\"  alt=\"&quot;Calimero Lecornu&quot;: Marine Le Pen se moque de la faiblesse du Premier ministre apr\u00e8s son allocution et r\u00e9clame de nouvelles \u00e9lections\"\/>3:43&Prime;Calimero Lecornu\u00a0\u00bb: Marine Le Pen se moque de la faiblesse du Premier ministre apr\u00e8s son allocution et r\u00e9clame de nouvelles \u00e9lections<\/a><a href=\"https:\/\/www.bfmtv.com\/politique\/video-elections-municipales-monsieur-payan-a-declare-que-franck-allisio-et-marine-le-pen-c-est-l-anti-marseille-non-c-est-l-anti-ce-qu-ils-ont-fait-de-marseille-declare-marine-le-pen-rn_VN-202601160864.html\" title=\"\u00c9lections municipales: &quot;Monsieur Payan a d\u00e9clar\u00e9 que Franck Allisio et Marine Le Pen, c&#039;est l&#039;anti-Marseille. Non, c&#039;est l&#039;anti ce qu&#039;ils ont fait de Marseille&quot;, d\u00e9clare Marine Le Pen (RN) \" target=\"_blank\" rel=\"noopener\"><img width=\"16\" height=\"9\" class=\"lozad\"  alt=\"\u00c9lections municipales: &quot;Monsieur Payan a d\u00e9clar\u00e9 que Franck Allisio et Marine Le Pen, c'est l'anti-Marseille. Non, c'est l'anti ce qu'ils ont fait de Marseille&quot;, d\u00e9clare Marine Le Pen (RN) \"\/>1:59\u00c9lections municipales: \u00ab\u00a0Monsieur Payan a d\u00e9clar\u00e9 que Franck Allisio et Marine Le Pen, c&rsquo;est l&rsquo;anti-Marseille. Non, c&rsquo;est l&rsquo;anti ce qu&rsquo;ils ont fait de Marseille\u00a0\u00bb, d\u00e9clare Marine Le Pen (RN)<\/a><a href=\"https:\/\/www.bfmtv.com\/politique\/video-je-n-arrive-pas-a-voir-c-est-quoi-une-femen-une-boule-puante-au-debut-du-discours-de-marine-le-pen-rn-une-femen-a-perturbe-la-prise-de-parole-de-la-presidente-du-groupe-rn-a-l-assemblee-nationale_VN-202601160861.html\" title=\"&quot;Je n&#039;arrive pas \u00e0 voir, c&#039;est quoi une femen, une boule puante&quot;: au d\u00e9but du discours de Marine Le Pen (RN), une femen a perturb\u00e9 la prise de parole de la pr\u00e9sidente du groupe RN \u00e0 l&#039;Assembl\u00e9e nationale \" target=\"_blank\" rel=\"noopener\"><img width=\"16\" height=\"9\" class=\"lozad\"  alt=\"&quot;Je n'arrive pas \u00e0 voir, c'est quoi une femen, une boule puante&quot;: au d\u00e9but du discours de Marine Le Pen (RN), une femen a perturb\u00e9 la prise de parole de la pr\u00e9sidente du groupe RN \u00e0 l'Assembl\u00e9e nationale \"\/>0:32&Prime;Je n&rsquo;arrive pas \u00e0 voir, c&rsquo;est quoi une femen, une boule puante\u00a0\u00bb: au d\u00e9but du discours de Marine Le Pen (RN), une femen a perturb\u00e9 la prise de parole de la pr\u00e9sidente du groupe RN \u00e0 l&rsquo;Assembl\u00e9e nationale<\/a><a class=\"jumpToVideo\" target=\"_blank\"><img class=\"thumbnailPreview\"\/><\/a><\/p>\n","protected":false},"excerpt":{"rendered":"Candidature de Franck Allisio \u00e0 l&rsquo;\u00e9lection municipale de Marseille:le discours de Marine Le Pen (RN)Sur le m\u00eame sujet1:40Discours&hellip;\n","protected":false},"author":2,"featured_media":669062,"comment_status":"","ping_status":"","sticky":false,"template":"","format":"standard","meta":{"footnotes":""},"categories":[2814],"tags":[1111,11,1777,674,1011,27,884,12,882,25],"class_list":{"0":"post-669061","1":"post","2":"type-post","3":"status-publish","4":"format-standard","5":"has-post-thumbnail","7":"category-marseille","8":"tag-actu","9":"tag-actualites","10":"tag-eu","11":"tag-europe","12":"tag-fr","13":"tag-france","14":"tag-marseille","15":"tag-news","16":"tag-provence-alpes-cote-dazur","17":"tag-republique-francaise"},"share_on_mastodon":{"url":"https:\/\/pubeurope.com\/@fr\/115908084089173840","error":""},"_links":{"self":[{"href":"https:\/\/www.europesays.com\/fr\/wp-json\/wp\/v2\/posts\/669061","targetHints":{"allow":["GET"]}}],"collection":[{"href":"https:\/\/www.europesays.com\/fr\/wp-json\/wp\/v2\/posts"}],"about":[{"href":"https:\/\/www.europesays.com\/fr\/wp-json\/wp\/v2\/types\/post"}],"author":[{"embeddable":true,"href":"https:\/\/www.europesays.com\/fr\/wp-json\/wp\/v2\/users\/2"}],"replies":[{"embeddable":true,"href":"https:\/\/www.europesays.com\/fr\/wp-json\/wp\/v2\/comments?post=669061"}],"version-history":[{"count":0,"href":"https:\/\/www.europesays.com\/fr\/wp-json\/wp\/v2\/posts\/669061\/revisions"}],"wp:featuredmedia":[{"embeddable":true,"href":"https:\/\/www.europesays.com\/fr\/wp-json\/wp\/v2\/media\/669062"}],"wp:attachment":[{"href":"https:\/\/www.europesays.com\/fr\/wp-json\/wp\/v2\/media?parent=669061"}],"wp:term":[{"taxonomy":"category","embeddable":true,"href":"https:\/\/www.europesays.com\/fr\/wp-json\/wp\/v2\/categories?post=669061"},{"taxonomy":"post_tag","embeddable":true,"href":"https:\/\/www.europesays.com\/fr\/wp-json\/wp\/v2\/tags?post=669061"}],"curies":[{"name":"wp","href":"https:\/\/api.w.org\/{rel}","templated":true}]}}