{"id":669063,"date":"2026-01-17T02:29:22","date_gmt":"2026-01-17T02:29:22","guid":{"rendered":"https:\/\/www.europesays.com\/fr\/669063\/"},"modified":"2026-01-17T02:29:22","modified_gmt":"2026-01-17T02:29:22","slug":"la-bac-marque-des-points-a-venissieux","status":"publish","type":"post","link":"https:\/\/www.europesays.com\/fr\/669063\/","title":{"rendered":"la BAC marque des points \u00e0 V\u00e9nissieux"},"content":{"rendered":"<p>Bonne pioche pour les \u00e9quipages de la BAC (Brigade anti-criminalit\u00e9) qui intervenaient dans la nuit de jeudi \u00e0 vendredi sur le secteur de V\u00e9nissieux. Selon nos informations, lors du contr\u00f4le d\u2019un v\u00e9hicule rue Nelson-Mandela, dans le quartier de Parilly, pas tr\u00e8s loin de la station de m\u00e9tro, <a href=\"https:\/\/www.leprogres.fr\/faits-divers-justice\/2025\/02\/17\/venissieux-pres-de-30-kilos-de-cannabis-et-de-cocaine-saisis-avec-des-armes-et-du-cash\" target=\"_blank\" rel=\"noopener\"> ils auraient saisi<\/a> des munitions et de l\u2019argent liquide pour un montant proche de 2000\u20ac. Les investigations se poursuivent.<\/p>\n<p>  Interpellations et condamnations<\/p>\n<p>Cette premi\u00e8re quinzaine de janvier \u00e9t\u00e9 rythm\u00e9e par plusieurs interpellations et condamnations \u00e0 V\u00e9nissieux. Ce dimanche 11\u00a0janvier, ce sont des policiers en intervention aux Minguettes, rue des Martyrs-de-la-R\u00e9sistance, qui ont interpell\u00e9 un jeune homme de 20 ans\u00a0: en les voyant, il a pris la fuite et <a href=\"https:\/\/www.leprogres.fr\/faits-divers-justice\/2026\/01\/14\/venissieux-face-a-la-police-il-jette-pres-d-un-kilo-de-stupefiants-par-la-fenetre\" target=\"_blank\" rel=\"noopener\"> jet\u00e9 un sac avec pr\u00e8s d\u2019un kilo de cannabis<\/a>. Pour cette d\u00e9tention de stup\u00e9fiants en r\u00e9cidive, il a \u00e9t\u00e9 condamn\u00e9 \u00e0 15 mois d\u2019emprisonnement d\u00e9lictuel et interdiction de s\u00e9jour dans le Rh\u00f4ne pendant cinq ans.<\/p>\n<p>Quelques jours plus t\u00f4t, mercredi 7\u00a0janvier, un V\u00e9nissian de 22 ans \u00e9tait condamn\u00e9 \u00e0 18 mois de prison ferme\u00a0: d\u00e9j\u00e0 condamn\u00e9 trois fois, il avait \u00e9t\u00e9 <a href=\"https:\/\/www.leprogres.fr\/faits-divers-justice\/2026\/01\/16\/quatre-arrestations-sur-le-meme-point-de-deal-18-mois-de-prison-ferme-pour-un-vendeur-de-cannabis-des-minguettes\" target=\"_blank\" rel=\"noopener\">arr\u00eat\u00e9 \u00e0 quatre reprises<\/a> sur le m\u00eame point de deal.<\/p>\n","protected":false},"excerpt":{"rendered":"Bonne pioche pour les \u00e9quipages de la BAC (Brigade anti-criminalit\u00e9) qui intervenaient dans la nuit de jeudi \u00e0&hellip;\n","protected":false},"author":2,"featured_media":669064,"comment_status":"","ping_status":"","sticky":false,"template":"","format":"standard","meta":{"footnotes":""},"categories":[1889],"tags":[1111,11,2430,3152,1777,674,274,107,1011,27,2428,12,25,2429,4375,4407],"class_list":{"0":"post-669063","1":"post","2":"type-post","3":"status-publish","4":"format-standard","5":"has-post-thumbnail","7":"category-lyon","8":"tag-actu","9":"tag-actualites","10":"tag-auvergne-rhone-alpes","11":"tag-edition-est-lyonnais","12":"tag-eu","13":"tag-europe","14":"tag-faits-divers-justice","15":"tag-fil-info","16":"tag-fr","17":"tag-france","18":"tag-lyon","19":"tag-news","20":"tag-republique-francaise","21":"tag-rhone","22":"tag-venissieux","23":"tag-venissieux-bassin"},"share_on_mastodon":{"url":"https:\/\/pubeurope.com\/@fr\/115908087899602514","error":""},"_links":{"self":[{"href":"https:\/\/www.europesays.com\/fr\/wp-json\/wp\/v2\/posts\/669063","targetHints":{"allow":["GET"]}}],"collection":[{"href":"https:\/\/www.europesays.com\/fr\/wp-json\/wp\/v2\/posts"}],"about":[{"href":"https:\/\/www.europesays.com\/fr\/wp-json\/wp\/v2\/types\/post"}],"author":[{"embeddable":true,"href":"https:\/\/www.europesays.com\/fr\/wp-json\/wp\/v2\/users\/2"}],"replies":[{"embeddable":true,"href":"https:\/\/www.europesays.com\/fr\/wp-json\/wp\/v2\/comments?post=669063"}],"version-history":[{"count":0,"href":"https:\/\/www.europesays.com\/fr\/wp-json\/wp\/v2\/posts\/669063\/revisions"}],"wp:featuredmedia":[{"embeddable":true,"href":"https:\/\/www.europesays.com\/fr\/wp-json\/wp\/v2\/media\/669064"}],"wp:attachment":[{"href":"https:\/\/www.europesays.com\/fr\/wp-json\/wp\/v2\/media?parent=669063"}],"wp:term":[{"taxonomy":"category","embeddable":true,"href":"https:\/\/www.europesays.com\/fr\/wp-json\/wp\/v2\/categories?post=669063"},{"taxonomy":"post_tag","embeddable":true,"href":"https:\/\/www.europesays.com\/fr\/wp-json\/wp\/v2\/tags?post=669063"}],"curies":[{"name":"wp","href":"https:\/\/api.w.org\/{rel}","templated":true}]}}