{"id":669065,"date":"2026-01-17T02:30:25","date_gmt":"2026-01-17T02:30:25","guid":{"rendered":"https:\/\/www.europesays.com\/fr\/669065\/"},"modified":"2026-01-17T02:30:25","modified_gmt":"2026-01-17T02:30:25","slug":"gregory-doucet-veut-ouvrir-10-cantines-municipales-ouvertes-a-tous","status":"publish","type":"post","link":"https:\/\/www.europesays.com\/fr\/669065\/","title":{"rendered":"Gr\u00e9gory Doucet veut ouvrir 10 cantines municipales ouvertes \u00e0 tous"},"content":{"rendered":"<p>                    Par<br \/>\n        <strong><br \/>\n            <a href=\"https:\/\/actu.fr\/auteur\/emma-ressegaire\" title=\"Consulter tous les articles de Emma Ressegaire\" target=\"_blank\" rel=\"noopener\">Emma Ressegaire<\/a><br \/>\n                    <\/strong><\/p>\n<p>        Publi\u00e9 le<\/p>\n<p>            16 janv. 2026 \u00e0 17h43        <\/p>\n<p>\u00c0 l\u2019occasion d\u2019une visite \u00e0 la MESA (Maison Engag\u00e9e et Solidaire de l\u2019Alimentation), situ\u00e9e \u00e0 <a href=\"https:\/\/actu.fr\/auvergne-rhone-alpes\/lyon_69123\" target=\"_blank\" rel=\"noopener\">Lyon<\/a> 8e, <a href=\"https:\/\/actu.fr\/auvergne-rhone-alpes\/lyon_69123\/lyon-ecouter-plus-les-habitants-gregory-doucet-degaine-des-idees-dont-la-tenue-de-referendums_63695679.html\" target=\"_blank\" rel=\"noopener\">Gr\u00e9gory Doucet<\/a>, maire actuel de la ville et candidat pour un deuxi\u00e8me mandat, a promis <strong>la cr\u00e9ation de 10 cantines de quartier.\u00a0<\/strong><\/p>\n<p class=\" wall-content\">Concr\u00e8tement, d\u2019apr\u00e8s le candidat de l\u2019union de la gauche, une cantine de quartier est \u00ab\u00a0\u00e0 la fois un espace pour acheter des denr\u00e9es alimentaires,<strong> un espace de convivialit\u00e9<\/strong> pour manger ensemble, un espace de transmission et de lien social ancr\u00e9 dans la vie du quartier\u00a0\u00bb.\u00a0<\/p>\n<p class=\" wall-content\">L\u2019objectif ? <strong>Faciliter l\u2019acc\u00e8s<\/strong> \u00e0 une alimentation saine \u00e0 toutes et tous, peu importe son budget.\u00a0<\/p>\n<p>Lutter contre la pr\u00e9carit\u00e9 alimentaire<\/p>\n<p class=\" wall-content\">Gr\u00e9gory Doucet a pris l\u2019exemple de la MESA <strong>pour illustrer son projet<\/strong> qui ressemble en tout point \u00e0 sa d\u00e9finition.<\/p>\n<p class=\" wall-content\">\u00ab\u00a0Celle-ci est incontestablement un succ\u00e8s dans le 8e. Le mod\u00e8le est remarquablement efficace pour permettre \u00e0 des gens de se nourrir avec une alimentation saine et locale. C\u2019est une fa\u00e7on de lutter contre la pr\u00e9carit\u00e9 alimentaire. On donne la possibilit\u00e9, aux m\u00e9nages les plus modestes de<strong> reprendre leur destin en main<\/strong> en mati\u00e8re d\u2019alimentation\u00a0\u00bb, a-t-il d\u00e9clar\u00e9.<\/p>\n<p class=\" wall-content\">Si le co\u00fbt de cette mesure n\u2019a pas \u00e9t\u00e9 clairement \u00e9voqu\u00e9, un \u00e9tablissement comme celui de la MESA co\u00fbte <strong>150 000 euros par an.<\/strong><\/p>\n<p class=\" wall-content\">\n<p>Pas d\u2019emplacement pr\u00e9cis<\/p>\n<p class=\" wall-content\">Pour le moment, les emplacements de ces dix futures cantines de quartier <strong>ne sont pas encore pr\u00e9cis\u00e9ment d\u00e9finis<\/strong> \u00ab\u00a0pour une raison simple\u00a0\u00bb selon l\u2019\u00e9lu \u00e9cologiste.\u00a0<\/p>\n<p>Votre r\u00e9gion, votre actu !<\/p>\n<p>Recevez chaque jour les infos qui comptent pour vous.<\/p>\n<p>\t<a href=\"https:\/\/actu.fr\/newsletter\" class=\"ac-btn ac-btn--corner ac-btn--medium ac-btn--blue800\" target=\"_blank\" rel=\"noopener\">S&rsquo;incrire<\/a><\/p>\n<p class=\" wall-content\">En effet, ce dernier estime que \u00ab\u00a0le succ\u00e8s des maisons de l\u2019alimentation tient \u00e0 l\u2019appropriation par les habitants d\u2019un tel endroit. L\u2019id\u00e9e est de partir de leurs attentes et besoins. Et <strong>on s\u2019appuiera sur des structures d\u00e9j\u00e0 implant\u00e9es<\/strong>. On a un \u00e9cosyst\u00e8me alimentaire solidaire extr\u00eamement riche avec une volont\u00e9 de partager le meilleur\u00a0\u00bb.<\/p>\n<p>\u00ab\u00a0Il existe d\u00e9j\u00e0 une tarification sociale pour les cantines\u00a0\u00bb<\/p>\n<p class=\" wall-content\">Cette volont\u00e9 d\u2019une alimentation saine, Gr\u00e9gory Doucet tient \u00e0 rappeler que c\u2019est <strong>un engagement qu\u2019il a d\u00e9j\u00e0 pris<\/strong> durant son mandat avec notamment des aliments, en tr\u00e8s grande majorit\u00e9, bio dans les cantines scolaires.\u00a0<\/p>\n<p class=\" wall-content\">D\u2019ailleurs, le maire sortant a \u00e9galement r\u00e9pondu \u00e0 son opposant<a href=\"https:\/\/actu.fr\/auvergne-rhone-alpes\/lyon_69123\/municipales-2026-a-lyon-jean-michel-aulas-devoile-toutes-ses-tetes-de-listes-d-arrondissement_63684036.html\" target=\"_blank\" rel=\"noopener\"> Jean-Michel Aulas<\/a> qui souhaite rendre <a href=\"https:\/\/actu.fr\/auvergne-rhone-alpes\/lyon_69123\/municipales-a-lyon-la-cantine-et-le-periscolaire-gratuits-pour-tous-la-mesure-choc-d-aulas_63663259.html\" target=\"_blank\" rel=\"noopener\">les cantines scolaires gratuites<\/a> pour tous, comme la candidate du parti LFI Ana\u00efs Belouassa Cherifi. \u00ab\u00a0Il existe d\u00e9j\u00e0 une tarification sociale pour les cantines puisque que le repas, pour les m\u00e9nages les plus modestes, co\u00fbte 70 centimes. Aujourd\u2019hui, le syst\u00e8me permet d\u00e9j\u00e0 de faciliter l\u2019acc\u00e8s \u00e0 la cantine pour ces m\u00e9nages. Finalement, la mise en place de la gratuit\u00e9 <strong>b\u00e9n\u00e9ficierait aux m\u00e9nages les plus ais\u00e9s<\/strong>\u00ab\u00a0.\u00a0<\/p>\n<p class=\" wall-content\">\n<p class=\" wall-content\">Sa mesure vient aussi r\u00e9pondre \u00e0 une proposition de LFI. Sa candidate a propos\u00e9 en novembre la cr\u00e9ation de \u00ab\u00a0restaurants municipaux\u00a0\u00bb avec des repas au prix fixe de 5 euros et ouvert \u00e0 l\u2019ensemble des habitants sans conditions de revenus.<\/p>\n<p class=\" wall-content\">Personnalisez votre actualit\u00e9 en ajoutant vos villes et m\u00e9dias en favori avec <a href=\"https:\/\/moncompte.actu.fr\" title=\"D\u00e9couvez Mon Actu\" rel=\"nofollow noopener\" data-trk=\"{&quot;cta&quot;:{&quot;action&quot;:&quot;https:\\\/\\\/moncompte.actu.fr&quot;,&quot;category&quot;:&quot;mon compte&quot;,&quot;from&quot;:&quot;article footer&quot;,&quot;name&quot;:&quot;Mon actu&quot;,&quot;type&quot;:&quot;cta&quot;}}\" target=\"_blank\">Mon Actu<\/a>.<\/p>\n","protected":false},"excerpt":{"rendered":"Par Emma Ressegaire Publi\u00e9 le 16 janv. 2026 \u00e0 17h43 \u00c0 l\u2019occasion d\u2019une visite \u00e0 la MESA (Maison&hellip;\n","protected":false},"author":2,"featured_media":669066,"comment_status":"","ping_status":"","sticky":false,"template":"","format":"standard","meta":{"footnotes":""},"categories":[1889],"tags":[1111,11,258,2430,4188,1777,674,1011,27,5226,2428,3434,12,316,25],"class_list":{"0":"post-669065","1":"post","2":"type-post","3":"status-publish","4":"format-standard","5":"has-post-thumbnail","7":"category-lyon","8":"tag-actu","9":"tag-actualites","10":"tag-alimentation","11":"tag-auvergne-rhone-alpes","12":"tag-elections-municipales","13":"tag-eu","14":"tag-europe","15":"tag-fr","16":"tag-france","17":"tag-gregory-doucet","18":"tag-lyon","19":"tag-municipales-2026","20":"tag-news","21":"tag-politique","22":"tag-republique-francaise"},"share_on_mastodon":{"url":"https:\/\/pubeurope.com\/@fr\/115908091812746602","error":""},"_links":{"self":[{"href":"https:\/\/www.europesays.com\/fr\/wp-json\/wp\/v2\/posts\/669065","targetHints":{"allow":["GET"]}}],"collection":[{"href":"https:\/\/www.europesays.com\/fr\/wp-json\/wp\/v2\/posts"}],"about":[{"href":"https:\/\/www.europesays.com\/fr\/wp-json\/wp\/v2\/types\/post"}],"author":[{"embeddable":true,"href":"https:\/\/www.europesays.com\/fr\/wp-json\/wp\/v2\/users\/2"}],"replies":[{"embeddable":true,"href":"https:\/\/www.europesays.com\/fr\/wp-json\/wp\/v2\/comments?post=669065"}],"version-history":[{"count":0,"href":"https:\/\/www.europesays.com\/fr\/wp-json\/wp\/v2\/posts\/669065\/revisions"}],"wp:featuredmedia":[{"embeddable":true,"href":"https:\/\/www.europesays.com\/fr\/wp-json\/wp\/v2\/media\/669066"}],"wp:attachment":[{"href":"https:\/\/www.europesays.com\/fr\/wp-json\/wp\/v2\/media?parent=669065"}],"wp:term":[{"taxonomy":"category","embeddable":true,"href":"https:\/\/www.europesays.com\/fr\/wp-json\/wp\/v2\/categories?post=669065"},{"taxonomy":"post_tag","embeddable":true,"href":"https:\/\/www.europesays.com\/fr\/wp-json\/wp\/v2\/tags?post=669065"}],"curies":[{"name":"wp","href":"https:\/\/api.w.org\/{rel}","templated":true}]}}