{"id":669070,"date":"2026-01-17T02:37:34","date_gmt":"2026-01-17T02:37:34","guid":{"rendered":"https:\/\/www.europesays.com\/fr\/669070\/"},"modified":"2026-01-17T02:37:34","modified_gmt":"2026-01-17T02:37:34","slug":"la-librairie-violette-and-co-perquisitionnee-a-paris-une-derive-autoritaire-inedite","status":"publish","type":"post","link":"https:\/\/www.europesays.com\/fr\/669070\/","title":{"rendered":"La librairie Violette and Co perquisitionn\u00e9e \u00e0 Paris : \u00ab Une d\u00e9rive autoritaire in\u00e9dite \u00bb"},"content":{"rendered":"<p>\u00ab\u00a0Un dispositif in\u00e9dit et disproportionn\u00e9.\u00a0\u00bb C\u2019est ainsi qu\u2019est d\u00e9crite, dans un communiqu\u00e9 qu\u2019elle vient de publier, la perquisition subie le 7\u00a0janvier dernier par la librairie ind\u00e9pendante Violette and Co, \u00e0 Paris. Ce jour-l\u00e0, les salari\u00e9\u00b7es qui ouvrent le lieu ont la surprise de trouver, devant l\u2019entr\u00e9e, cinq officiers de la police judiciaire en uniforme et un substitut du procureur de la R\u00e9publique. L\u2019objet de leur visite\u00a0? La recherche d\u2019un livre controvers\u00e9, dont la vente par cette librairie a \u00e9t\u00e9 signal\u00e9e \u00e0 la justice par le minist\u00e8re de l\u2019Int\u00e9rieur.<\/p>\n<p>Depuis plusieurs mois, <a href=\"https:\/\/basta.media\/les-libraires-independants-disent-non-a-la-censure-et-aux-intimidations\" target=\"_blank\" rel=\"noopener\">les pol\u00e9miques se multiplient<\/a> autour de cet ouvrage de coloriages pour enfants, illustr\u00e9 par le Sud-Africain Nathi Ngubane et intitul\u00e9 From the river to the sea, (\u00ab\u00a0de la rivi\u00e8re \u00e0 la mer\u00a0\u00bb). Soit un slogan phare des mobilisations de solidarit\u00e9 avec la Palestine, repris par le Hamas au tournant des ann\u00e9es 1990, et interpr\u00e9t\u00e9 par certains comme un appel \u00e0 la destruction de l\u2019\u00c9tat d\u2019Isra\u00ebl.<\/p>\n<p>\t<a class=\"stretched-link\" href=\"https:\/\/basta.media\/les-libraires-independants-disent-non-a-la-censure-et-aux-intimidations\" target=\"_blank\" rel=\"noopener\">Les libraires ind\u00e9pendants disent non \u00e0 la censure et aux intimidations<\/a><br \/>\n\t <img loading=\"lazy\" decoding=\"async\" src=\"https:\/\/www.europesays.com\/fr\/wp-content\/uploads\/2026\/01\/1325b83fbfd7d987a2c298e01f891a-eb46b.jpg\" class=\"spip_logo\" width=\"200\" height=\"133\" alt=\"Des dizaines de personnes sur la Place de la R\u00e9publique\"\/><\/p>\n<p>La librairie Violette and Co ne cesse d\u2019\u00eatre attaqu\u00e9e depuis qu\u2019elle a mis ce livre en vitrine \u00e0 l\u2019\u00e9t\u00e9 2025. \u00ab\u00a0Lorsque la traduction fran\u00e7aise nous a \u00e9t\u00e9 pr\u00e9sent\u00e9e \u00e0 la librairie, en plein g\u00e9nocide de la population gazaouie, nous avons jug\u00e9 qu\u2019il s\u2019agissait d\u2019un livre important, bien document\u00e9, porteur d\u2019un id\u00e9al de justice et de paix, r\u00e9pondant \u00e0 des nombreuses demandes que nous avions en librairie et proposant un support p\u00e9dagogique int\u00e9ressant aux parents qui souhaitaient aborder ce sujet avec leurs enfants\u00a0\u00bb, justifie dans son communiqu\u00e9 la librairie, qui avait donc d\u00e9cid\u00e9 de proposer des exemplaires, \u00ab\u00a0sans percevoir de pourcentage sur les ventes, afin que les b\u00e9n\u00e9fices soient enti\u00e8rement revers\u00e9s \u00e0 des associations humanitaires \u00e0 Gaza\u00a0\u00bb.<\/p>\n<p>Un livre dont l\u2019interdiction est rest\u00e9e confidentielle<\/p>\n<p>\u00c0 la recherche de l\u2019ouvrage pol\u00e9mique, les forces de l\u2019ordre ont, ce 7\u00a0janvier, contr\u00f4l\u00e9 en vain une trentaine de cartons, selon la librairie, qui ne l\u2019avait plus en stock. \u00ab\u00a0Aucun livre n\u2019a \u00e9t\u00e9 trouv\u00e9 ni saisi\u00a0\u00bb, relate ainsi le parquet de Paris. Munis de cam\u00e9ras-pi\u00e9tons, les policiers ont r\u00e9alis\u00e9 une \u00ab\u00a0fouille m\u00e9thodique\u00a0\u00bb, selon les g\u00e9rantes et salari\u00e9\u00b7es, rest\u00e9\u00b7es \u00ab\u00a0choqu\u00e9\u00b7es et impuissant\u00b7es\u00a0\u00bb. Celles-ci apprennent, dans le m\u00eame temps, qu\u2019elles sont convoqu\u00e9\u00b7es pour une audition libre au commissariat du 11e arrondissement de Paris le jeudi 22\u00a0janvier, dans le cadre d\u2019une enqu\u00eate pr\u00e9liminaire.<\/p>\n<p>Contact\u00e9 par Basta!, le parquet de Paris confirme avoir diligent\u00e9 cette perquisition, \u00ab\u00a0sur autorisation pr\u00e9alable d\u2019un juge des libert\u00e9s et de la d\u00e9tention [&#8230;] pour saisir les objets interdits \u00e0 la vente\u00a0\u00bb, et avoir confi\u00e9 \u00e0 au commissariat du 11e arrondissement \u00ab\u00a0une enqu\u00eate pour importation de publication destin\u00e9e \u00e0 la jeunesse comportant un contenu dangereux pour elle en raison de son caract\u00e8re pornographique, ill\u00e9gal ou immoral\u00a0\u00bb. Ce d\u00e9lit est puni d\u2019un an d\u2019emprisonnement et 3750 euros d\u2019amende, pr\u00e9cise le parquet.<\/p>\n<p>L\u2019ouvrage avait, selon la justice, fait l\u2019objet d\u2019une interdiction d\u2019importation par la commission presse de la Direction de la protection judiciaire de la jeunesse (DPJJ) \u2013 sollicit\u00e9e, cette derni\u00e8re n\u2019a pas encore r\u00e9pondu \u00e0 Basta!. Depuis 1949, cette commission, qui d\u00e9pend du minist\u00e8re de la Justice, est charg\u00e9e de v\u00e9rifier que les publications destin\u00e9es \u00e0 l\u2019enfance et \u00e0 l\u2019adolescence ne comportent \u00ab\u00a0aucun contenu dangereux pour la jeunesse\u00a0\u00bb. Or, celle-ci aurait \u00e9mis le 14\u00a0novembre 2025, un avis d\u00e9favorable \u00e0 l\u2019importation de From the River to the Sea, selon <a href=\"https:\/\/www.nouvelobs.com\/bibliobs\/20260116.OBS111548\/perquisition-inedite-dans-la-librairie-parisienne-violette-and-co-pour-saisir-un-album-de-coloriage-pro-palestinien.html\" class=\"spip_out\" rel=\"external noopener\" target=\"_blank\">Le Nouvel Observateur<\/a>.<\/p>\n<p>La commission aurait jug\u00e9 que le contenu de l\u2019ouvrage \u00ab\u00a0est susceptible d\u2019inciter \u00e0 la haine envers un groupe de personnes, \u00e0 savoir la population isra\u00e9lienne, et de nuire \u00e0 l\u2019\u00e9panouissement moral de la jeunesse\u00a0\u00bb, d\u2019apr\u00e8s <a href=\"https:\/\/www.mediapart.fr\/journal\/france\/160126\/la-librairie-queer-violette-and-co-perquisitionnee-paris-pour-un-livre-de-coloriage-propalestinien\" class=\"spip_out\" rel=\"external noopener\" target=\"_blank\">Mediapart<\/a>. Un avis dont la librairie Violette and Co affirme n\u2019avoir jamais \u00e9t\u00e9 inform\u00e9e. C\u2019est uniquement \u00e0 la suite de ses demandes r\u00e9p\u00e9t\u00e9es, suivant la perquisition, que ce document de la Commission de surveillance et de contr\u00f4le des publications pour la jeunesse (CSCPJ) lui est transmis. La maison d\u2019\u00e9dition de l\u2019ouvrage, Social Bandit Media (qui ne nous a pas r\u00e9pondu), n\u2019aurait, en outre, \u00e9t\u00e9 inform\u00e9e de cet avis que le 8\u00a0janvier, selon la librairie.<\/p>\n<p>Les librairies face \u00e0 \u00ab\u00a0une d\u00e9rive autoritaire\u00a0\u00bb<\/p>\n<p>Dans ce contexte, Violette and Co, identifi\u00e9e pour son catalogue f\u00e9ministe, lesbien, LGBTQIA+ et engag\u00e9, d\u00e9nonce \u00ab\u00a0une utilisation politique de l\u2019appareil policier et judiciaire\u00a0\u00bb. \u00ab\u00a0L\u2019objectif ne semble pas avoir \u00e9t\u00e9 l\u2019application du droit mais l\u2019envoi d\u2019un signal\u00a0: surveiller, intimider, dissuader\u00a0\u00bb, poursuit-elle dans son communiqu\u00e9. Face visible de nombreuses attaques cibl\u00e9es contre les librairies ind\u00e9pendantes, l\u2019enseigne a \u00e9galement \u00e9t\u00e9 prise \u00e0 partie par les pouvoirs publics. En novembre dernier, l\u2019association Violette and Co, qui g\u00e8re l\u2019espace situ\u00e9 au sous-sol de la librairie, a <a href=\"https:\/\/basta.media\/malgre-un-acharnement-politique-la-subvention-aux-librairies-finalement-votee-a\" class=\"spip_in\" target=\"_blank\" rel=\"noopener\">myst\u00e9rieusement disparu de la liste des laur\u00e9at\u00b7es<\/a> de l\u2019appel \u00e0 projets \u00ab\u00a0Budget participatif handicap\u00a0\u00bb de la r\u00e9gion \u00cele-de-France, dont elle \u00e9tait pourtant arriv\u00e9e premi\u00e8re. Il lui a \u00e9t\u00e9 reproch\u00e9 par la collectivit\u00e9 de Val\u00e9rie P\u00e9cresse (LR) d\u2019\u00eatre accueillie \u00ab\u00a0par la librairie du m\u00eame nom qui relaie, par l\u2019ouvrage qu\u2019elle a mis en vitrine, des publications antis\u00e9mites appelant \u00e0 la haine\u00a0\u00bb.<\/p>\n<p>\t<a class=\"stretched-link\" href=\"https:\/\/basta.media\/malgre-un-acharnement-politique-la-subvention-aux-librairies-finalement-votee-a\" target=\"_blank\" rel=\"noopener\">Malgr\u00e9 \u00ab\u00a0un acharnement politique\u00a0\u00bb, la subvention aux librairies finalement vot\u00e9e \u00e0 Paris<\/a><br \/>\n\t <img loading=\"lazy\" decoding=\"async\" src=\"https:\/\/www.europesays.com\/fr\/wp-content\/uploads\/2026\/01\/d8d085d11374f9465f9eae9d6fb682-9f599.jpg\" class=\"spip_logo\" width=\"200\" height=\"133\" alt=\"\"\/><\/p>\n<p>Fin 2025, la librairie Violette and Co \u00e9tait \u00e9galement au c\u0153ur d\u2019un projet de d\u00e9lib\u00e9ration de la mairie de Paris, pr\u00e9voyant de verser des subventions d\u2019investissement d\u2019un total de 482\u00a0000 euros \u00e0 40 librairies ind\u00e9pendantes, dans le cadre de l\u2019appel \u00e0 projets \u00ab\u00a0Soutien aux librairies parisiennes\u00a0: accessibilit\u00e9, transition \u00e9nerg\u00e9tique et attractivit\u00e9\u00a0\u00bb. D\u2019abord rejet\u00e9 apr\u00e8s une violente offensive du groupe Changer Paris (droite), copr\u00e9sid\u00e9 par la ministre de la Culture Rachida Dati, <a href=\"https:\/\/basta.media\/malgre-un-acharnement-politique-la-subvention-aux-librairies-finalement-votee-a\" target=\"_blank\" rel=\"noopener\">celui-ci a fini par \u00eatre adopt\u00e9<\/a> le 18\u00a0d\u00e9cembre.<\/p>\n<p>Avec cette perquisition, \u00ab\u00a0une nouvelle \u00e9tape est franchie dans la r\u00e9pression des librairies\u00a0\u00bb, alerte Violette and Co, qui appelle \u00e0 soutenir les librairies ind\u00e9pendantes, \u00ab\u00a0aujourd\u2019hui en premi\u00e8re ligne face \u00e0 la d\u00e9rive autoritaire en cours\u00a0\u00bb. Constitu\u00e9e en 2025, la branche M\u00e9tiers du livre du syndicat Sud-Culture Solidaires vient de diffuser, en ce d\u00e9but d\u2019ann\u00e9e, un <a href=\"https:\/\/sud-culture.org\/wp-content\/uploads\/2025\/11\/SudCulture-Tract-guide-autodefense-librairie-sud-culture-Internet.pdf\" class=\"spip_out\" rel=\"external noopener\" target=\"_blank\">Petit guide d\u2019autod\u00e9fense contre l\u2019extr\u00eame droite \u00e0 usage des librairies<\/a>. Celui-ci se propose, via son avocat Ma\u00eetre Laforcade, \u00ab\u00a0d\u2019accompagner chaque plainte qui sera d\u00e9sormais d\u00e9pos\u00e9e par des librairies en cas d\u2019attaque, de menace ou d\u2019agression de la part de l\u2019extr\u00eame droite\u00a0\u00bb.<\/p>\n","protected":false},"excerpt":{"rendered":"\u00ab\u00a0Un dispositif in\u00e9dit et disproportionn\u00e9.\u00a0\u00bb C\u2019est ainsi qu\u2019est d\u00e9crite, dans un communiqu\u00e9 qu\u2019elle vient de publier, la perquisition&hellip;\n","protected":false},"author":2,"featured_media":669071,"comment_status":"","ping_status":"","sticky":false,"template":"","format":"standard","meta":{"footnotes":""},"categories":[1888],"tags":[1111,1928,11,1927,1777,674,1011,27,12,1926,626,1925,25],"class_list":{"0":"post-669070","1":"post","2":"type-post","3":"status-publish","4":"format-standard","5":"has-post-thumbnail","7":"category-paris","8":"tag-actu","9":"tag-actu-paris","10":"tag-actualites","11":"tag-actualites-paris","12":"tag-eu","13":"tag-europe","14":"tag-fr","15":"tag-france","16":"tag-news","17":"tag-news-paris","18":"tag-paris","19":"tag-paris-news","20":"tag-republique-francaise"},"share_on_mastodon":{"url":"https:\/\/pubeurope.com\/@fr\/115908119392830525","error":""},"_links":{"self":[{"href":"https:\/\/www.europesays.com\/fr\/wp-json\/wp\/v2\/posts\/669070","targetHints":{"allow":["GET"]}}],"collection":[{"href":"https:\/\/www.europesays.com\/fr\/wp-json\/wp\/v2\/posts"}],"about":[{"href":"https:\/\/www.europesays.com\/fr\/wp-json\/wp\/v2\/types\/post"}],"author":[{"embeddable":true,"href":"https:\/\/www.europesays.com\/fr\/wp-json\/wp\/v2\/users\/2"}],"replies":[{"embeddable":true,"href":"https:\/\/www.europesays.com\/fr\/wp-json\/wp\/v2\/comments?post=669070"}],"version-history":[{"count":0,"href":"https:\/\/www.europesays.com\/fr\/wp-json\/wp\/v2\/posts\/669070\/revisions"}],"wp:featuredmedia":[{"embeddable":true,"href":"https:\/\/www.europesays.com\/fr\/wp-json\/wp\/v2\/media\/669071"}],"wp:attachment":[{"href":"https:\/\/www.europesays.com\/fr\/wp-json\/wp\/v2\/media?parent=669070"}],"wp:term":[{"taxonomy":"category","embeddable":true,"href":"https:\/\/www.europesays.com\/fr\/wp-json\/wp\/v2\/categories?post=669070"},{"taxonomy":"post_tag","embeddable":true,"href":"https:\/\/www.europesays.com\/fr\/wp-json\/wp\/v2\/tags?post=669070"}],"curies":[{"name":"wp","href":"https:\/\/api.w.org\/{rel}","templated":true}]}}