{"id":669074,"date":"2026-01-17T02:39:22","date_gmt":"2026-01-17T02:39:22","guid":{"rendered":"https:\/\/www.europesays.com\/fr\/669074\/"},"modified":"2026-01-17T02:39:22","modified_gmt":"2026-01-17T02:39:22","slug":"mene-par-un-grand-dembele-paris-na-pas-tremble-revivez-la-rencontre","status":"publish","type":"post","link":"https:\/\/www.europesays.com\/fr\/669074\/","title":{"rendered":"men\u00e9 par un grand Demb\u00e9l\u00e9, Paris n\u2019a pas trembl\u00e9, revivez la rencontre"},"content":{"rendered":"<p>\n    Le Paris Saint-Germain prend provisoirement la place de leader de Ligue\u00a01 devant Lens apr\u00e8s sa victoire ce vendredi face \u00e0 Lille (3-0). Demb\u00e9l\u00e9 a inscrit un doubl\u00e9.<\/p>\n<p>                        Hier<\/p>\n<p>\n        23:26\n            <\/p>\n<p class=\"fig-live-post__title\" role=\"heading\" aria-level=\"3\">Fin du direct<\/p>\n<p class=\"fig-paragraph\">C\u2019est tout pour ce direct. Merci de nous avoir suivis, excellente soir\u00e9e \u00e0 toutes et tous\u00a0!<\/p>\n<p>\n        23:26\n            <\/p>\n<p class=\"fig-live-post__title\" role=\"heading\" aria-level=\"3\">Ce qu\u2019il faut retenir<\/p>\n<p class=\"fig-paragraph\">Le compte rendu de cette rencontre est \u00e0 retrouver\u00a0<a href=\"http:\/\/www.lefigaro.fr\/sports\/football\/ligue-1\/ligue-1-avec-un-bijou-signe-dembele-le-psg-couche-lille-et-prend-provisoirement-la-tete-20260116\" data-fig-type=\"NewsFlash\" data-gtm-custom-categorie=\"navigation\" data-gtm-custom-action=\"crossclick\" data-gtm-custom-label=\"Contextuel\" data-gtm-event=\"customEventSPE\" data-fig-domain=\"LEFIGARO\" target=\"_blank\" rel=\"noopener\">en cliquant sur ce lien<\/a>.<\/p>\n<p class=\"fig-body-link\">\n            \u00c0 lire aussi<br \/>\n        <a class=\"fig-body-link__link\" href=\"http:\/\/www.lefigaro.fr\/sports\/football\/ligue-1\/ligue-1-avec-un-bijou-signe-dembele-le-psg-couche-lille-et-prend-provisoirement-la-tete-20260116\" data-fig-type=\"NewsFlash\" data-gtm-custom-categorie=\"navigation\" data-gtm-custom-action=\"crossclick\" data-gtm-custom-label=\"Contextuel\" data-gtm-event=\"customEventSPE\" data-fig-domain=\"LEFIGARO\" target=\"_blank\" rel=\"noopener\"><\/p>\n<p>        Ligue 1\u00a0: avec un bijou sign\u00e9 Demb\u00e9l\u00e9, le PSG couche Lille et prend (provisoirement\u00a0?) la t\u00eate<br \/>\n    <\/a>\n<\/p>\n<p>\n        23:14\n            <\/p>\n<p class=\"fig-live-post__title\" role=\"heading\" aria-level=\"3\">Demb\u00e9l\u00e9 brillant, Giroud discret&#8230; Les notes<\/p>\n<p class=\"fig-paragraph\">Retrouvez les notes attribu\u00e9es aux joueurs par nos journalistes pr\u00e9sents au Parc des Princes. Avec notamment Demb\u00e9l\u00e9 qui h\u00e9rite d\u2019un 8.\u00a0<\/p>\n<p class=\"fig-body-link\">\n            \u00c0 lire aussi<br \/>\n        <a class=\"fig-body-link__link fig-premium-mark\" href=\"http:\/\/www.lefigaro.fr\/sports\/football\/ligue-1\/les-notes-de-psg-lille-dembele-magique-doue-inconstant-giroud-discret-20260116\" data-fig-type=\"NewsFlash\" data-gtm-custom-categorie=\"navigation\" data-gtm-custom-action=\"crossclick\" data-gtm-custom-label=\"Contextuel\" data-gtm-event=\"customEventSPE\" data-fig-domain=\"LEFIGARO\" target=\"_blank\" rel=\"noopener\"><\/p>\n<p>        Les notes de PSG-Lille\u00a0: Demb\u00e9l\u00e9 magique, Dou\u00e9 inconstant, Giroud discret<br \/>\n    <\/a>\n<\/p>\n<p>\n        23:11\n            <\/p>\n<p class=\"fig-live-post__title\" role=\"heading\" aria-level=\"3\">Bouaddi : \u00abOn n\u2019a pas \u00e0 rougir\u00bb<\/p>\n<p class=\"fig-paragraph\"><strong>Ayyoub\u00a0Bouaddi\u00a0:<\/strong> On a manqu\u00e9 d\u2019efficacit\u00e9. Notamment au d\u00e9but de la seconde p\u00e9riode. Dans l\u2019ensemble, on a su rester disciplin\u00e9s. Apr\u00e8s, il y a des buts sur lesquels on ne peut rien faire.<\/p>\n<p class=\"fig-paragraph\"><strong>Un manque de folie\u00a0?<\/strong>\u00a0: Un peu mais c\u2019est dur quand on est men\u00e9 au score et qu\u2019on doit aller les chercher. On manque de lucidit\u00e9 et d\u2019\u00e9nergie.<\/p>\n<p class=\"fig-paragraph\"><strong>Sur une possible inqui\u00e9tude<\/strong>\u00a0: \u00abJe ne pense pas parce que dans ce qu\u2019on propose en termes de jeu, on n\u2019a pas \u00e0 rougir. On n\u2019est pas moches dans ce qu\u2019on fait.<\/p>\n<p>\n        23:09\n            <\/p>\n<p class=\"fig-live-post__title\" role=\"heading\" aria-level=\"3\">\u00abDemb\u00e9l\u00e9 est extraordinaire\u00bb<\/p>\n<p class=\"fig-paragraph\"><strong>Warren Za\u00efre-Emery<\/strong> <strong>:<\/strong> \u00abOn essaye de toujours jouer les matches de la m\u00eame mani\u00e8re. Des fois, \u00e7a ne marche pas. Aujourd\u2019hui, \u00e7a a bien fonctionn\u00e9 m\u00eame si notre premi\u00e8re p\u00e9riode est compliqu\u00e9e. En seconde, on a su faire les choses et mettre deux buts.<\/p>\n<p class=\"fig-paragraph\"><strong>Sur les changements tactiques de Luis Enrique<\/strong>\u00a0: \u00abCe sont les choix du coach, c\u2019est lui qui d\u00e9cide. Des fois, c\u2019est comme \u00e7a. Il faut faire des choix et le choix a fait le bon. \u00c7a a bien fonctionn\u00e9 en seconde p\u00e9riode.<\/p>\n<p class=\"fig-paragraph\"><strong>Sur le second but de Demb\u00e9l\u00e9\u00a0:<\/strong> \u00abC\u2019est la magie d\u2019Ousmane et tout son talent. C\u2019est un joueur extraordinaire. Il peut tout faire. Il peut faire la passe, marquer et d\u00e9fendre. C\u2019est un plaisir de jouer avec lui, il nous apporte beaucoup\u00bb.<\/p>\n<p>\n        23:03\n            <\/p>\n<p class=\"fig-live-post__title\" role=\"heading\" aria-level=\"3\">Ousmane Demb\u00e9l\u00e9 : \u00abJe me sens tr\u00e8s bien\u00bb<\/p>\n<p class=\"fig-paragraph\"><strong>Racontez-nous ce deuxi\u00e8me but <\/strong>: \u00abJe voulais tirer en une touche. Je rate un peu le contr\u00f4le et je viens le d\u00e9fenseur qui vient sur moi. Je me mets sur mon pied gauche, je vois le gardien avanc\u00e9 et j\u2019ai tent\u00e9 ma chance. Cela m\u2019a r\u00e9ussi\u00bb.<\/p>\n<p class=\"fig-paragraph\"><strong>O\u00f9 placer ce but <\/strong>: \u00abJe ne sais pas. Il y en a quelques-uns qui sont beaux mais celui-l\u00e0 est pas mal\u00bb.<\/p>\n<p class=\"fig-paragraph\"><strong>Sur son retour \u00e0 la comp\u00e9tition et sa mont\u00e9e en puissance<\/strong>\u00a0: \u00abJe me sens tr\u00e8s bien. J\u2019ai eu quelques blessures sur ma premi\u00e8re partie de saison mais c\u2019est un mal pour un bien pour moi. Je me sens bien, \u00e0 100 % pour la seconde partie\u00bb.<\/p>\n<p>\n        22:59\n            <\/p>\n<p class=\"fig-live-post__title\" role=\"heading\" aria-level=\"3\">Romain Perraud : \u00abJ\u2019ai vu de belles choses ce soir\u00bb<\/p>\n<p class=\"fig-paragraph\">Romain Perraud au micro de beIN Sports\u00a0: \u00abC\u2019est assez paradoxal parce que j\u2019ai l\u2019impression qu\u2019on n\u2019a pas fait un si mauvais match que \u00e7a. Dans les intentions, c\u2019\u00e9tait int\u00e9ressant. Il y a eu de bonnes sorties et de bons d\u00e9calages. Cela se joue sur l\u2019efficacit\u00e9. En face, il y a eu un grand Ousmane Demb\u00e9l\u00e9 qui met deux tr\u00e8s jolis buts. Il y a de la frustration et de la d\u00e9ception. On a une grosse occasion au bout d\u2019une minute de jeu. Si on ouvre le score, la physionomie aurait \u00e9t\u00e9 diff\u00e9rente. Il faut continuer j\u2019ai vu de belles choses ce soir\u00bb.<\/p>\n<p>\n        22:55\n            <\/p>\n<p class=\"fig-live-post__title\" role=\"heading\" aria-level=\"3\">En vid\u00e9o, le dernier but de Barcola<\/p>\n<p>\n        22:55\n            <\/p>\n<p class=\"fig-live-post__title\" role=\"heading\" aria-level=\"3\">Les r\u00e9actions \u00e0 suivre en direct<\/p>\n<p class=\"fig-paragraph\">Nous allons vous faire vivre l\u2019apr\u00e8s-match en captant les r\u00e9actions des diff\u00e9rents acteurs&#8230; Ousmane Demb\u00e9l\u00e9 devrait se pr\u00e9senter au micro de beIN Sports.<\/p>\n<p>\n        22:53\n            <\/p>\n<p class=\"fig-live-post__title\" role=\"heading\" aria-level=\"3\">Paris marche sur Lille et prend provisoirement la t\u00eate<\/p>\n<p class=\"fig-paragraph\">Gr\u00e2ce \u00e0 deux superbes buts de d\u2019Ousmane Demb\u00e9l\u00e9 et un dernier de Bradley Barcola dans le temps additionnel, le PSG prend provisoirement la t\u00eate de Ligue 1 devant Lens, apr\u00e8s sa victoire sur Lille (3-0).<\/p>\n<p class=\"fig-paragraph\">Un succ\u00e8s qui permet aussi de tourner la page \u00e0 la suite de l\u2019\u00e9limination surprise en Coupe de France. Les Lillois, eux, poursuivent leur mauvaise s\u00e9rie et restent \u00e0 la 4e place.<\/p>\n<p>\n        22:52\n            <\/p>\n<p class=\"fig-live-post__title\" role=\"heading\" aria-level=\"3\">ET LE BUT DE BRADLEY BARCOLAAAAA (92e)<\/p>\n<p class=\"fig-paragraph\">Tr\u00e8s actif depuis son entr\u00e9e en jeu, Bradley Barcola inscrit le troisi\u00e8me but des siens. Opportuniste, l\u2019international fran\u00e7ais r\u00e9cup\u00e8re une mauvaise passe d\u2019un Lillois et pousse au fond\u00a0!<\/p>\n<p>\n        22:49\n            <\/p>\n<p class=\"fig-live-post__title\" role=\"heading\" aria-level=\"3\">5 minutes de temps additionnel<\/p>\n<p class=\"fig-paragraph\">Cinq minutes de plaisir en plus ont \u00e9t\u00e9 signifi\u00e9es.<\/p>\n<p>\n        22:48\n            <\/p>\n<p class=\"fig-live-post__title\" role=\"heading\" aria-level=\"3\">Plus rien \u00e0 se mettre sous la dent (89e)<\/p>\n<p class=\"fig-paragraph\">Depuis le deuxi\u00e8me but de Demb\u00e9l\u00e9, le rythme de la partie est nettement moins \u00e9lev\u00e9. La fin de match est d\u00e9cousue voire brouillonne.<\/p>\n<p>\n        22:45\n            <\/p>\n<p class=\"fig-live-post__title\" role=\"heading\" aria-level=\"3\">Meunier entre en jeu (87e)<\/p>\n<p class=\"fig-paragraph\">Un ancien de la maison parisienne entre en jeu. Le Belge Thomas Meunier (2016-2020) a remplac\u00e9 Tiago Santos.<\/p>\n<p>\n        22:43\n            <\/p>\n<p class=\"fig-live-post__title\" role=\"heading\" aria-level=\"3\">Mandi d\u00e9fend bien sur Mendes (85e)<\/p>\n<p class=\"fig-paragraph\">Barcola adresse une passe en profondeur \u00e0 Mendes qui fonce vers le but. Mais le Lillois Mandi revient bien et d\u00e9tourne la frappe du Portugais.<\/p>\n<p>\n        22:42\n            <\/p>\n<p class=\"fig-live-post__title\" role=\"heading\" aria-level=\"3\">Sortie de Dou\u00e9 (83e)<\/p>\n<p class=\"fig-paragraph\">Actif mais parfois maladroit, D\u00e9sir\u00e9 Dou\u00e9 sort du terrain. Lucas Hernandez entre en jeu. Barcola est d\u00e9plac\u00e9 \u00e0 droite, Mendes prend l\u2019aile gauche.<\/p>\n<p>\n        22:41\n            <\/p>\n<p class=\"fig-live-post__title\" role=\"heading\" aria-level=\"3\">Chevalier s\u2019interpose devant Diaoune (82e)<\/p>\n<p class=\"fig-paragraph\">La d\u00e9fense parisienne est un peu passive sur le coup&#8230; Diaoune s\u2019infiltre, frappe mais son tir est trop \u00e9cras\u00e9. Chevalier capte le ballon.<\/p>\n<p>\n        22:38\n            <\/p>\n<p class=\"fig-live-post__title\" role=\"heading\" aria-level=\"3\">Belle parade d\u2019\u00d6zer (80e)<\/p>\n<p class=\"fig-paragraph\">Barcola trouve Ramos sur sa gauche. Le Portugais centre du gauche, le ballon tombe au second poteau et Dou\u00e9 tente une demi-vol\u00e9e. Le portier lillois capte le ballon, heureusement.<\/p>\n<p>\n        22:36\n            <\/p>\n<p class=\"fig-live-post__title\" role=\"heading\" aria-level=\"3\">Tr\u00e8s bon retour de Za\u00efre-Emery (77e)<\/p>\n<p class=\"fig-paragraph\">Le milieu parisien est autoritaire sur Broholm. Le contre peut \u00eatre lanc\u00e9.<\/p>\n<p>\n        22:35\n            <\/p>\n<p class=\"fig-live-post__title\" role=\"heading\" aria-level=\"3\">Giroud lui aussi remplac\u00e9<\/p>\n<p class=\"fig-paragraph\">Diaoune remplace un Giroud trop discret alors que Mbapp\u00e9 c\u00e8de lui aussi sa place \u00e0 Broholm.<\/p>\n<p>\n        22:34\n            <\/p>\n<p class=\"fig-live-post__title\" role=\"heading\" aria-level=\"3\">\u00c9norme ovation pour Demb\u00e9l\u00e9<\/p>\n<p class=\"fig-paragraph\">Ousmane Demb\u00e9l\u00e9, double buteur ce soir, laisse sa place sous les acclamations du public. Gon\u00e7alo Ramos le remplace.<\/p>\n<p>\n        22:31\n            <\/p>\n<p class=\"fig-live-post__title\" role=\"heading\" aria-level=\"3\">Giroud tente de retrouver Haraldsson&#8230; (73e)<\/p>\n<p class=\"fig-paragraph\">L\u2019Islandais percute bien aux abords de la surface du PSG, trouve Giroud qui tente de lui remettre le ballon&#8230; sans r\u00e9ussite.<\/p>\n<p>\n        22:29\n            <\/p>\n<p class=\"fig-live-post__title\" role=\"heading\" aria-level=\"3\">Bon retour de Zabarnyi (71e)<\/p>\n<p class=\"fig-paragraph\">Haraldsson croch\u00e8te dans la d\u00e9fense mais l\u2019Ukrainien revient bien et pousse en corner.<\/p>\n<p>\n        22:27\n            <\/p>\n<p class=\"fig-live-post__title\" role=\"heading\" aria-level=\"3\">En vid\u00e9o, l\u2019inspiration magique de Demb\u00e9l\u00e9<\/p>\n<p>\n        22:26\n            <\/p>\n<p class=\"fig-live-post__title\" role=\"heading\" aria-level=\"3\">Les Lillois n\u2019ont plus le choix (67e)<\/p>\n<p class=\"fig-paragraph\">Absents des d\u00e9bats en seconde p\u00e9riode, les Dogues vont devoir se r\u00e9veiller et se projeter vers l\u2019avant s\u2019ils veulent revenir dans la partie&#8230; Le coaching de Luis Enrique a fait du bien \u00e0 Paris.<\/p>\n<p>\n        22:23\n            <\/p>\n<p class=\"fig-live-post__title\" role=\"heading\" aria-level=\"3\">QUEL BUT D\u2019OUSMANE DEMBELE (64e)<\/p>\n<p class=\"fig-paragraph\">Mendes r\u00e9cup\u00e8re encore un ballon et sert Dou\u00e9. L\u2019ancien de Rennes sert Demb\u00e9l\u00e9 qui temporise, se remet sur son pied gauche et lobe de mani\u00e8re spectaculaire et incroyable \u00d6zer&#8230; Quel but du Ballon d\u2019or 2025.<\/p>\n<p>\n        22:21\n            <\/p>\n<p class=\"fig-live-post__title\" role=\"heading\" aria-level=\"3\">Kvaratskhelia laisse sa place (63e)<\/p>\n<p class=\"fig-paragraph\">Pas tr\u00e8s inspir\u00e9 ni en r\u00e9ussite, le G\u00e9orgien est remplac\u00e9 par Bradley Barcola.<\/p>\n<p>\n        22:20\n            <\/p>\n<p class=\"fig-live-post__title\" role=\"heading\" aria-level=\"3\">Faute grossi\u00e8re de Haraldsson (62e)<\/p>\n<p class=\"fig-paragraph\">L\u2019Islandais commet une grosse faute sur Dou\u00e9 qui l\u2019avait pris de vitesse&#8230; Carton jaune contre lui. Il y avait un 3 contre 2 \u00e0 jouer&#8230;<\/p>\n<p>\n        22:19\n            <\/p>\n<p class=\"fig-live-post__title\" role=\"heading\" aria-level=\"3\">Un bon coup franc pour le LOSC ne donne rien (61e)<\/p>\n<p class=\"fig-paragraph\">Sous les sifflets du Parc, un coup franc bien plac\u00e9 et frapp\u00e9 par Mbapp\u00e9 ne donne rien.<\/p>\n<p>\n        22:18\n            <\/p>\n<p class=\"fig-live-post__title\" role=\"heading\" aria-level=\"3\">Mendes illumine encore le Parc (59e)<\/p>\n<p class=\"fig-paragraph\">Le Portugais fait la diff\u00e9rence sur son contr\u00f4le, \u00e9chappe aux d\u00e9fenseurs et frappe tr\u00e8s fort du gauche&#8230; Le ballon fuit le cadre mais Mendes cr\u00e9e constamment du danger.<\/p>\n<p>\n        22:16\n            <\/p>\n<p class=\"fig-live-post__title\" role=\"heading\" aria-level=\"3\">Hors-jeu de Demb\u00e9l\u00e9 et but refus\u00e9 ! (58e)<\/p>\n<p class=\"fig-paragraph\">Lille peut souffler\u00a0! Demb\u00e9l\u00e9 est servi, centre sur Mendes qui pousse au fond des filets. Oui mais le but est refus\u00e9 pour une position de hors-jeu du Ballon d\u2019or 2025.<\/p>\n<p>\n        22:14\n            <\/p>\n<p class=\"fig-live-post__title\" role=\"heading\" aria-level=\"3\">Belle frappe de Dou\u00e9 ! (56e)<\/p>\n<p class=\"fig-paragraph\">Bonne frappe enroul\u00e9e de l\u2019international fran\u00e7ais mais \u00d6zer est sur la trajectoire. Lille ne voit plus le ballon et subit tous les assauts.<\/p>\n<p>\n        22:12\n            <\/p>\n<p class=\"fig-live-post__title\" role=\"heading\" aria-level=\"3\">Paris \u00e9touffe les Dogues (54e)<\/p>\n<p class=\"fig-paragraph\">Les joueurs de Luis Enrique campent dans les 30 m\u00e8tres lillois et confisquent le ballon aux adversaires du soir.<\/p>\n<p>\n        22:10\n            <\/p>\n<p class=\"fig-live-post__title\" role=\"heading\" aria-level=\"3\">Giroud trop peu servi (51e)<\/p>\n<p class=\"fig-paragraph\">Le buteur international est sevr\u00e9 de ballon dans cette seconde p\u00e9riode. Sur l\u2019ensemble de la partie, Giroud a \u00e9galement perdu sept ballons.<\/p>\n<p>\n        22:07\n            <\/p>\n<p class=\"fig-live-post__title\" role=\"heading\" aria-level=\"3\">Paris repart fort (49e)<\/p>\n<p class=\"fig-paragraph\">Dou\u00e9 trouve parfaitement Mendes d\u2019un beau piqu\u00e9 dans la profondeur mais le Portugais, sur son centre-tir, trouve les gants d\u2019\u00d6zer.<\/p>\n<p>\n        22:06\n            <\/p>\n<p class=\"fig-live-post__title\" role=\"heading\" aria-level=\"3\">Nicolas Sarkozy en tribune<\/p>\n<p>    Habitu\u00e9 du Parc, Nicolas Sarkozy est bien pr\u00e9sent pour la rencontre face \u00e0 Lille.<br \/>\n                Gonzalo Fuentes \/ REUTERS<\/p>\n<p>\n        22:06\n            <\/p>\n<p class=\"fig-live-post__title\" role=\"heading\" aria-level=\"3\">Dou\u00e9 bien pris par Perraud (47e)<\/p>\n<p class=\"fig-paragraph\">Le d\u00e9fenseur des Dogues ne se fait pas prendre sur les dribbles de Dou\u00e9. Le Parisien commet d\u2019ailleurs une faute.<\/p>\n<p>\n        22:04\n            <\/p>\n<p class=\"fig-live-post__title\" role=\"heading\" aria-level=\"3\">Zabarnyi est entr\u00e9 en jeu (45e)<\/p>\n<p class=\"fig-paragraph\">Le coup d\u2019envoi de la seconde p\u00e9riode a \u00e9t\u00e9 donn\u00e9. A noter que Zabarnyi est entr\u00e9 \u00e0 la place de Mayulu. L\u2019Ukrainien prend donc le poste de d\u00e9fenseur droit et Za\u00efre-Emery remonte au milieu.<\/p>\n<p>\n        22:03\n            <\/p>\n<p class=\"fig-live-post__title\" role=\"heading\" aria-level=\"3\">Une petite statistique sur Demb\u00e9l\u00e9<\/p>\n<p>\n        21:53\n            <\/p>\n<p class=\"fig-live-post__title\" role=\"heading\" aria-level=\"3\">Marquinhos : \u00abOn manque de patience\u00bb<\/p>\n<p class=\"fig-paragraph\"><strong>Marquinhos<\/strong>, au micro de beIN Sports\u00a0: \u00abOn essaye. Toutes les \u00e9quipes savent de plus en plus exploiter nos temps faibles. Cela fait trois ans que l\u2019on a un coach avec une philosophie. Les \u00e9quipes \u00e9tudient le Paris-Saint-Germain. On le sent. On doit \u00eatre costaud, on doit savoir g\u00e9rer les temps faibles. On n\u2019a pas pris de but. On a marqu\u00e9 mais on perd beaucoup de ballons par contre, on manque de patience. Ils nous ont fait courir. Il y a des petites choses \u00e0 am\u00e9liorer\u00bb.<\/p>\n<p>\n        21:47\n            <\/p>\n<p class=\"fig-live-post__title\" role=\"heading\" aria-level=\"3\">C\u2019est la pause au Parc, Paris m\u00e8ne<\/p>\n<p class=\"fig-paragraph\">Les acteurs retournent aux vestiaires malgr\u00e9 la col\u00e8re de Marquinhos envers l\u2019arbitre de la rencontre. Une superbe r\u00e9alisation de Demb\u00e9l\u00e9 permet \u00e0 Paris de mener (1-0). Mais les Lillois n\u2019ont pas dit leur dernier mot. Giroud et Mbapp\u00e9 ont notamment eu des actions chaudes dans la surface parisienne.<\/p>\n<p>\n        21:45\n            <\/p>\n<p class=\"fig-live-post__title\" role=\"heading\" aria-level=\"3\">Nouvelle occasion rat\u00e9e par Paris (44e)<\/p>\n<p class=\"fig-paragraph\">Khvicha Kvaratskhelia est parfaitement lanc\u00e9 dans la profondeur mais ne centre pas en premi\u00e8re intention. Il temporise et trouve Ruiz en retrait mais ce dernier commet une main.<\/p>\n<p>\n        21:43\n            <\/p>\n<p class=\"fig-live-post__title\" role=\"heading\" aria-level=\"3\">Dou\u00e9 manque aussi son centre (43e)<\/p>\n<p class=\"fig-paragraph\">Perraud prend le ballon derri\u00e8re la t\u00eate et reste au sol. Dou\u00e9 continue \u00e0 jouer, tente un centre mais le manque.<\/p>\n<p>\n        21:43\n            <\/p>\n<p class=\"fig-live-post__title\" role=\"heading\" aria-level=\"3\">Demb\u00e9l\u00e9 manque sa passe (42e)<\/p>\n<p class=\"fig-paragraph\">Du d\u00e9chet dans le jeu parisien. Demb\u00e9l\u00e9 tente un bel ext\u00e9rieur du pied mais le ballon ne peut \u00eatre r\u00e9cup\u00e9r\u00e9 par Za\u00efre-Emery.<\/p>\n<p>\n        21:41\n            <\/p>\n<p class=\"fig-live-post__title\" role=\"heading\" aria-level=\"3\">Bon corner pour Paris (41e)<\/p>\n<p class=\"fig-paragraph\">Kvaratskhelia et Mendes d\u00e9doublent bien sur le c\u00f4t\u00e9 gauche. Le Portugais tente un centre mais le ballon est envoy\u00e9 en corner.<\/p>\n<p>\n        21:39\n            <\/p>\n<p class=\"fig-live-post__title\" role=\"heading\" aria-level=\"3\">Beau duel entre Mendes et Mbapp\u00e9 (38e)<\/p>\n<p class=\"fig-paragraph\">Le lat\u00e9ral du PSG et le Lillois luttent \u00e9paule contre \u00e9paule mais le second cit\u00e9 commet une faute.<\/p>\n<p>\n        21:37\n            <\/p>\n<p class=\"fig-live-post__title\" role=\"heading\" aria-level=\"3\">Faute de Pacho (37e)<\/p>\n<p class=\"fig-paragraph\">L\u2019\u00c9quatorien pousse Giroud dans son dos. Faute et coup franc \u00e0 suivre.<\/p>\n<p>\n        21:36\n            <\/p>\n<p class=\"fig-live-post__title\" role=\"heading\" aria-level=\"3\">La rencontre perd en intensit\u00e9 (37e)<\/p>\n<p class=\"fig-paragraph\">Apr\u00e8s une premi\u00e8re demi-heure intense, le rythme est l\u00e9g\u00e8rement redescendu depuis quelques minutes.<\/p>\n<p>\n        21:36\n            <\/p>\n<p class=\"fig-live-post__title\" role=\"heading\" aria-level=\"3\">Kvaratskhelia \u00e0 la faute (35e)<\/p>\n<p class=\"fig-paragraph\">Le G\u00e9orgien perd son duel face \u00e0 Bouaddi et fait faute.<\/p>\n<p>\n        21:33\n            <\/p>\n<p class=\"fig-live-post__title\" role=\"heading\" aria-level=\"3\">Faute sur Demb\u00e9l\u00e9 (31e)<\/p>\n<p class=\"fig-paragraph\">Le Ballon d\u2019or 2025 r\u00e9cup\u00e8re un ballon mais Bentaleb est en retard sur son tacle.<\/p>\n<p>\n        21:29\n            <\/p>\n<p class=\"fig-live-post__title\" role=\"heading\" aria-level=\"3\">Dou\u00e9 contr\u00e9, bon retour de la d\u00e9fense de Lille (28e)<\/p>\n<p class=\"fig-paragraph\">Demb\u00e9l\u00e9, Ruiz et Dou\u00e9 combinent bien dans la surface de Lille mais la d\u00e9fense des Dogues est vigilante. Ballon rendu au LOSC.<\/p>\n<p>\n        21:28\n            <\/p>\n<p class=\"fig-live-post__title\" role=\"heading\" aria-level=\"3\">Santos manque sa passe pour Giroud (27e)<\/p>\n<p class=\"fig-paragraph\">Quel dommage pour Santos et Lille&#8230; Le Portugais remonte bien le ballon et s\u2019avance vers le but du PSG mais manque sa passe pour Giroud.<\/p>\n<p>\n        21:26\n            <\/p>\n<p class=\"fig-live-post__title\" role=\"heading\" aria-level=\"3\">En vid\u00e9o, le superbe but de Demb\u00e9l\u00e9<\/p>\n<p>\n        21:24\n            <\/p>\n<p class=\"fig-live-post__title\" role=\"heading\" aria-level=\"3\">Giroud touche le poteau ! (23e)<\/p>\n<p class=\"fig-paragraph\">L\u2019attaquant fran\u00e7ais r\u00e9cup\u00e8re un ballon, se retourne et tente une frappe difficile. Cette derni\u00e8re tombe encore contre le montant de Chevalier\u00a0!<\/p>\n<p>\n        21:22\n            <\/p>\n<p class=\"fig-live-post__title\" role=\"heading\" aria-level=\"3\">Bouaddi tr\u00e8s actif (21e)<\/p>\n<p class=\"fig-paragraph\">Le jeune talent lillois se d\u00e9multiplie dans ses 20 premi\u00e8res minutes, malgr\u00e9 une passe dangereuse et r\u00e9cup\u00e9r\u00e9e par un Parisien quelques minutes auparavant.<\/p>\n<p>\n        21:19\n            <\/p>\n<p class=\"fig-live-post__title\" role=\"heading\" aria-level=\"3\">Kvaratskhelia pas loin de marquer (18e)<\/p>\n<p class=\"fig-paragraph\">Le G\u00e9orgien rentre dans la surface, dribble vers l\u2019int\u00e9rieur mais ne peut pas frapper&#8230; Les Parisiens ne sont pas loin de doubler la mise.<\/p>\n<p>\n        21:18\n            <\/p>\n<p class=\"fig-live-post__title\" role=\"heading\" aria-level=\"3\">Passe trop forte de Za\u00efre-Emery (17e)<\/p>\n<p class=\"fig-paragraph\">Tr\u00e8s bonne r\u00e9cup\u00e9ration du PSG mais Za\u00efre-Emery envoie une passe un poil trop puissante dans la profondeur. Demb\u00e9l\u00e9 \u00e9tait lanc\u00e9&#8230;<\/p>\n<p>\n        21:16\n            <\/p>\n<p class=\"fig-live-post__title\" role=\"heading\" aria-level=\"3\">Le but a fait du bien \u00e0 Paris (15e)<\/p>\n<p class=\"fig-paragraph\">Malgr\u00e9 une bonne conservation du ballon en d\u00e9but de rencontre, Paris a \u00e9chapp\u00e9 \u00e0 deux actions chaudes des Dogues. Le but de Demb\u00e9l\u00e9 va permettre aux Parisiens d\u2019\u00eatre plus tranquilles.<\/p>\n<p>\n        21:13\n            <\/p>\n<p class=\"fig-live-post__title\" role=\"heading\" aria-level=\"3\">DEMBELE OUVRE LE SCORE (12e, 1-0)<\/p>\n<p class=\"fig-paragraph\">Mayulu r\u00e9cup\u00e8re le ballon, sert Vitinha qui d\u00e9cale tout de suite Demb\u00e9l\u00e9. Le dernier Ballon d\u2019or frappe parfaitement du gauche et trompe magnifiquement \u00d6zer. Magnifique\u00a0! Paris ouvre le score.<\/p>\n<p>\n        21:10\n            <\/p>\n<p class=\"fig-live-post__title\" role=\"heading\" aria-level=\"3\">Bon centre de Dou\u00e9 mais personne \u00e0 la r\u00e9ception (9e)<\/p>\n<p class=\"fig-paragraph\">D\u00e9sir\u00e9 Dou\u00e9 d\u00e9borde sur la droite et adresse un centre fuyant. La d\u00e9fense lilloise d\u00e9gage.<\/p>\n<p>\n        21:08\n            <\/p>\n<p class=\"fig-live-post__title\" role=\"heading\" aria-level=\"3\">Paris a la possession mais&#8230; (8e)<\/p>\n<p class=\"fig-paragraph\">Les Parisiens conservent bien le ballon mais la d\u00e9fense lilloise est solide. Demb\u00e9l\u00e9 n\u2019a pas encore \u00e9t\u00e9 bien servi.<\/p>\n<p>\n        21:07\n            <\/p>\n<p class=\"fig-live-post__title\" role=\"heading\" aria-level=\"3\">Mbapp\u00e9 encore ! (6e)<\/p>\n<p class=\"fig-paragraph\">Haraldsson trouve parfaitement Mbapp\u00e9 qui fait encore parler sa vitesse mais qui bute sur Chevalier. Il va falloir le surveiller.<\/p>\n<p>\n        21:05\n            <\/p>\n<p class=\"fig-live-post__title\" role=\"heading\" aria-level=\"3\">Dou\u00e9 perd la balle dans la surface (4e)<\/p>\n<p class=\"fig-paragraph\">Nuno Mendes jaillit et cr\u00e9e du danger. Le Portugais centre mais Dou\u00e9 perd le ballon.<\/p>\n<p>\n        21:03\n            <\/p>\n<p class=\"fig-live-post__title\" role=\"heading\" aria-level=\"3\">Quelle occasion lilloise ! (2e)<\/p>\n<p class=\"fig-paragraph\">Long d\u00e9gagement de \u00d6zer et Ethan Mbapp\u00e9 fait parler sa vitesse\u00a0! Pacho d\u00e9vie de justesse le ballon mais Giroud, face \u00e0 un Chevalier acteur et passif, heurte la barre\u00a0! Paris a eu chaud.<\/p>\n<p>\n        21:01\n            <\/p>\n<p class=\"fig-live-post__title\" role=\"heading\" aria-level=\"3\">Premi\u00e8re possession parisienne (1e)<\/p>\n<p class=\"fig-paragraph\">D\u2019entr\u00e9e de jeu, le PSG dicte le tempo. Kvaratskhelia est servi plusieurs fois sur son aile.<\/p>\n<p>\n        21:00\n            <\/p>\n<p class=\"fig-live-post__title\" role=\"heading\" aria-level=\"3\">C\u2019est parti<\/p>\n<p class=\"fig-paragraph\">Le coup d\u2019envoi de ce choc a \u00e9t\u00e9 donn\u00e9\u00a0! Bon match \u00e0 tous.<\/p>\n<p>\n        20:55\n            <\/p>\n<p class=\"fig-live-post__title\" role=\"heading\" aria-level=\"3\">Les joueurs sont sur la pelouse<\/p>\n<p class=\"fig-paragraph\">Le coup d\u2019envoi est imminent.<\/p>\n<p>\n        20:51\n            <\/p>\n<p class=\"fig-live-post__title\" role=\"heading\" aria-level=\"3\">Restez avec nous \u00e0 l\u2019issue de la rencontre<\/p>\n<p class=\"fig-paragraph\">Nous commenterons en direct les r\u00e9actions des diff\u00e9rents acteurs du choc.<\/p>\n<p>\n        20:41\n            <\/p>\n<p class=\"fig-live-post__title\" role=\"heading\" aria-level=\"3\">Un point sur le classement<\/p>\n<p class=\"fig-paragraph\">Lens (40 points), qui d\u00e9fiera Auxerre ce samedi, est toujours leader du championnat. Mais ce vendredi soir, si le PSG (39 points) venait \u00e0 s\u2019imposer, le club parisien prendrait provisoirement la t\u00eate du classement. A la derni\u00e8re marche du podium, Marseille compte sept longueurs de retard sur Paris et se retrouve \u00e0 \u00e9galit\u00e9 avec\u2026 le LOSC (35 points). Les Nordistes pourraient donc mettre la pression sur l\u2019OM avant le d\u00e9placement de ce dernier samedi \u00e0 Angers.<\/p>\n<p>\n        20:36\n            <\/p>\n<p class=\"fig-live-post__title\" role=\"heading\" aria-level=\"3\">Les v\u00e9rit\u00e9s du pr\u00e9sident lillois Olivier L\u00e9tang au Figaro avant le choc face au PSG<\/p>\n<p class=\"fig-paragraph\">Sanctionn\u00e9 pour son attitude envers les arbitres, le pr\u00e9sident du LOSC fait parler au sein du monde du football. Avant le choc contre le PSG, il se confie longuement au Figaro. Un entretien savoureux\u00a0<a href=\"https:\/\/www.lefigaro.fr\/sports\/football\/ligue-1\/j-ai-raison-sur-le-fond-pas-sur-la-forme-arbitrage-ia-droits-tv-les-verites-d-olivier-letang-au-figaro-20260115\" target=\"_blank\" data-fig-type=\"Article\" rel=\"noopener\" data-gtm-custom-categorie=\"navigation\" data-gtm-custom-action=\"crossclick\" data-gtm-custom-label=\"Contextuel\" data-gtm-event=\"customEventSPE\" data-fig-domain=\"LEFIGARO\">\u00e0 lire ici<\/a>.<\/p>\n<p>\n        20:28\n            <\/p>\n<p class=\"fig-live-post__title\" role=\"heading\" aria-level=\"3\">Chevalier retrouve Lille<\/p>\n<p class=\"fig-paragraph\">L\u2019ancien portier lillois (2021-2025 chez les professionnels), sera titulaire face \u00e0 son ancien club. Des retrouvailles forc\u00e9ment particuli\u00e8res pour le gardien parisien.<\/p>\n<p>    Chevalier retrouve Lille.<br \/>\n                Gonzalo Fuentes \/ REUTERS<\/p>\n<p>\n        20:26\n            <\/p>\n<p class=\"fig-live-post__title\" role=\"heading\" aria-level=\"3\">\u00ab S\u2019il y a des gens qui ont des doutes, je ne le comprends pas \u00bb, les mots d\u2019Enrique en conf\u00e9rence de presse<\/p>\n<p class=\"fig-paragraph\">Invit\u00e9 devant la presse ce jeudi, Luis Enrique a r\u00e9pondu aux questions des journalistes et ne s\u2019affole pas malgr\u00e9 l\u2019\u00e9limination surprise en Coupe de France.<\/p>\n<p class=\"fig-paragraph\"><a href=\"https:\/\/www.lefigaro.fr\/sports\/football\/ligue-1\/psg-s-il-y-a-des-gens-qui-ont-des-doutes-je-ne-le-comprends-pas-grince-luis-enrique-20260115\" target=\"_blank\" data-fig-type=\"NewsFlash\" rel=\"noopener\" data-gtm-custom-categorie=\"navigation\" data-gtm-custom-action=\"crossclick\" data-gtm-custom-label=\"Contextuel\" data-gtm-event=\"customEventSPE\" data-fig-domain=\"LEFIGARO\">A retrouver ici<\/a>.<\/p>\n<p>\n        20:19\n            <\/p>\n<p class=\"fig-live-post__title\" role=\"heading\" aria-level=\"3\">Malheur au vaincu<\/p>\n<p class=\"fig-paragraph\">Le PSG, pas encore \u00e0 son meilleur niveau et \u00e9limin\u00e9 en 16es de finale de la Coupe de France par le voisin du Paris FC, veut acc\u00e9l\u00e9rer en 2026. Les Dogues, eux, restent sur deux d\u00e9faites cons\u00e9cutives \u00e0 domicile cette ann\u00e9e. Vous l\u2019aurez compris, le moindre faux pas pourrait co\u00fbter cher dans la dynamique d\u2019un club et surtout dans la course au titre en Ligue 1.<\/p>\n<p class=\"fig-paragraph\">Le d\u00e9cryptage de notre envoy\u00e9 sp\u00e9cial Christophe Remise est\u00a0<a href=\"https:\/\/www.lefigaro.fr\/sports\/football\/ligue-1\/ligue-1-psg-lille-malheur-au-vaincu-20260116\" target=\"_blank\" data-fig-type=\"NewsFlash\" rel=\"noopener\" data-gtm-custom-categorie=\"navigation\" data-gtm-custom-action=\"crossclick\" data-gtm-custom-label=\"Contextuel\" data-gtm-event=\"customEventSPE\" data-fig-domain=\"LEFIGARO\">\u00e0 lire ici<\/a>.<\/p>\n<p>\n        20:18\n            <\/p>\n<p class=\"fig-live-post__title\" role=\"heading\" aria-level=\"3\">La composition du LOSC, avec Giroud capitaine<\/p>\n<p class=\"fig-paragraph\">Bruno Genesio titularise notamment son champion du monde Olivier Giroud \u00e0 la pointe de l\u2019attaque ou encore l\u2019ancien Parisien\u00a0<a href=\"http:\/\/www.lefigaro.fr\/sports\/football\/ligue-1\/psg-lille-coup-franc-de-nuno-mendes-egalisation-d-ethan-mbappe-le-resume-en-video-20251006\" target=\"_blank\" data-fig-type=\"NewsFlash\" rel=\"noopener\" data-gtm-custom-categorie=\"navigation\" data-gtm-custom-action=\"crossclick\" data-gtm-custom-label=\"Contextuel\" data-gtm-event=\"customEventSPE\" data-fig-domain=\"LEFIGARO\">Ethan Mbapp\u00e9, buteur \u00e0 l\u2019aller<\/a>, mais pas le Belge Thomas Meunier.<\/p>\n<p class=\"fig-paragraph\">De retour de la CAN, Ngal\u2019ayel Mukau et Aissa Mandi d\u00e9buteront dans le 11, respectivement au milieu et en charni\u00e8re. Dans les buts, Berke Ozer r\u00e9cup\u00e8re sa place de titulaire.<\/p>\n<p class=\"fig-paragraph\"><strong>Le 11 lillois\u00a0:\u00a0<\/strong>\u00d6zer &#8211; Santos, Ngoy, Mandi, Perraud &#8211; Bentaleb, Bouaddi &#8211; Mbappe, Mukau, Haraldsson &#8211; Giroud.<\/p>\n<p>\n        20:17\n            <\/p>\n<p class=\"fig-live-post__title\" role=\"heading\" aria-level=\"3\">La composition du PSG, avec les cadres mais sans Neves<\/p>\n<p class=\"fig-paragraph\">Luis Enrique aligne une \u00e9quipe assez classique, sachant que des gar\u00e7ons comme Achraf Hakimi (CAN) ou Jo\u00e3o Neves (bless\u00e9) sont indisponibles. Ancien du Losc,\u00a0<a href=\"http:\/\/www.lefigaro.fr\/sports\/football\/ligue-des-champions\/gardien-au-psg-ce-n-est-pas-le-meme-metier-qu-a-lille-lucas-chevalier-se-livre-au-figaro-pour-son-premier-grand-entretien-depuis-son-arrivee-a-paris-20251103\" target=\"_blank\" data-fig-type=\"NewsFlash\" rel=\"noopener\" data-gtm-custom-categorie=\"navigation\" data-gtm-custom-action=\"crossclick\" data-gtm-custom-label=\"Contextuel\" data-gtm-event=\"customEventSPE\" data-fig-domain=\"LEFIGARO\">Lucas Chevalier<\/a>\u00a0gardera \u00e9videmment les buts parisiens. Le coach espagnol a mis\u00e9 sur Senny Mayulu au milieu, \u00e0 la place de Neves, et sur un trio offensif Dou\u00e9\/Demb\u00e9l\u00e9\/Kvaratskhelia devant<\/p>\n<p class=\"fig-paragraph\"><strong>Le 11 parisien<\/strong>\u00a0: Chevalier &#8211; Za\u00efre-Emery, Marquinhos, Pacho, Nuno Mendes &#8211; Mayulu, Vitinha, Ruiz &#8211; Dou\u00e9, Demb\u00e9l\u00e9, Kvaratskhelia.<\/p>\n<p class=\"fig-body-link\">\n            \u00c0 lire aussi<br \/>\n        <a class=\"fig-body-link__link\" href=\"http:\/\/www.lefigaro.fr\/sports\/football\/ligue-1\/ligue-1-retour-des-cadres-pour-paris-giroud-et-mbappe-titulaires-avec-le-losc-les-compos-de-psg-lille-20260116\" target=\"_blank\" data-fig-type=\"NewsFlash\" rel=\"noopener\" data-gtm-custom-categorie=\"navigation\" data-gtm-custom-action=\"crossclick\" data-gtm-custom-label=\"Contextuel\" data-gtm-event=\"customEventSPE\" data-fig-domain=\"LEFIGARO\"><\/p>\n<p>        Ligue 1\u00a0: retour des cadres pour Paris, Giroud et Mbapp\u00e9 titulaires avec le Losc\u2026 Les compos de PSG-Lille<br \/>\n    <\/a>\n<\/p>\n<p>\n        20:13\n            <\/p>\n<p class=\"fig-live-post__title\" role=\"heading\" aria-level=\"3\">Bonsoir et bienvenue<\/p>\n<p class=\"fig-paragraph\">Ravi de vous retrouver le site du Figaro pour suivre ensemble le choc de la 18e journ\u00e9e de Ligue 1 entre le PSG et Lille. Coup d\u2019envoi \u00e0 21h.<\/p>\n<p>                Les publications appara\u00eetront ici<\/p>\n<p>            Fermer<\/p>\n","protected":false},"excerpt":{"rendered":"Le Paris Saint-Germain prend provisoirement la place de leader de Ligue\u00a01 devant Lens apr\u00e8s sa victoire ce vendredi&hellip;\n","protected":false},"author":2,"featured_media":669075,"comment_status":"","ping_status":"","sticky":false,"template":"","format":"standard","meta":{"footnotes":""},"categories":[1888],"tags":[11,525,1981,814,1777,674,2257,63,1011,27,3309,66,1307,2267,955,12,1176,978,626,93,25,1980],"class_list":{"0":"post-669074","1":"post","2":"type-post","3":"status-publish","4":"format-standard","5":"has-post-thumbnail","7":"category-paris","8":"tag-actualites","9":"tag-calendrier","10":"tag-classement","11":"tag-direct","12":"tag-eu","13":"tag-europe","14":"tag-foot","15":"tag-football","16":"tag-fr","17":"tag-france","18":"tag-l1","19":"tag-ligue-1","20":"tag-lille","21":"tag-losc","22":"tag-match","23":"tag-news","24":"tag-olympique-de-marseille","25":"tag-olympique-lyonnais","26":"tag-paris","27":"tag-psg","28":"tag-republique-francaise","29":"tag-resultats"},"share_on_mastodon":{"url":"https:\/\/pubeurope.com\/@fr\/115908127132289871","error":""},"_links":{"self":[{"href":"https:\/\/www.europesays.com\/fr\/wp-json\/wp\/v2\/posts\/669074","targetHints":{"allow":["GET"]}}],"collection":[{"href":"https:\/\/www.europesays.com\/fr\/wp-json\/wp\/v2\/posts"}],"about":[{"href":"https:\/\/www.europesays.com\/fr\/wp-json\/wp\/v2\/types\/post"}],"author":[{"embeddable":true,"href":"https:\/\/www.europesays.com\/fr\/wp-json\/wp\/v2\/users\/2"}],"replies":[{"embeddable":true,"href":"https:\/\/www.europesays.com\/fr\/wp-json\/wp\/v2\/comments?post=669074"}],"version-history":[{"count":0,"href":"https:\/\/www.europesays.com\/fr\/wp-json\/wp\/v2\/posts\/669074\/revisions"}],"wp:featuredmedia":[{"embeddable":true,"href":"https:\/\/www.europesays.com\/fr\/wp-json\/wp\/v2\/media\/669075"}],"wp:attachment":[{"href":"https:\/\/www.europesays.com\/fr\/wp-json\/wp\/v2\/media?parent=669074"}],"wp:term":[{"taxonomy":"category","embeddable":true,"href":"https:\/\/www.europesays.com\/fr\/wp-json\/wp\/v2\/categories?post=669074"},{"taxonomy":"post_tag","embeddable":true,"href":"https:\/\/www.europesays.com\/fr\/wp-json\/wp\/v2\/tags?post=669074"}],"curies":[{"name":"wp","href":"https:\/\/api.w.org\/{rel}","templated":true}]}}