{"id":669097,"date":"2026-01-17T02:57:27","date_gmt":"2026-01-17T02:57:27","guid":{"rendered":"https:\/\/www.europesays.com\/fr\/669097\/"},"modified":"2026-01-17T02:57:27","modified_gmt":"2026-01-17T02:57:27","slug":"tom-pidcock-devoile-son-programme-des-classiques-actualite","status":"publish","type":"post","link":"https:\/\/www.europesays.com\/fr\/669097\/","title":{"rendered":"Tom Pidcock d\u00e9voile son programme des classiques &#8211; Actualit\u00e9"},"content":{"rendered":"<p>L&rsquo;\u00e9quipe\u00a0<strong><a href=\"https:\/\/www.directvelo.com\/equipe\/9028\/pinarello-q36-5-pro-cycling-team\" target=\"_blank\" rel=\"noopener\">Pinarello-Q36.5 Pro Cycling Team<\/a><\/strong> a d\u00e9voil\u00e9 le programme de son leader<strong> <a href=\"https:\/\/www.directvelo.com\/coureur\/16414\/thomas-pidcock\" target=\"_blank\" rel=\"noopener\">Thomas Pidcock<\/a> <\/strong>pour la premi\u00e8re partie de la saison 2026. Apr\u00e8s un d\u00e9but de saison en Espagne, au Tour de Murcie (13-14 f\u00e9vrier), il reviendra vite sur le terrain des classiques d\u00e8s le 28 f\u00e9vrier au Circuit Het Nieuwsblad, sa premi\u00e8re course du WorldTour. Il partira ensuite en Italie pour doubler Strade Bianche et Milan-San Remo avant de pr\u00e9parer les Ardennaises au Tour de Catalogne (23-29 mars).<\/p>\n<p>Au mois d&rsquo;avril, il participera \u00e0 la Fl\u00e8che Braban\u00e7onne, l&rsquo;Amstel Gold Race, la Fl\u00e8che Wallonne et Li\u00e8ge-Bastogne-Li\u00e8ge, \u00ab\u00a0l&rsquo;objectif principal de son programme du printemps\u00a0\u00bb, pr\u00e9cise le communiqu\u00e9 de son groupe sportif. En\u00a0 2023, l&rsquo;ann\u00e9e de son succ\u00e8s dans les Strade Bianche, Tom Pidcock avait \u00e9t\u00e9 le dernier \u00e0 r\u00e9sister \u00e0 Remco Evenepoel dans Li\u00e8ge-Bastogne-Li\u00e8ge.<\/p>\n<p><strong>Le programme de Tom Pidcock<\/strong> :<br \/>13\/02 &#8211; 14\/02 : Tour de Murcie (2.1)<br \/>16\/02 : Clasica Jaen (1.1)\u00a0<br \/>18\/02 &#8211; 22\/02 : Tour d&rsquo;Andalousie-Ruta del Sol (2.Pro)\u00a0<br \/>28\/02 : Circuit Het Nieuwsblad (1.UWT)\u00a0<br \/>07\/03 : Strade Bianche (1.UWT)\u00a0<br \/>18\/03 : Milan-Turin (1.Pro)\u00a0<br \/>21\/03 : Milan-San Remo (1.UWT)<br \/>23\/03 &#8211; 29\/03 : Tour de Catalogne (2.UWT)\u00a0<br \/>17\/04 : Fl\u00e8che Braban\u00e7onne (1.Pro)\u00a0<br \/>19\/04 : Amstel Gold Race (1.UWT)\u00a0<br \/>22\/04 : La Fl\u00e8che Wallonne (1.UWT)<br \/>26\/04 : Li\u00e8ge-Bastogne-Li\u00e8ge (1.UWT)<\/p>\n","protected":false},"excerpt":{"rendered":"L&rsquo;\u00e9quipe\u00a0Pinarello-Q36.5 Pro Cycling Team a d\u00e9voil\u00e9 le programme de son leader Thomas Pidcock pour la premi\u00e8re partie de&hellip;\n","protected":false},"author":2,"featured_media":669098,"comment_status":"","ping_status":"","sticky":false,"template":"","format":"standard","meta":{"footnotes":""},"categories":[1411],"tags":[834,828,836,829,837,827,83,826,824,823,1154,207,814,817,815,816,822,821,832,211,839,1011,27,820,818,819,835,831,830,833,838,60,212,208,825],"class_list":{"0":"post-669097","1":"post","2":"type-post","3":"status-publish","4":"format-standard","5":"has-post-thumbnail","7":"category-cyclisme","8":"tag-attaque","9":"tag-belgique","10":"tag-braquet","11":"tag-bretagne","12":"tag-chute","13":"tag-competition","14":"tag-coupe-de-france","15":"tag-coureur","16":"tag-course-cyclisme","17":"tag-course-cycliste","18":"tag-cycling","19":"tag-cyclisme","20":"tag-direct","21":"tag-direct-velo","22":"tag-directvelo","23":"tag-directvelo-com","24":"tag-epreuve","25":"tag-epreuve-cycliste","26":"tag-federation-francaise-de-cyclisme","27":"tag-ffc","28":"tag-flandres","29":"tag-fr","30":"tag-france","31":"tag-live","32":"tag-live-course","33":"tag-live-epreuve","34":"tag-peloton","35":"tag-radio-peloton","36":"tag-radio-tour","37":"tag-ravitaillement","38":"tag-relance","39":"tag-sports","40":"tag-uci","41":"tag-velo","42":"tag-velos"},"share_on_mastodon":{"url":"https:\/\/pubeurope.com\/@fr\/115908197946137794","error":""},"_links":{"self":[{"href":"https:\/\/www.europesays.com\/fr\/wp-json\/wp\/v2\/posts\/669097","targetHints":{"allow":["GET"]}}],"collection":[{"href":"https:\/\/www.europesays.com\/fr\/wp-json\/wp\/v2\/posts"}],"about":[{"href":"https:\/\/www.europesays.com\/fr\/wp-json\/wp\/v2\/types\/post"}],"author":[{"embeddable":true,"href":"https:\/\/www.europesays.com\/fr\/wp-json\/wp\/v2\/users\/2"}],"replies":[{"embeddable":true,"href":"https:\/\/www.europesays.com\/fr\/wp-json\/wp\/v2\/comments?post=669097"}],"version-history":[{"count":0,"href":"https:\/\/www.europesays.com\/fr\/wp-json\/wp\/v2\/posts\/669097\/revisions"}],"wp:featuredmedia":[{"embeddable":true,"href":"https:\/\/www.europesays.com\/fr\/wp-json\/wp\/v2\/media\/669098"}],"wp:attachment":[{"href":"https:\/\/www.europesays.com\/fr\/wp-json\/wp\/v2\/media?parent=669097"}],"wp:term":[{"taxonomy":"category","embeddable":true,"href":"https:\/\/www.europesays.com\/fr\/wp-json\/wp\/v2\/categories?post=669097"},{"taxonomy":"post_tag","embeddable":true,"href":"https:\/\/www.europesays.com\/fr\/wp-json\/wp\/v2\/tags?post=669097"}],"curies":[{"name":"wp","href":"https:\/\/api.w.org\/{rel}","templated":true}]}}