{"id":669106,"date":"2026-01-17T03:03:20","date_gmt":"2026-01-17T03:03:20","guid":{"rendered":"https:\/\/www.europesays.com\/fr\/669106\/"},"modified":"2026-01-17T03:03:20","modified_gmt":"2026-01-17T03:03:20","slug":"dediee-a-sa-mere-sa-nouvelle-chanson-la-lune-va-vous-bouleverser","status":"publish","type":"post","link":"https:\/\/www.europesays.com\/fr\/669106\/","title":{"rendered":"d\u00e9di\u00e9e \u00e0 sa m\u00e8re, sa nouvelle chanson \u00ab\u00a0La lune\u00a0\u00bb va vous bouleverser"},"content":{"rendered":"<p>\n        Christophe Ma\u00e9 pr\u00e9pare son retour. Pour pr\u00e9senter son nouvel album attendu le 20 mars, le chanteur d\u00e9voile \u00ab\u00a0La lune\u00a0\u00bb, titre intime qu&rsquo;il d\u00e9die \u00e0 sa m\u00e8re. \u00c0 \u00e9couter sur Purecharts !\n    <\/p>\n<p class=\"content-paragraph\"><img decoding=\"async\" src=\"https:\/\/www.europesays.com\/fr\/wp-content\/uploads\/2026\/01\/photo_1768555861.jpg\" class=\"textcenter img-content\" loading=\"lazy\" style=\"margin-bottom: 0;\"\/>Fabien Vieilletoile <br \/>Ces derniers mois, Christophe Ma\u00e9 a occup\u00e9 l&rsquo;actualit\u00e9 \u00e0 travers <a href=\"https:\/\/www.chartsinfrance.net\/Le-Roi-Soleil\/news-134654.html\" class=\"articlepage-link\" target=\"_blank\" rel=\"noopener\">le retour triomphal du \u00ab\u00a0Roi Soleil\u00a0\u00bb<\/a>, com\u00e9die musicale qui l&rsquo;a r\u00e9v\u00e9l\u00e9 en 2005. L&rsquo;artiste a pass\u00e9 <a href=\"https:\/\/www.chartsinfrance.net\/Christophe-Mae\/news-134682.html\" class=\"articlepage-link\" target=\"_blank\" rel=\"noopener\">le relais \u00e0 Louis Delort<\/a>, qui campe \u00e0 son tour le fantasque fr\u00e8re de Louis XIV, en assistant \u00e0 la premi\u00e8re du spectacle au D\u00f4me de Paris. Et s&rsquo;<a href=\"https:\/\/www.chartsinfrance.net\/Le-Roi-Soleil\/news-134687.html\" class=\"articlepage-link\" target=\"_blank\" rel=\"noopener\">il n&rsquo;a pas repris son r\u00f4le<\/a>, c&rsquo;est que Dove Attia ne lui a pas propos\u00e9. \u00ab J&rsquo;\u00e9tais dans l&rsquo;enregistrement de mon prochain disque qui va sortir en mars avec une premi\u00e8re chanson en janvier. Mais dans 20 ans pourquoi pas ! \u00bb a-t-il fait confirmer. Car Christophe Ma\u00e9 aura en effet une ann\u00e9e 2026 bien charg\u00e9e ! Apr\u00e8s le disque <a href=\"https:\/\/www.chartsinfrance.net\/actualite\/news-124343.html\" class=\"articlepage-link\" target=\"_blank\" rel=\"noopener\">\u00ab\u00a0C&rsquo;est dr\u00f4le la vie\u00a0\u00bb<\/a> et la tourn\u00e9e \u00ab\u00a0Carnet de Voyage\u00a0\u00bb aux plus de 400.000 spectateurs, le chanteur reprendra la route pour aller \u00e0 la rencontre du public afin de c\u00e9l\u00e9brer ses 50 ans d\u00e8s le 18 juin prochain. Deux concerts \u00e0 l&rsquo;Accor Arena de Paris sont pr\u00e9vus les 19 et 20 novembre !<\/p>\n<p>\u00ab\u00a0Une m\u00e8re, on n&rsquo;en a qu&rsquo;une\u00a0\u00bb<\/p>\n<p class=\"content-paragraph\"> Qui dit nouvelle tourn\u00e9e dit nouvel album. \u00ab Chaque d\u00e9but d&rsquo;ann\u00e9e, je me demande ce qui m&rsquo;attend&#8230; 2026 commence tr\u00e8s fort car je sais d\u00e9j\u00e0 que je vais vous retrouver sur les routes tr\u00e8s vite. Il y a des retours qui font battre le coeur plus fort \u00bb \u00e9crit Christophe Ma\u00e9 sur son compte Instagram, heureux de d\u00e9voiler aujourd&rsquo;hui le v\u00e9ritable premier extrait de son disque \u00e0 venir, \u00ab\u00a0La lune\u00a0\u00bb. Et s&rsquo;il a choisi ce jour en particulier ce n&rsquo;est pas un hasard : nous f\u00eatons la Saint Marcel, le pr\u00e9nom de son fils ! La chanson porte une forte valeur familiale et personnelle, car elle est d\u00e9di\u00e9e \u00e0 la m\u00e8re de l&rsquo;artiste. \u00ab C&rsquo;est une chanson tr\u00e8s importante pour moi. J&rsquo;ai pris \u00e9norm\u00e9ment de plaisir \u00e0 l&rsquo;\u00e9crire, elle m&rsquo;a fait du bien. Plus le temps passe, plus tu te rends compte de la fragilit\u00e9 de la vie. Je viens d&rsquo;une famille o\u00f9 l&rsquo;amour se vit mais ne se dit pas. \u00c0 travers cette chanson, je l&rsquo;enlace et je lui dis je t&rsquo;aime \u00bb assure-t-il, \u00e9mu, dans les colonnes du <a href=\"https:\/\/www.leparisien.fr\/culture-loisirs\/musique\/je-me-suis-bourre-la-gueule-pour-mes-50-ans-christophe-mae-se-confie-pour-la-premiere-fois-sur-son-retour-15-01-2026-BAKOG6K265A6DHHTEQQTKH3EVA.php?ts=1768493128637\" class=\"articlepage-link\" target=\"_blank\" rel=\"noopener\">Parisien<\/a>.<\/p>\n<p class=\"content-paragraph\">\n<p class=\"content-paragraph\">\u00ab Elle, elle est comme la lune \/ Elle a comme un truc qui s&rsquo;allume \/ Elle a les plus beaux sentiments \u00bb scande l&rsquo;artiste sur quelques notes de guitare, \u00e0 travers cette chanson co-\u00e9crite par Paul \u00c9cole (Calogero) : \u00ab Moi, je souris sous les \u00e9toiles \/ Elle est \u00e0 moi la lune \/ Il y a tellement, tellement d&rsquo;\u00e9toiles \/ Mais une m\u00e8re, on n&rsquo;en a qu&rsquo;une \u00bb. Pour le chanteur, \u00ab\u00a0La lune\u00a0\u00bb est \u00ab le point de d\u00e9part de notre vie \u00e0 tous \u00bb : \u00ab Une ode \u00e0 ma maman et \u00e0 toutes les m\u00e8res qui nous aiment sans condition. Je suis tr\u00e8s fier de vous emmener avec moi sur la lune \u00bb. Le prochain album de Christophe Ma\u00e9 sera le septi\u00e8me de sa carri\u00e8re et il fera suite \u00e0 \u00ab\u00a0C&rsquo;est dr\u00f4le la vie\u00a0\u00bb, inspir\u00e9 par le Cap-Vert et paru en 2023. Il s&rsquo;en \u00e9tait \u00e9coul\u00e9 \u00e0 plus de 100.000 exemplaires gr\u00e2ce aux singles <a href=\"https:\/\/www.chartsinfrance.net\/Christophe-Mae\/news-123160.html\" class=\"articlepage-link\" target=\"_blank\" rel=\"noopener\">\u00ab\u00a0Pays des merveilles\u00a0\u00bb<\/a>, en duo avec Ceuzany, ou \u00ab\u00a0L&rsquo;amour\u00a0\u00bb avec Amadou &amp; Mariam.<\/p>\n<p>                <img loading=\"lazy\" decoding=\"async\" src=\"https:\/\/www.europesays.com\/fr\/wp-content\/uploads\/2025\/10\/favicon.png\" class=\"author-article-picture\" width=\"35\" height=\"35\"\/><\/p>\n<p>                    Par<\/p>\n<p>                                            <a class=\"author-article-bio-link\" href=\"https:\/\/www.chartsinfrance.net\/auteur\/54\/\" target=\"_blank\" rel=\"noopener\">Julien GONCALVES<\/a><\/p>\n<p>                    |<\/p>\n<p>                                            R\u00e9dacteur en chef<\/p>\n<p>\n                Enfant des ann\u00e9es 80 et ex-collectionneur de CD 2 titres, il se passionne tr\u00e8s t\u00f4t pour la musique, notamment la pop anglaise et la chanson fran\u00e7aise dont il est devenu un expert.\n            <\/p>\n","protected":false},"excerpt":{"rendered":"Christophe Ma\u00e9 pr\u00e9pare son retour. Pour pr\u00e9senter son nouvel album attendu le 20 mars, le chanteur d\u00e9voile \u00ab\u00a0La&hellip;\n","protected":false},"author":2,"featured_media":669107,"comment_status":"","ping_status":"","sticky":false,"template":"","format":"standard","meta":{"footnotes":""},"categories":[1355],"tags":[58,59,1011,27,1361,873],"class_list":{"0":"post-669106","1":"post","2":"type-post","3":"status-publish","4":"format-standard","5":"has-post-thumbnail","7":"category-musique","8":"tag-divertissement","9":"tag-entertainment","10":"tag-fr","11":"tag-france","12":"tag-music","13":"tag-musique"},"share_on_mastodon":{"url":"https:\/\/pubeurope.com\/@fr\/115908221771261173","error":""},"_links":{"self":[{"href":"https:\/\/www.europesays.com\/fr\/wp-json\/wp\/v2\/posts\/669106","targetHints":{"allow":["GET"]}}],"collection":[{"href":"https:\/\/www.europesays.com\/fr\/wp-json\/wp\/v2\/posts"}],"about":[{"href":"https:\/\/www.europesays.com\/fr\/wp-json\/wp\/v2\/types\/post"}],"author":[{"embeddable":true,"href":"https:\/\/www.europesays.com\/fr\/wp-json\/wp\/v2\/users\/2"}],"replies":[{"embeddable":true,"href":"https:\/\/www.europesays.com\/fr\/wp-json\/wp\/v2\/comments?post=669106"}],"version-history":[{"count":0,"href":"https:\/\/www.europesays.com\/fr\/wp-json\/wp\/v2\/posts\/669106\/revisions"}],"wp:featuredmedia":[{"embeddable":true,"href":"https:\/\/www.europesays.com\/fr\/wp-json\/wp\/v2\/media\/669107"}],"wp:attachment":[{"href":"https:\/\/www.europesays.com\/fr\/wp-json\/wp\/v2\/media?parent=669106"}],"wp:term":[{"taxonomy":"category","embeddable":true,"href":"https:\/\/www.europesays.com\/fr\/wp-json\/wp\/v2\/categories?post=669106"},{"taxonomy":"post_tag","embeddable":true,"href":"https:\/\/www.europesays.com\/fr\/wp-json\/wp\/v2\/tags?post=669106"}],"curies":[{"name":"wp","href":"https:\/\/api.w.org\/{rel}","templated":true}]}}