{"id":669116,"date":"2026-01-17T03:09:11","date_gmt":"2026-01-17T03:09:11","guid":{"rendered":"https:\/\/www.europesays.com\/fr\/669116\/"},"modified":"2026-01-17T03:09:11","modified_gmt":"2026-01-17T03:09:11","slug":"la-cour-supreme-americaine-va-examiner-le-recours-de-bayer-sur-les-plaintes-liant-des-cas-de-cancers-a-lherbicide","status":"publish","type":"post","link":"https:\/\/www.europesays.com\/fr\/669116\/","title":{"rendered":"la Cour supr\u00eame am\u00e9ricaine va examiner le recours de Bayer sur les plaintes liant des cas de cancers \u00e0 l\u2019herbicide"},"content":{"rendered":"<p>                      <img loading=\"lazy\" decoding=\"async\" src=\"https:\/\/www.europesays.com\/fr\/wp-content\/uploads\/2026\/01\/76d65ad_ftp-1-erz1vkv7uith-7f3c1f6272364905807800c21f908753-0-8d40ad6dec494bd5a4d8cc6295301eb7.jpg\" alt=\"Des bidons de Roundup \u00e0 San Francisco, en f\u00e9vrier 2019.\"   width=\"664\" height=\"443\"\/>    Des bidons de Roundup \u00e0 San Francisco, en f\u00e9vrier 2019.  HAVEN DALEY\/AP                        <\/p>\n<p class=\"article__paragraph  \">La Cour supr\u00eame des Etats-Unis a accept\u00e9, vendredi 16\u00a0janvier, d\u2019examiner un recours du g\u00e9ant allemand de l\u2019agrochimie Bayer sur la recevabilit\u00e9 de plaintes reposant sur le risque suppos\u00e9 de cancer li\u00e9 \u00e0 l\u2019herbicide Roundup, fabriqu\u00e9 par sa filiale Monsanto.<\/p>\n<p class=\"article__paragraph  \">Dans un bref avis, la Cour \u00e0 majorit\u00e9 conservatrice annonce qu\u2019elle accepte de se saisir d\u2019un recours pr\u00e9sent\u00e9 en avril\u00a02025 par Bayer, qui a rachet\u00e9 l\u2019Am\u00e9ricain Monsanto en\u00a02018. Dans celui-ci, le fabricant invoque la loi f\u00e9d\u00e9rale FIFRA sur les pesticides, faisant valoir qu\u2019elle interdit aux Etats d\u2019imposer des avertissements sanitaires suppl\u00e9mentaires.<\/p>\n<p class=\"article__paragraph  \">La question sur laquelle statueront les neuf juges de la Cour d\u2019ici le terme de leur session annuelle, fin juin, porte ainsi sur la recevabilit\u00e9 des plaintes d\u00e9pos\u00e9es dans les diff\u00e9rents Etats am\u00e9ricains contre des produits approuv\u00e9s sans avertissement sanitaire par l\u2019Agence f\u00e9d\u00e9rale de protection de l\u2019environnement (EPA).<\/p>\n<p class=\"article__paragraph  \">Soutenu par l\u2019administration Trump, Bayer rappelle que l\u2019EPA consid\u00e8re que le glyphosate, principe actif du Roundup, n\u2019est pas canc\u00e9rog\u00e8ne. Il est toutefois class\u00e9 comme un \u00ab\u00a0canc\u00e9rog\u00e8ne probable\u00a0\u00bb par le Centre international de recherche sur le cancer de l\u2019Organisation mondiale de la sant\u00e9 (OMS).<\/p>\n<p>                                     Lire aussi |  Article r\u00e9serv\u00e9 \u00e0 nos abonn\u00e9s  <a href=\"https:\/\/www.lemonde.fr\/planete\/article\/2025\/07\/31\/glyphosate-bayer-monsanto-n-est-pas-responsable-des-graves-malformations-de-theo-grataloup-selon-la-justice_6625714_3244.html\" class=\"js-article-read-also catcher--favoris__link\" data-premium=\"1\" id=\"article-title-3432808\" target=\"_blank\" rel=\"noopener\">Glyphosate\u00a0: la justice ne reconna\u00eet pas la responsabilit\u00e9 de Bayer-Monsanto dans les graves malformations de Th\u00e9o Grataloup<\/a>    <\/p>\n<p>   Lire plus tard  <\/p>\n<p>                        Des dizaines de milliers de plaintes                  <\/p>\n<p class=\"article__paragraph  \">\u00ab\u00a0Il est temps pour le syst\u00e8me judiciaire am\u00e9ricain de d\u00e9cider que des entreprises ne devraient pas \u00eatre punies en vertu de lois des Etats pour s\u2019\u00eatre conform\u00e9es aux exigences des r\u00e9glementations f\u00e9d\u00e9rales\u00a0\u00bb, a d\u00e9clar\u00e9 le PDG de Bayer, Bill Anderson, dans un communiqu\u00e9 apr\u00e8s la d\u00e9cision de la Cour supr\u00eame d\u2019examiner ce recours, assurant qu\u2019il s\u2019agissait d\u2019une \u00ab\u00a0bonne nouvelle pour les agriculteurs am\u00e9ricains, qui ont besoin de clart\u00e9 sur la r\u00e9glementation\u00a0\u00bb.<\/p>\n<p class=\"article__paragraph  \">La directrice du programme de sant\u00e9 environnementale de l\u2019ONG Center for Biological Diversity, Lori Ann Burd, a en revanche d\u00e9plor\u00e9 que \u00ab\u00a0la plus haute cour accepte d\u2019envisager de priver des milliers d\u2019utilisateurs du Roundup atteints de cancer de leur chance de se faire entendre par la justice\u00a0\u00bb. Faute de parvenir \u00e0 gagner devant les tribunaux, \u00ab\u00a0Bayer demande maintenant \u00e0 la Cour d\u2019emp\u00eacher des jurys de conna\u00eetre les faits\u00a0\u00bb sur le Roundup, a-t-elle soulign\u00e9 dans un communiqu\u00e9.<\/p>\n<p class=\"article__paragraph  \">A l\u2019origine de la proc\u00e9dure devant la Cour supr\u00eame, la condamnation de l\u2019entreprise en octobre\u00a02023 par un jury \u00e0 Saint-Louis, dans le Missouri, \u00e0 une indemnisation de 1,25\u00a0million de dollars (environ 1,1\u00a0million d\u2019euros) \u00e0 John Durnell, un homme ayant d\u00e9velopp\u00e9 une forme de cancer qu\u2019il attribue \u00e0 son exposition \u00e0 l\u2019herbicide controvers\u00e9.<\/p>\n<p class=\"article__paragraph  \">L\u2019enjeu est de taille car <a href=\"https:\/\/www.lemonde.fr\/planete\/article\/2021\/08\/10\/aux-etats-unis-nouveau-revers-pour-bayer-la-justice-confirme-que-le-roundup-cause-des-cancers_6091084_3244.html\" target=\"_blank\" rel=\"noopener\">des dizaines de milliers de plaintes<\/a> visent actuellement Monsanto aux Etats-Unis. Depuis son rachat en\u00a02018, Bayer a d\u00e9j\u00e0 d\u00e9bours\u00e9 plus de 10\u00a0milliards de dollars pour r\u00e9gler des litiges li\u00e9s au glyphosate et il a provisionn\u00e9 ces derniers mois plus de 8\u00a0milliards pour ceux encore en cours.<\/p>\n<p>                                     Lire aussi |  <a href=\"https:\/\/www.lemonde.fr\/planete\/article\/2024\/09\/09\/glyphosate-des-ong-saisissent-la-justice-europeenne-contre-l-autorisation-de-cet-herbicide-jusqu-en-2033_6309319_3244.html\" class=\"js-article-read-also catcher--favoris__link\" data-premium=\"\" id=\"article-title-3388763\" target=\"_blank\" rel=\"noopener\">Glyphosate\u00a0: des ONG saisissent la justice europ\u00e9enne contre l\u2019autorisation de cet herbicide jusqu\u2019en\u00a02033<\/a>    <\/p>\n<p>   Lire plus tard  <\/p>\n<p class=\"author__detail\">  Le Monde avec AFP  <\/p>\n","protected":false},"excerpt":{"rendered":"Des bidons de Roundup \u00e0 San Francisco, en f\u00e9vrier 2019. HAVEN DALEY\/AP La Cour supr\u00eame des Etats-Unis a&hellip;\n","protected":false},"author":2,"featured_media":669117,"comment_status":"","ping_status":"","sticky":false,"template":"","format":"standard","meta":{"footnotes":""},"categories":[6],"tags":[35,33,34,1011,27],"class_list":{"0":"post-669116","1":"post","2":"type-post","3":"status-publish","4":"format-standard","5":"has-post-thumbnail","7":"category-economie","8":"tag-business","9":"tag-economie","10":"tag-economy","11":"tag-fr","12":"tag-france"},"share_on_mastodon":{"url":"https:\/\/pubeurope.com\/@fr\/115908245226255581","error":""},"_links":{"self":[{"href":"https:\/\/www.europesays.com\/fr\/wp-json\/wp\/v2\/posts\/669116","targetHints":{"allow":["GET"]}}],"collection":[{"href":"https:\/\/www.europesays.com\/fr\/wp-json\/wp\/v2\/posts"}],"about":[{"href":"https:\/\/www.europesays.com\/fr\/wp-json\/wp\/v2\/types\/post"}],"author":[{"embeddable":true,"href":"https:\/\/www.europesays.com\/fr\/wp-json\/wp\/v2\/users\/2"}],"replies":[{"embeddable":true,"href":"https:\/\/www.europesays.com\/fr\/wp-json\/wp\/v2\/comments?post=669116"}],"version-history":[{"count":0,"href":"https:\/\/www.europesays.com\/fr\/wp-json\/wp\/v2\/posts\/669116\/revisions"}],"wp:featuredmedia":[{"embeddable":true,"href":"https:\/\/www.europesays.com\/fr\/wp-json\/wp\/v2\/media\/669117"}],"wp:attachment":[{"href":"https:\/\/www.europesays.com\/fr\/wp-json\/wp\/v2\/media?parent=669116"}],"wp:term":[{"taxonomy":"category","embeddable":true,"href":"https:\/\/www.europesays.com\/fr\/wp-json\/wp\/v2\/categories?post=669116"},{"taxonomy":"post_tag","embeddable":true,"href":"https:\/\/www.europesays.com\/fr\/wp-json\/wp\/v2\/tags?post=669116"}],"curies":[{"name":"wp","href":"https:\/\/api.w.org\/{rel}","templated":true}]}}