{"id":669118,"date":"2026-01-17T03:10:11","date_gmt":"2026-01-17T03:10:11","guid":{"rendered":"https:\/\/www.europesays.com\/fr\/669118\/"},"modified":"2026-01-17T03:10:11","modified_gmt":"2026-01-17T03:10:11","slug":"les-etats-unis-previennent-dactivites-militaires-au-dessus-du-mexique-et-de-lamerique-centrale","status":"publish","type":"post","link":"https:\/\/www.europesays.com\/fr\/669118\/","title":{"rendered":"les \u00c9tats-Unis pr\u00e9viennent d\u2019\u00abactivit\u00e9s militaires\u00bb au-dessus du Mexique et de l\u2019Am\u00e9rique centrale"},"content":{"rendered":"<p>\n    L\u2019autorit\u00e9 am\u00e9ricaine de r\u00e9gulation de l\u2019aviation (FAA) a exhort\u00e9 les compagnies a\u00e9riennes et avions, op\u00e9rant notamment pr\u00e8s du Mexique et de plusieurs pays d\u2019Am\u00e9rique centrale et du sud, \u00e0 faire preuve de prudence.<\/p>\n<p class=\"fig-paragraph\">L\u2019autorit\u00e9 am\u00e9ricaine de r\u00e9gulation de l\u2019<a href=\"https:\/\/www.lefigaro.fr\/tag\/aviation\" target=\"_blank\" rel=\"nofollow noopener\" data-gtm-custom-categorie=\"navigation\" data-gtm-custom-action=\"crossclick\" data-gtm-custom-label=\"Contextuel\" data-gtm-event=\"customEventSPE\">aviation<\/a>\u00a0(FAA) a exhort\u00e9 les compagnies a\u00e9riennes et avions op\u00e9rant dans l\u2019espace a\u00e9rien de certaines r\u00e9gions, notamment pr\u00e8s du Mexique et de plusieurs pays d\u2019Am\u00e9rique centrale et du sud, \u00e0 faire preuve de prudence \u00e0 cause notamment d\u2019\u00abactivit\u00e9s militaires\u00bb.<\/p>\n<p class=\"fig-paragraph\">Cette mise en garde \u00e9voque des \u00absituations potentiellement dangereuses\u00bb, li\u00e9es aussi \u00e0 des perturbations des syst\u00e8mes de navigation par satellites, et porte sur une p\u00e9riode de soixante jours.<\/p>\n<p>                                            <a class=\"fig-a11y-skip\" href=\"#fig-a11y-skip-main-inarticle\" data-module=\"a11y-skip\" data-context=\"was @visible\"><br \/>\n    Passer la publicit\u00e9<br \/>\n<\/a>            <\/p>\n<p class=\"fig-paragraph\">Le pr\u00e9sident Donald Trump a pr\u00e9venu le 8 janvier que les \u00c9tats-Unis allaient \u00abcommencer des frappes au sol\u00bb contre les cartels de drogue, apr\u00e8s avoir d\u00e9j\u00e0 men\u00e9 des frappes contre des embarcations maritimes dans les Cara\u00efbes et le Pacifique.<\/p>\n","protected":false},"excerpt":{"rendered":"L\u2019autorit\u00e9 am\u00e9ricaine de r\u00e9gulation de l\u2019aviation (FAA) a exhort\u00e9 les compagnies a\u00e9riennes et avions, op\u00e9rant notamment pr\u00e8s du&hellip;\n","protected":false},"author":2,"featured_media":669119,"comment_status":"","ping_status":"","sticky":false,"template":"","format":"standard","meta":{"footnotes":""},"categories":[5],"tags":[11,7182,73,1011,27,14,5697,12,28],"class_list":{"0":"post-669118","1":"post","2":"type-post","3":"status-publish","4":"format-standard","5":"has-post-thumbnail","7":"category-international","8":"tag-actualites","9":"tag-aviation","10":"tag-etats-unis","11":"tag-fr","12":"tag-france","13":"tag-international","14":"tag-mexique","15":"tag-news","16":"tag-world"},"share_on_mastodon":{"url":"https:\/\/pubeurope.com\/@fr\/115908249081860793","error":""},"_links":{"self":[{"href":"https:\/\/www.europesays.com\/fr\/wp-json\/wp\/v2\/posts\/669118","targetHints":{"allow":["GET"]}}],"collection":[{"href":"https:\/\/www.europesays.com\/fr\/wp-json\/wp\/v2\/posts"}],"about":[{"href":"https:\/\/www.europesays.com\/fr\/wp-json\/wp\/v2\/types\/post"}],"author":[{"embeddable":true,"href":"https:\/\/www.europesays.com\/fr\/wp-json\/wp\/v2\/users\/2"}],"replies":[{"embeddable":true,"href":"https:\/\/www.europesays.com\/fr\/wp-json\/wp\/v2\/comments?post=669118"}],"version-history":[{"count":0,"href":"https:\/\/www.europesays.com\/fr\/wp-json\/wp\/v2\/posts\/669118\/revisions"}],"wp:featuredmedia":[{"embeddable":true,"href":"https:\/\/www.europesays.com\/fr\/wp-json\/wp\/v2\/media\/669119"}],"wp:attachment":[{"href":"https:\/\/www.europesays.com\/fr\/wp-json\/wp\/v2\/media?parent=669118"}],"wp:term":[{"taxonomy":"category","embeddable":true,"href":"https:\/\/www.europesays.com\/fr\/wp-json\/wp\/v2\/categories?post=669118"},{"taxonomy":"post_tag","embeddable":true,"href":"https:\/\/www.europesays.com\/fr\/wp-json\/wp\/v2\/tags?post=669118"}],"curies":[{"name":"wp","href":"https:\/\/api.w.org\/{rel}","templated":true}]}}