{"id":669139,"date":"2026-01-17T03:24:16","date_gmt":"2026-01-17T03:24:16","guid":{"rendered":"https:\/\/www.europesays.com\/fr\/669139\/"},"modified":"2026-01-17T03:24:16","modified_gmt":"2026-01-17T03:24:16","slug":"on-travaille-a-mains-nues-pour-faire-une-perfusion","status":"publish","type":"post","link":"https:\/\/www.europesays.com\/fr\/669139\/","title":{"rendered":"\u00ab On travaille \u00e0 mains nues pour faire une perfusion \u00bb"},"content":{"rendered":"<p>Exercer dans des conditions difficiles, Juliette Margirier, m\u00e9decin urgentiste \u00e0 Brian\u00e7on, conna\u00eet. Cette Grenobloise \u00e2g\u00e9e de 35 ans est m\u00e9decin urgentiste depuis 2017, elle exerce depuis cinq ans \u00e0 Brian\u00e7on, et depuis trois ans dans l\u2019\u00e9quipe du secours en montagne. \u00ab\u00a0Il est aussi important d\u2019avoir les connaissances m\u00e9dicales que de ma\u00eetriser la g\u00e9ographie locale afin d\u2019estimer notamment les d\u00e9lais entre le lieu de l\u2019accident et l\u2019h\u00f4pital, par exemple\u00a0\u00bb, exprime-t-elle.<\/p>\n<p>Lorsqu\u2019elle est arriv\u00e9e \u00e0 Brian\u00e7on, elle \u00e9tait d\u00e9j\u00e0 titulaire du dipl\u00f4me inter-universitaire m\u00e9decine d\u2019urgence en montagne. \u00ab\u00a0Il forme \u00e0 la m\u00e9decine en milieu p\u00e9rilleux, comme en canyon et sp\u00e9l\u00e9ologie, en neige\/avalanche, en haute montagne, crevasses et glaciers, en escalade\/falaise. Avant de pouvoir int\u00e9grer l\u2019\u00e9quipe du secours en montagne, il faut ensuite, pendant deux ann\u00e9es, apprendre \u00e0 conna\u00eetre l\u2019\u00e9quipe, le milieu montagnard, le secteur g\u00e9ographique, participer \u00e0 des exercices\u2026\u00a0\u00bb<\/p>\n<p>Selon elle, il en existe deux types\u00a0: premi\u00e8rement l\u2019entra\u00eenement en montagne avec les secouristes, par exemple une journ\u00e9e de ski de randonn\u00e9e, d\u2019alpinisme, d\u2019escalade\u2026 Deuxi\u00e8mement, les exercices m\u00e9dicaux avec la SAG (section a\u00e9rienne de gendarmerie, NDLR) et le secours en montagne\u00a0: avalanches multivictimes, extraction d\u2019un glacier, d\u2019une crevasse, d\u2019une falaise\u2026 \u00ab\u00a0La pratique de la montagne \u00e0 titre personnel est aussi un pr\u00e9requis.\u00a0\u00bb<\/p>\n<p>  \u00ab\u00a0On travaille \u00e0 mains nues pour faire une perfusion\u00a0\u00bb<\/p>\n<p>M\u00eame s\u2019il existe un r\u00e9f\u00e9rentiel des comp\u00e9tences requises, \u00ab\u00a0il n\u2019y a pas besoin d\u2019\u00eatre guide\u00a0\u00bb, pr\u00e9cise-t-elle. L\u2019objectif, surtout, est d\u2019\u00eatre autonome en montagne sans \u00eatre professionnel, \u00ab\u00a0qu\u2019on ne soit pas une charge en plus pour les secouristes\u00a0\u00bb. Il existe des difficult\u00e9s inh\u00e9rentes au contexte impos\u00e9 par la situation.<\/p>\n<p>\u00ab\u00a0Premi\u00e8rement, on travaille seuls, sans infirmier, alors qu\u2019aux urgences, on est en bin\u00f4me. L\u00e0, on n\u2019a pas d\u2019infirmier pour poser une perfusion, pr\u00e9parer les m\u00e9dicaments, nous aider dans les gestes techniques comme l\u2019intubation\u2026\u00a0\u00bb, d\u00e9crit-elle. \u00ab\u00a0Deuxi\u00e8mement, un polytraumatisme grave, par exemple, demande une charge importante, souvent c\u2019est en milieu p\u00e9rilleux. Par exemple, dans un pierrier o\u00f9 la victime n\u2019est pas \u00e0 plat, o\u00f9 cela fait longtemps qu\u2019elle est polytraumatis\u00e9e, qu\u2019elle s\u2019est refroidie\u2026\u00a0\u00bb, d\u00e9taille-t-elle.<\/p>\n<p>\u00ab\u00a0On travaille \u00e0 mains nues pour faire une perfusion et celle-ci peut geler. Quand il fait vraiment tr\u00e8s froid, il faut aller d\u2019autant plus vite.\u00a0\u00bb \u00c0 cela se rajoute la complexit\u00e9 de travailler dans une crevasse, de l\u2019eau, ou suspendue \u00e0 une corde\u2026 \u00ab\u00a0Aucun secours n\u2019est superposable. On anticipe mais, une fois sur place, il faut s\u2019adapter et trouver la moins mauvaise des solutions.\u00a0\u00bb<\/p>\n","protected":false},"excerpt":{"rendered":"Exercer dans des conditions difficiles, Juliette Margirier, m\u00e9decin urgentiste \u00e0 Brian\u00e7on, conna\u00eet. Cette Grenobloise \u00e2g\u00e9e de 35 ans&hellip;\n","protected":false},"author":2,"featured_media":669140,"comment_status":"","ping_status":"","sticky":false,"template":"","format":"standard","meta":{"footnotes":""},"categories":[9566],"tags":[1111,11,2430,12923,112,4521,1777,674,274,107,1011,27,2731,881,108,5324,12,25,71],"class_list":{"0":"post-669139","1":"post","2":"type-post","3":"status-publish","4":"format-standard","5":"has-post-thumbnail","7":"category-grenoble","8":"tag-actu","9":"tag-actualites","10":"tag-auvergne-rhone-alpes","11":"tag-briancon","12":"tag-edition-grenoble-agglomeration","13":"tag-edition-hautes-alpes-alpes-de-haute-provence","14":"tag-eu","15":"tag-europe","16":"tag-faits-divers-justice","17":"tag-fil-info","18":"tag-fr","19":"tag-france","20":"tag-grenoble","21":"tag-hautes-alpes","22":"tag-isere","23":"tag-montagne","24":"tag-news","25":"tag-republique-francaise","26":"tag-sante"},"share_on_mastodon":{"url":"https:\/\/pubeurope.com\/@fr\/115908304106562061","error":""},"_links":{"self":[{"href":"https:\/\/www.europesays.com\/fr\/wp-json\/wp\/v2\/posts\/669139","targetHints":{"allow":["GET"]}}],"collection":[{"href":"https:\/\/www.europesays.com\/fr\/wp-json\/wp\/v2\/posts"}],"about":[{"href":"https:\/\/www.europesays.com\/fr\/wp-json\/wp\/v2\/types\/post"}],"author":[{"embeddable":true,"href":"https:\/\/www.europesays.com\/fr\/wp-json\/wp\/v2\/users\/2"}],"replies":[{"embeddable":true,"href":"https:\/\/www.europesays.com\/fr\/wp-json\/wp\/v2\/comments?post=669139"}],"version-history":[{"count":0,"href":"https:\/\/www.europesays.com\/fr\/wp-json\/wp\/v2\/posts\/669139\/revisions"}],"wp:featuredmedia":[{"embeddable":true,"href":"https:\/\/www.europesays.com\/fr\/wp-json\/wp\/v2\/media\/669140"}],"wp:attachment":[{"href":"https:\/\/www.europesays.com\/fr\/wp-json\/wp\/v2\/media?parent=669139"}],"wp:term":[{"taxonomy":"category","embeddable":true,"href":"https:\/\/www.europesays.com\/fr\/wp-json\/wp\/v2\/categories?post=669139"},{"taxonomy":"post_tag","embeddable":true,"href":"https:\/\/www.europesays.com\/fr\/wp-json\/wp\/v2\/tags?post=669139"}],"curies":[{"name":"wp","href":"https:\/\/api.w.org\/{rel}","templated":true}]}}