{"id":669149,"date":"2026-01-17T03:29:20","date_gmt":"2026-01-17T03:29:20","guid":{"rendered":"https:\/\/www.europesays.com\/fr\/669149\/"},"modified":"2026-01-17T03:29:20","modified_gmt":"2026-01-17T03:29:20","slug":"strasbourg-previsions-meteo-du-vendredi-16-janvier-2026","status":"publish","type":"post","link":"https:\/\/www.europesays.com\/fr\/669149\/","title":{"rendered":"Strasbourg : pr\u00e9visions m\u00e9t\u00e9o du vendredi 16 janvier 2026"},"content":{"rendered":"<p>\u00c0 Strasbourg, le vendredi 16 janvier 2026, le ciel alterne entre \u00e9claircies matinales et nuages denses en soir\u00e9e. Les temp\u00e9ratures restent douces pour la saison, avec un temps sec et un vent l\u00e9ger.<\/p>\n<p>Ce 16 janvier 2026, Strasbourg b\u00e9n\u00e9ficie d\u2019une m\u00e9t\u00e9o globalement s\u00e8che, id\u00e9ale pour organiser vos d\u00e9placements, faire le march\u00e9 ou fl\u00e2ner le long de l\u2019Ill.<\/p>\n<p>Matin : \u00e9claircies avant le travail \u2013 lever de soleil 08 h 15<\/p>\n<p>\u00c0 9 h, le ciel s\u2019annonce l\u00e9g\u00e8rement nuageux ; par moments, la lumi\u00e8re hivernale perce, am\u00e9liorant la visibilit\u00e9 et l\u2019humeur.<\/p>\n<p>\n    Le thermom\u00e8tre indique <b>5 \u00b0C<\/b>, tandis que le ressenti descend \u00e0 <b>2 \u00b0C<\/b> en raison d\u2019une humidit\u00e9 de 82 %. <br \/>Une brise de sud \u00e0 6 km\/h se fait sentir, mais elle reste trop faible pour g\u00eaner cyclistes et pi\u00e9tons.\n<\/p>\n<ul>\n<li>Pression stable : 1017 hPa, atmosph\u00e8re saine.<\/li>\n<li>Risque de pr\u00e9cipitations quasi nul : 3 %. Inutile de prendre un parapluie.<\/li>\n<\/ul>\n<p>Il est donc possible de sortir bien couvert, sans parapluie, pour profiter des \u00e9claircies matinales.<\/p>\n<p>Apr\u00e8s-midi : ciel variable et douceur<\/p>\n<p>Vers 15 h, le ciel devient variable, alternant nuages et \u00e9claircies. L\u2019ensoleillement reste suffisant pour profiter d\u2019une terrasse.<\/p>\n<p>\n    La temp\u00e9rature atteint son maximum journalier avec <b>11 \u00b0C<\/b>. Le ressenti demeure doux, \u00e0 <b>9 \u00b0C<\/b>, tandis que l\u2019humidit\u00e9 chute \u00e0 61 %. <br \/>Le vent s\u2019oriente sud-sud-ouest \u00e0 8 km\/h : la circulation des polluants s\u2019en trouve facilit\u00e9e, sans impact d\u00e9fini sur la qualit\u00e9 de l\u2019air.\n<\/p>\n<ul>\n<li>Pression quasiment inchang\u00e9e : 1016 hPa.<\/li>\n<li>Aucune pr\u00e9cipitation attendue, conditions de conduite id\u00e9ales.<\/li>\n<\/ul>\n<p>Des temp\u00e9ratures sup\u00e9rieures aux normales de saison confirment un hiver toujours mod\u00e9r\u00e9 dans le Rhin sup\u00e9rieur.<\/p>\n<p>Soir : nuages denses \u2013 coucher de soleil 17 h 02<\/p>\n<p>\u00c0 la tomb\u00e9e de la nuit, la couverture devient tr\u00e8s nuageuse. Les lumi\u00e8res urbaines se refl\u00e8tent sur les nuages bas, accentuant la clart\u00e9 nocturne.<\/p>\n<p>\n    \u00c0 21 h, le mercure indique <b>6 \u00b0C<\/b>, avec un ressenti de <b>4 \u00b0C<\/b>. L\u2019humidit\u00e9 grimpe \u00e0 91 %. <br \/>Le vent passe au nord-nord-est, tr\u00e8s faible (3 km\/h). L\u2019atmosph\u00e8re demeure donc calme, sans refroidissement \u00e9olien notable.\n<\/p>\n<p>L\u2019absence de pluie et de rafales permet d\u2019envisager des d\u00e9placements nocturnes sereins, bien qu\u2019un manteau chaud reste recommand\u00e9.<\/p>\n<p>Tendance pour demain : retour du brouillard<\/p>\n<p>Dans la nuit de vendredi \u00e0 samedi, une nappe de brouillard gagne la plaine d\u2019Alsace. \u00c0 0 h, le thermom\u00e8tre pr\u00e9voit <b>1 \u00b0C<\/b>, ressenti <b>\u22122 \u00b0C<\/b>.<\/p>\n<p>\n    Samedi 17 janvier devrait conserver cette ambiance blanche : temp\u00e9ratures comprises entre <b>1 \u00b0C et 5 \u00b0C<\/b>, humidit\u00e9 sup\u00e9rieure \u00e0 90 %, pression autour de 1002 hPa. <br \/>Vent faible de nord-nord-est \u00e0 10 km\/h ; visibilit\u00e9 r\u00e9duite, vigilance recommand\u00e9e pour les automobilistes.\n<\/p>\n<ul>\n<li>Pas de pluie pr\u00e9vue.<\/li>\n<li>Pensez aux phares antibrouillard et \u00e0 rallonger les distances de s\u00e9curit\u00e9.<\/li>\n<\/ul>\n<p>Pour anticiper vos activit\u00e9s du week-end ou organiser un s\u00e9jour, consultez <a href=\"https:\/\/www.meteocity.com\/france\/strasbourg-v2973783\" target=\"_blank\" rel=\"noopener\">nos pr\u00e9visions compl\u00e8tes<\/a>.<\/p>\n<p>Selon les climatologues, ces hivers doux et peu pluvieux s\u2019inscrivent dans la variabilit\u00e9 r\u00e9gionale, mais la tendance au r\u00e9chauffement accro\u00eet la fr\u00e9quence des journ\u00e9es au-dessus des normales, comme aujourd\u2019hui.<\/p>\n<p>Rendez-vous demain pour un nouveau point d\u00e9taill\u00e9 et restez prudents sur les routes embrum\u00e9es\u00a0!<\/p>\n","protected":false},"excerpt":{"rendered":"\u00c0 Strasbourg, le vendredi 16 janvier 2026, le ciel alterne entre \u00e9claircies matinales et nuages denses en soir\u00e9e.&hellip;\n","protected":false},"author":2,"featured_media":669150,"comment_status":"","ping_status":"","sticky":false,"template":"","format":"standard","meta":{"footnotes":""},"categories":[2820],"tags":[1111,11,1777,674,1011,27,775,12,25,640],"class_list":{"0":"post-669149","1":"post","2":"type-post","3":"status-publish","4":"format-standard","5":"has-post-thumbnail","7":"category-strasbourg","8":"tag-actu","9":"tag-actualites","10":"tag-eu","11":"tag-europe","12":"tag-fr","13":"tag-france","14":"tag-grand-est","15":"tag-news","16":"tag-republique-francaise","17":"tag-strasbourg"},"share_on_mastodon":{"url":"https:\/\/pubeurope.com\/@fr\/115908323783182328","error":""},"_links":{"self":[{"href":"https:\/\/www.europesays.com\/fr\/wp-json\/wp\/v2\/posts\/669149","targetHints":{"allow":["GET"]}}],"collection":[{"href":"https:\/\/www.europesays.com\/fr\/wp-json\/wp\/v2\/posts"}],"about":[{"href":"https:\/\/www.europesays.com\/fr\/wp-json\/wp\/v2\/types\/post"}],"author":[{"embeddable":true,"href":"https:\/\/www.europesays.com\/fr\/wp-json\/wp\/v2\/users\/2"}],"replies":[{"embeddable":true,"href":"https:\/\/www.europesays.com\/fr\/wp-json\/wp\/v2\/comments?post=669149"}],"version-history":[{"count":0,"href":"https:\/\/www.europesays.com\/fr\/wp-json\/wp\/v2\/posts\/669149\/revisions"}],"wp:featuredmedia":[{"embeddable":true,"href":"https:\/\/www.europesays.com\/fr\/wp-json\/wp\/v2\/media\/669150"}],"wp:attachment":[{"href":"https:\/\/www.europesays.com\/fr\/wp-json\/wp\/v2\/media?parent=669149"}],"wp:term":[{"taxonomy":"category","embeddable":true,"href":"https:\/\/www.europesays.com\/fr\/wp-json\/wp\/v2\/categories?post=669149"},{"taxonomy":"post_tag","embeddable":true,"href":"https:\/\/www.europesays.com\/fr\/wp-json\/wp\/v2\/tags?post=669149"}],"curies":[{"name":"wp","href":"https:\/\/api.w.org\/{rel}","templated":true}]}}