{"id":669168,"date":"2026-01-17T03:41:20","date_gmt":"2026-01-17T03:41:20","guid":{"rendered":"https:\/\/www.europesays.com\/fr\/669168\/"},"modified":"2026-01-17T03:41:20","modified_gmt":"2026-01-17T03:41:20","slug":"une-camionnette-fauche-un-groupe-decoliers-aux-baumettes-neuf-enfants-hospitalises-2","status":"publish","type":"post","link":"https:\/\/www.europesays.com\/fr\/669168\/","title":{"rendered":"Une camionnette fauche un groupe d\u2019\u00e9coliers aux Baumettes, neuf enfants hospitalis\u00e9s"},"content":{"rendered":"<p>Un accident s&rsquo;est produit ce vendredi 16 janvier 2026 \u00e0 Marseille dans le quartier des Baumettes. Une camionnette dont le frein \u00e0 main a l\u00e2ch\u00e9 a percut\u00e9 un groupe d&rsquo;\u00e9l\u00e8ves de l&rsquo;\u00e9cole Raymond Teisseire. Neuf enfants ont \u00e9t\u00e9 transport\u00e9s \u00e0 l&rsquo;h\u00f4pital.<\/p>\n<p>L\u2019effroi a saisi le quartier <a href=\"https:\/\/maritima.fr\/actualites\/justice\/marseille\/5004\/robin-cotta-egorge-par-son-codetenu-ce-que-revelent-les-premiers-elements-denquete-sur-les-dysfonctionnements-des-baumettes\" target=\"_blank\" rel=\"noopener\">des Baumettes<\/a> (9e arrondissement) ce vendredi 16 janvier 2026 apr\u00e8s-midi. Un groupe de 24 \u00e9coliers de l&rsquo;\u00e9cole primaire Raymond Teisseire, en sortie scolaire, a \u00e9t\u00e9 percut\u00e9 par une camionnette en stationnement dont le syst\u00e8me de freinage aurait fait d\u00e9faut. Le bilan fait \u00e9tat de neuf enfants et un adulte bless\u00e9s.<\/p>\n<p><strong>Une camionnette \u00e0 l&rsquo;arr\u00eat dont le frein a l\u00e2ch\u00e9<\/strong><\/p>\n<p>L&rsquo;accident s&rsquo;est produit alors que les \u00e9l\u00e8ves, \u00e2g\u00e9s de 8 \u00e0 11 ans, se trouvaient aux abords de \u00ab L&rsquo;Enjeu \u00bb, un centre d&rsquo;\u00e9ducation \u00e0 l&rsquo;environnement situ\u00e9 dans le 9e arrondissement. Selon les premiers \u00e9l\u00e9ments de l&rsquo;enqu\u00eate, une camionnette \u00e0 l&rsquo;arr\u00eat, dont le frein \u00e0 main a l\u00e2ch\u00e9, s&rsquo;est mise en mouvement seule, venant percuter de plein fouet le groupe.<\/p>\n<p><strong>Bilan : Neuf enfants et un adulte bless\u00e9s<\/strong><\/p>\n<p>Les <a href=\"https:\/\/www.marinspompiersdemarseille.com\/\" target=\"_blank\" rel=\"noopener\">marins-pompiers<\/a> <a href=\"https:\/\/maritima.fr\/ville\/marseille\" target=\"_blank\" rel=\"noopener\">de Marseille<\/a> ont \u00e9t\u00e9 d\u00e9p\u00each\u00e9s massivement sur place. Le bilan consolid\u00e9 indique que neuf enfants ont \u00e9t\u00e9 transport\u00e9s vers les centres hospitaliers de la ville, ainsi qu&rsquo;un adulte.<\/p>\n<p><strong>Le point sant\u00e9 :<\/strong> Si un jeune gar\u00e7on est consid\u00e9r\u00e9 comme gravement touch\u00e9, les secours ont pr\u00e9cis\u00e9 qu&rsquo;<strong>aucun pronostic vital n&rsquo;est engag\u00e9 \u00e0 cette heure<\/strong>. Les autres enfants souffrent de blessures plus l\u00e9g\u00e8res mais restent sous surveillance m\u00e9dicale.<\/p>\n<p><strong>Soutien psychologique et mobilisation des \u00e9lus<\/strong><\/p>\n<p>Sur place, l&rsquo;\u00e9motion \u00e9tait vive. Les \u00e9lus locaux se sont imm\u00e9diatement rendus \u00e0 l&rsquo;\u00e9cole Raymond Teisseire (8e arrondissement) ainsi que sur les lieux de l&rsquo;accident pour accompagner les familles et le corps enseignant.<\/p>\n<p>Face au choc subi par les 24 enfants du groupe et les t\u00e9moins, plusieurs mesures d&rsquo;accompagnement ont \u00e9t\u00e9 d\u00e9clench\u00e9es :<\/p>\n<p>Une cellule de soutien psychologique a \u00e9t\u00e9 ouverte par l&rsquo;\u00c9tat d\u00e8s les premi\u00e8res heures suivant le drame.\u00a0La mairie de Marseille a annonc\u00e9 l&rsquo;ouverture d&rsquo;une cellule compl\u00e9mentaire d\u00e8s lundi, sp\u00e9cifiquement d\u00e9di\u00e9e aux agents municipaux concern\u00e9s par cet \u00e9v\u00e9nement.<\/p>\n","protected":false},"excerpt":{"rendered":"Un accident s&rsquo;est produit ce vendredi 16 janvier 2026 \u00e0 Marseille dans le quartier des Baumettes. Une camionnette&hellip;\n","protected":false},"author":2,"featured_media":79730,"comment_status":"","ping_status":"","sticky":false,"template":"","format":"standard","meta":{"footnotes":""},"categories":[2814],"tags":[119,1111,11,1777,674,1011,27,18640,884,12,882,25],"class_list":{"0":"post-669168","1":"post","2":"type-post","3":"status-publish","4":"format-standard","5":"has-post-thumbnail","7":"category-marseille","8":"tag-accident","9":"tag-actu","10":"tag-actualites","11":"tag-eu","12":"tag-europe","13":"tag-fr","14":"tag-france","15":"tag-marins-pompiers","16":"tag-marseille","17":"tag-news","18":"tag-provence-alpes-cote-dazur","19":"tag-republique-francaise"},"share_on_mastodon":{"url":"https:\/\/pubeurope.com\/@fr\/115908370980251658","error":""},"_links":{"self":[{"href":"https:\/\/www.europesays.com\/fr\/wp-json\/wp\/v2\/posts\/669168","targetHints":{"allow":["GET"]}}],"collection":[{"href":"https:\/\/www.europesays.com\/fr\/wp-json\/wp\/v2\/posts"}],"about":[{"href":"https:\/\/www.europesays.com\/fr\/wp-json\/wp\/v2\/types\/post"}],"author":[{"embeddable":true,"href":"https:\/\/www.europesays.com\/fr\/wp-json\/wp\/v2\/users\/2"}],"replies":[{"embeddable":true,"href":"https:\/\/www.europesays.com\/fr\/wp-json\/wp\/v2\/comments?post=669168"}],"version-history":[{"count":0,"href":"https:\/\/www.europesays.com\/fr\/wp-json\/wp\/v2\/posts\/669168\/revisions"}],"wp:featuredmedia":[{"embeddable":true,"href":"https:\/\/www.europesays.com\/fr\/wp-json\/wp\/v2\/media\/79730"}],"wp:attachment":[{"href":"https:\/\/www.europesays.com\/fr\/wp-json\/wp\/v2\/media?parent=669168"}],"wp:term":[{"taxonomy":"category","embeddable":true,"href":"https:\/\/www.europesays.com\/fr\/wp-json\/wp\/v2\/categories?post=669168"},{"taxonomy":"post_tag","embeddable":true,"href":"https:\/\/www.europesays.com\/fr\/wp-json\/wp\/v2\/tags?post=669168"}],"curies":[{"name":"wp","href":"https:\/\/api.w.org\/{rel}","templated":true}]}}