{"id":669186,"date":"2026-01-17T03:52:14","date_gmt":"2026-01-17T03:52:14","guid":{"rendered":"https:\/\/www.europesays.com\/fr\/669186\/"},"modified":"2026-01-17T03:52:14","modified_gmt":"2026-01-17T03:52:14","slug":"les-abonnements-ne-suffisent-plus-chatgpt-prepare-larrivee-de-la-pub-aux-etats-unis","status":"publish","type":"post","link":"https:\/\/www.europesays.com\/fr\/669186\/","title":{"rendered":"Les abonnements ne suffisent plus, ChatGPT pr\u00e9pare l\u2019arriv\u00e9e de la pub aux Etats-Unis"},"content":{"rendered":"<p><a href=\"https:\/\/www.20minutes.fr\/20-mint\/openai\/\" target=\"_blank\" class=\"c-link c-link--is-underlined\" rel=\"noopener\">OpenAI<\/a> a annonc\u00e9 vendredi l\u2019arriv\u00e9e prochaine de la <a href=\"https:\/\/www.20minutes.fr\/dossier\/publicite\" target=\"_blank\" class=\"c-link c-link--is-underlined\" rel=\"noopener\">publicit\u00e9<\/a> dans <a href=\"https:\/\/www.20minutes.fr\/20-mint\/chatgpt\/\" target=\"_blank\" class=\"c-link c-link--is-underlined\" rel=\"noopener\">ChatGPT<\/a>, avec une phase de test pr\u00e9vue \u00ab\u00a0dans les prochaines semaines\u00a0\u00bb aux <a href=\"https:\/\/www.20minutes.fr\/monde\/etats-unis\/\" target=\"_blank\" class=\"c-link c-link--is-underlined\" rel=\"noopener\">Etats-Unis<\/a> pour les utilisateurs gratuits et ceux de l\u2019offre Go, son abonnement d\u2019entr\u00e9e de gamme. Le groupe pr\u00e9cise que \u00ab\u00a0les abonnements Plus, Pro et Entreprise n\u2019incluront pas de publicit\u00e9\u00a0\u00bb, marquant un changement de strat\u00e9gie attendu pour le service d\u2019<a href=\"https:\/\/www.20minutes.fr\/dossier\/intelligence_artificielle\" target=\"_blank\" class=\"c-link c-link--is-underlined\" rel=\"noopener\">IA g\u00e9n\u00e9rative<\/a> le plus utilis\u00e9 au monde.<\/p>\n<p>Cette \u00e9volution intervient alors qu\u2019OpenAI cherche \u00e0 diversifier ses revenus, avec seulement une part limit\u00e9e de ses utilisateurs sous <a href=\"https:\/\/www.20minutes.fr\/dossier\/abonnement\" target=\"_blank\" class=\"c-link c-link--is-underlined\" rel=\"noopener\">abonnement<\/a>. Malgr\u00e9 une valorisation estim\u00e9e \u00e0 500\u00a0milliards de dollars sur les march\u00e9s priv\u00e9s, et des sp\u00e9culations sur une possible introduction en Bourse \u00e0 1.000\u00a0milliards, l\u2019entreprise reste confront\u00e9e au co\u00fbt \u00e9lev\u00e9 de l\u2019infrastructure n\u00e9cessaire au fonctionnement de ses mod\u00e8les, en particulier la puissance de calcul.<\/p>\n<\/p>\n<p>Pas de projets de pub pour Google et Gemini<\/p>\n<p>En introduisant la publicit\u00e9, OpenAI se rapproche du mod\u00e8le \u00e9conomique de <a href=\"https:\/\/www.20minutes.fr\/high-tech\/google\/\" target=\"_blank\" class=\"c-link c-link--is-underlined\" rel=\"noopener\">Google<\/a> et <a href=\"https:\/\/www.20minutes.fr\/high-tech\/meta\/\" target=\"_blank\" class=\"c-link c-link--is-underlined\" rel=\"noopener\">Meta<\/a>, largement financ\u00e9 par des services gratuits mon\u00e9tis\u00e9s via les annonceurs, tandis qu\u2019<a href=\"https:\/\/www.20minutes.fr\/high-tech\/amazon\/\" target=\"_blank\" class=\"c-link c-link--is-underlined\" rel=\"noopener\">Amazon<\/a> d\u00e9veloppe aussi une activit\u00e9 publicitaire en forte progression. Pour Jeremy Goldman, analyste chez Emarketer, \u00ab\u00a0la publicit\u00e9 n\u2019est pas une distraction dans la course \u00e0 l\u2019IA g\u00e9n\u00e9rative\u00a0; c\u2019est le moyen pour OpenAI de s\u2019y maintenir\u00a0\u00bb, estimant que la comp\u00e9tition porte d\u00e9sormais sur \u00ab\u00a0la capacit\u00e9 \u00e0 mon\u00e9tiser l\u2019attention sans sacrifier la confiance\u00a0\u00bb.<\/p>\n<p><a href=\"https:\/\/www.20minutes.fr\/20-mint\/openai\/\" target=\"_blank\" class=\"c-link c-btn c-btn--primary\" rel=\"noopener\">Notre dossier sur OpenAI et ChatGPT<\/a><\/p>\n<p>OpenAI affirme vouloir encadrer ce test pour pr\u00e9server l\u2019exp\u00e9rience des utilisateurs, avec des annonces affich\u00e9es en bas des r\u00e9ponses, \u00ab\u00a0clairement identifi\u00e9es et distinctes\u00a0\u00bb. Fidji Simo, signataire du billet de blog, assure que \u00ab\u00a0notre priorit\u00e9 va \u00e0 la confiance et l\u2019exp\u00e9rience des utilisateurs avant les revenus\u00a0\u00bb, en rappelant notamment que \u00ab\u00a0les publicit\u00e9s n\u2019influencent pas les r\u00e9ponses\u00a0\u00bb. Dans le m\u00eame temps, le secteur observe les choix des concurrents, Google affirmant qu\u2019il n\u2019y a \u00ab\u00a0pas de projets pour de la publicit\u00e9 dans l\u2019application <a href=\"https:\/\/www.20minutes.fr\/high-tech\/gemini\/\" target=\"_blank\" class=\"c-link c-link--is-underlined\" rel=\"noopener\">Gemini<\/a>\u00a0\u00bb, selon Dan Taylor, cit\u00e9 par Business Insider.<\/p>\n","protected":false},"excerpt":{"rendered":"OpenAI a annonc\u00e9 vendredi l\u2019arriv\u00e9e prochaine de la publicit\u00e9 dans ChatGPT, avec une phase de test pr\u00e9vue \u00ab\u00a0dans&hellip;\n","protected":false},"author":2,"featured_media":669187,"comment_status":"","ping_status":"","sticky":false,"template":"","format":"standard","meta":{"footnotes":""},"categories":[1589],"tags":[11,4239,141,73,1866,322,323,142,3995,1016,12,143,1864,1865,1863,308],"class_list":{"0":"post-669186","1":"post","2":"type-post","3":"status-publish","4":"format-standard","5":"has-post-thumbnail","7":"category-etats-unis","8":"tag-actualites","9":"tag-amazon","10":"tag-chatgpt","11":"tag-etats-unis","12":"tag-etats-unis-damerique","13":"tag-gemini","14":"tag-google","15":"tag-high-tech","16":"tag-intelligence-artificielle-ia","17":"tag-meta","18":"tag-news","19":"tag-openai","20":"tag-united-states","21":"tag-united-states-of-america","22":"tag-us","23":"tag-usa"},"share_on_mastodon":{"url":"https:\/\/pubeurope.com\/@fr\/115908414182087699","error":""},"_links":{"self":[{"href":"https:\/\/www.europesays.com\/fr\/wp-json\/wp\/v2\/posts\/669186","targetHints":{"allow":["GET"]}}],"collection":[{"href":"https:\/\/www.europesays.com\/fr\/wp-json\/wp\/v2\/posts"}],"about":[{"href":"https:\/\/www.europesays.com\/fr\/wp-json\/wp\/v2\/types\/post"}],"author":[{"embeddable":true,"href":"https:\/\/www.europesays.com\/fr\/wp-json\/wp\/v2\/users\/2"}],"replies":[{"embeddable":true,"href":"https:\/\/www.europesays.com\/fr\/wp-json\/wp\/v2\/comments?post=669186"}],"version-history":[{"count":0,"href":"https:\/\/www.europesays.com\/fr\/wp-json\/wp\/v2\/posts\/669186\/revisions"}],"wp:featuredmedia":[{"embeddable":true,"href":"https:\/\/www.europesays.com\/fr\/wp-json\/wp\/v2\/media\/669187"}],"wp:attachment":[{"href":"https:\/\/www.europesays.com\/fr\/wp-json\/wp\/v2\/media?parent=669186"}],"wp:term":[{"taxonomy":"category","embeddable":true,"href":"https:\/\/www.europesays.com\/fr\/wp-json\/wp\/v2\/categories?post=669186"},{"taxonomy":"post_tag","embeddable":true,"href":"https:\/\/www.europesays.com\/fr\/wp-json\/wp\/v2\/tags?post=669186"}],"curies":[{"name":"wp","href":"https:\/\/api.w.org\/{rel}","templated":true}]}}