{"id":669212,"date":"2026-01-17T04:11:51","date_gmt":"2026-01-17T04:11:51","guid":{"rendered":"https:\/\/www.europesays.com\/fr\/669212\/"},"modified":"2026-01-17T04:11:51","modified_gmt":"2026-01-17T04:11:51","slug":"a-milan-un-appartement-contemporain-domine-par-le-bleu-et-le-jaune","status":"publish","type":"post","link":"https:\/\/www.europesays.com\/fr\/669212\/","title":{"rendered":"\u00c0 Milan, un appartement contemporain domin\u00e9 par le bleu et le jaune"},"content":{"rendered":"<p>Au c\u0153ur de <a href=\"https:\/\/www.admagazine.fr\/article\/milan-petit-espace-nordique-sixties\" target=\"_blank\" rel=\"noopener\">Milan<\/a>, dans cet appartement contemporain, il n\u2019y a que deux couleurs pr\u00e9dominantes : le jaune moutarde, chaud et enveloppant, avec des r\u00e9f\u00e9rences r\u00e9tro et folk, et le bleu, dans une nuance d\u00e9licate qui rappelle le papier \u00e0 lettres. Dans ce projet, la couleur devient architecture, une mati\u00e8re vivante qui rythme les fonctions et accompagne les gestes de ceux qui y vivent. \u00ab Nous voulions que les diff\u00e9rentes nuances parlent d\u2019elles-m\u00eames et d\u00e9finissent les fonctions et les parcours sans avoir besoin de murs ou de d\u00e9limitations rigides \u00bb, racontent les architectes. Sign\u00e9e par Mauro Carta en collaboration avec Silvia Faravelli de Studiocarta, la <a href=\"https:\/\/www.admagazine.fr\/article\/meilleurs-outils-intelligence-artificielle-renovation\" target=\"_blank\" rel=\"noopener\">r\u00e9novation<\/a> est n\u00e9e du d\u00e9sir d\u2019un jeune couple de transformer ce bien de 75 m\u00e8tres carr\u00e9s en un lieu ouvert, lumineux et fluide. L\u2019entr\u00e9e et le salon se fondent dans un continuum spatial, o\u00f9 les courbes adoucissent les angles et guident naturellement le regard. \u00ab L\u2019objectif \u00e9tait de redonner de l\u2019harmonie \u00e0 un plan complexe, en transformant chaque limite en opportunit\u00e9, o\u00f9 les courbes deviennent le fil conducteur de l\u2019intervention \u00bb, expliquent les concepteurs.<\/p>\n<p><img decoding=\"async\" alt=\"parete tonda azzurra\" loading=\"lazy\" class=\"ResponsiveImageContainer-eNxvmU cfBbTk responsive-image__image\"   src=\"https:\/\/www.europesays.com\/fr\/wp-content\/uploads\/2026\/01\/CASA-CPR_CARTA_WEB1_Davide-Galli-Fotografo_08.jpg\"\/><\/p>\n<p>Recouverte de microciment bleu, la paroi incurv\u00e9e marque la transition entre les diff\u00e9rentes zones de la maison, fusionnant couleur et <a href=\"https:\/\/www.admagazine.fr\/article\/10-concepts-comprendre-architecture\" target=\"_blank\" rel=\"noopener\">architecture<\/a> en un seul mouvement fluide.<\/p>\n<p>Foto di Davide Galli.<img decoding=\"async\" alt=\"appartement contemporain \u00e0 Milan\" loading=\"lazy\" class=\"ResponsiveImageContainer-eNxvmU cfBbTk responsive-image__image\"   src=\"https:\/\/www.europesays.com\/fr\/wp-content\/uploads\/2026\/01\/CASA-CPR_CARTA_WEB1_Davide-Galli-Fotografo_14.jpg\"\/><\/p>\n<p>Le mobilier sur mesure de Sereco Mobili s\u2019associe \u00e0 la biblioth\u00e8que Kriptonite K1, tandis que la radio Cubo de Brionvega et les vases de Kave Home compl\u00e8tent l\u2019ensemble.<\/p>\n<p>Foto di Davide Galli.<img decoding=\"async\" alt=\"appartement contemporain \u00e0 Milan\" loading=\"lazy\" class=\"ResponsiveImageContainer-eNxvmU cfBbTk responsive-image__image\"   src=\"https:\/\/www.europesays.com\/fr\/wp-content\/uploads\/2026\/01\/CASA-CPR_CARTA_WEB1_Davide-Galli-Fotografo_16.jpg\"\/><\/p>\n<p>Le salon s\u2019illumine gr\u00e2ce au contraste entre le bleu profond et le jaune ocre.<\/p>\n<p>Foto di Davide Galli.Courbes, couleurs et mobilier personnalis\u00e9<\/p>\n<p>Ce qui distingue, au c\u0153ur du Milan historique, cet appartement contemporain, est l\u2019utilisation des courbes, qui deviennent un signe graphique et narratif. Une grande structure couleur moutarde, r\u00e9alis\u00e9e sur mesure par Sereco Mobili, relie l\u2019entr\u00e9e \u00e0 la <a href=\"https:\/\/www.admagazine.fr\/article\/tendances-cuisine-2026-nouveaux-materiaux-couleurs-finitions\" target=\"_blank\" rel=\"noopener\">cuisine<\/a>, int\u00e9grant des rangements et des surfaces de travail. De l\u2019autre c\u00f4t\u00e9, une courbe bleue m\u00e8ne \u00e0 la zone nuit, o\u00f9 la couleur, d\u00e9clin\u00e9e dans les sols et les murs en microciment, cr\u00e9e un effet \u00ab bo\u00eete \u00bb \u00e0 fort impact visuel. \u00ab La courbe est pour nous un choix \u00e0 la fois fonctionnel et po\u00e9tique \u00bb, explique l\u2019agence. \u00ab\u00a0Elle adoucit les g\u00e9om\u00e9tries et invite \u00e0 se d\u00e9placer naturellement dans l\u2019espace. \u00bb<\/p>\n<p>Le mobilier, sign\u00e9 Kristalia, Pedrali, Nemo Lighting, Design Republic et Flos, m\u00eale lignes contemporaines et mat\u00e9riaux tactiles, tandis que les choix chromatiques dialoguent entre contrastes et harmonies, du <a href=\"https:\/\/www.admagazine.fr\/article\/cuisine-jaune-idees-sapproprier-tendance\" target=\"_blank\" rel=\"noopener\">jaune<\/a> moutarde chaud du mobilier au bleu profond des passages. \u00ab Nous avons beaucoup travaill\u00e9 sur les proportions et les espaces pleins et vides, car nous voulions un environnement qui respire, mais qui soit \u00e9galement fonctionnel et accueillant \u00bb, pr\u00e9cisent les architectes.<\/p>\n<p><img decoding=\"async\" alt=\"appartement contemporain \u00e0 Milan\" loading=\"lazy\" class=\"ResponsiveImageContainer-eNxvmU cfBbTk responsive-image__image\"   src=\"https:\/\/www.europesays.com\/fr\/wp-content\/uploads\/2026\/01\/CASA-CPR_CARTA_WEB1_Davide-Galli-Fotografo_13.jpg\"\/><\/p>\n<p>La cuisine jaune sur mesure de Sereco Mobili se fond dans la salle \u00e0 manger, \u00e9clair\u00e9e par la suspension Dabliu de Nemo.<\/p>\n<p>Foto di Davide Galli.<img decoding=\"async\" alt=\"appartement contemporain \u00e0 Milan\" loading=\"lazy\" class=\"ResponsiveImageContainer-eNxvmU cfBbTk responsive-image__image\"   src=\"https:\/\/www.europesays.com\/fr\/wp-content\/uploads\/2026\/01\/CASA-CPR_CARTA_WEB1_Davide-Galli-Fotografo_12.jpg\"\/><\/p>\n<p>Sur le parquet de Milano Parquet, une table de Kristalia et des chaises de Pedrali.<\/p>\n<p>Foto di Davide Galli.<img decoding=\"async\" alt=\"appartement contemporain \u00e0 Milan\" loading=\"lazy\" class=\"ResponsiveImageContainer-eNxvmU cfBbTk responsive-image__image\"   src=\"https:\/\/www.europesays.com\/fr\/wp-content\/uploads\/2026\/01\/CASA-CPR_CARTA_WEB1_Davide-Galli-Fotografo_10.jpg\"\/><\/p>\n<p>La cuisine pr\u00e9sente un parfait \u00e9quilibre entre chaleur et fonctionnalit\u00e9.<\/p>\n<p>Foto di Davide Galli.Intimit\u00e9, mati\u00e8re et lumi\u00e8re dans la chambre<\/p>\n<p>Dans la <a href=\"https:\/\/www.admagazine.fr\/article\/decoration-chambre-adulte-tendance\" target=\"_blank\" rel=\"noopener\">chambre principale<\/a>, la continuit\u00e9 mat\u00e9rielle se poursuit avec un dressing int\u00e9gr\u00e9, dissimul\u00e9 par une porte textile assortie, qui ajoute douceur et discr\u00e9tion. \u00ab Nous aimons penser que la porte textile est un geste discret, presque invisible, qui laisse place \u00e0 la mati\u00e8re et \u00e0 la lumi\u00e8re \u00bb, expliquent les concepteurs. La salle de bains, v\u00e9ritable \u00e9crin du projet, interpr\u00e8te la m\u00eame logique chromatique avec un microciment bleu qui accueille une douche en niche recouverte de mosa\u00efque couleur terre cuite. Ici, les lumi\u00e8res sont calibr\u00e9es, jamais envahissantes, afin de souligner la mat\u00e9rialit\u00e9 des surfaces, tandis que les d\u00e9tails \u2013 des poign\u00e9es sign\u00e9es Olivari aux <a href=\"https:\/\/www.admagazine.fr\/article\/luminaire-tendance-modeles-adopter\" target=\"_blank\" rel=\"noopener\">luminaires<\/a> d\u2019Egoluce et Seletti \u2013 t\u00e9moignent d\u2019un soin artisanal et d\u2019une sensibilit\u00e9 raffin\u00e9e en mati\u00e8re de design. Dans la Casa CPR, tout parle de mouvement, de lumi\u00e8re et de couleur : une histoire domestique o\u00f9 le design devient \u00e9motion et le confort un geste d\u2019\u00e9l\u00e9gance quotidienne.<\/p>\n","protected":false},"excerpt":{"rendered":"Au c\u0153ur de Milan, dans cet appartement contemporain, il n\u2019y a que deux couleurs pr\u00e9dominantes : le jaune&hellip;\n","protected":false},"author":2,"featured_media":669213,"comment_status":"","ping_status":"","sticky":false,"template":"","format":"standard","meta":{"footnotes":""},"categories":[1358],"tags":[1348,1384,1385,1386,58,59,1011,27,452,8628],"class_list":{"0":"post-669212","1":"post","2":"type-post","3":"status-publish","4":"format-standard","5":"has-post-thumbnail","7":"category-arts-et-design","8":"tag-arts","9":"tag-arts-and-design","10":"tag-arts-et-design","11":"tag-design","12":"tag-divertissement","13":"tag-entertainment","14":"tag-fr","15":"tag-france","16":"tag-italie","17":"tag-milan"},"share_on_mastodon":{"url":"https:\/\/pubeurope.com\/@fr\/115908493132558051","error":""},"_links":{"self":[{"href":"https:\/\/www.europesays.com\/fr\/wp-json\/wp\/v2\/posts\/669212","targetHints":{"allow":["GET"]}}],"collection":[{"href":"https:\/\/www.europesays.com\/fr\/wp-json\/wp\/v2\/posts"}],"about":[{"href":"https:\/\/www.europesays.com\/fr\/wp-json\/wp\/v2\/types\/post"}],"author":[{"embeddable":true,"href":"https:\/\/www.europesays.com\/fr\/wp-json\/wp\/v2\/users\/2"}],"replies":[{"embeddable":true,"href":"https:\/\/www.europesays.com\/fr\/wp-json\/wp\/v2\/comments?post=669212"}],"version-history":[{"count":0,"href":"https:\/\/www.europesays.com\/fr\/wp-json\/wp\/v2\/posts\/669212\/revisions"}],"wp:featuredmedia":[{"embeddable":true,"href":"https:\/\/www.europesays.com\/fr\/wp-json\/wp\/v2\/media\/669213"}],"wp:attachment":[{"href":"https:\/\/www.europesays.com\/fr\/wp-json\/wp\/v2\/media?parent=669212"}],"wp:term":[{"taxonomy":"category","embeddable":true,"href":"https:\/\/www.europesays.com\/fr\/wp-json\/wp\/v2\/categories?post=669212"},{"taxonomy":"post_tag","embeddable":true,"href":"https:\/\/www.europesays.com\/fr\/wp-json\/wp\/v2\/tags?post=669212"}],"curies":[{"name":"wp","href":"https:\/\/api.w.org\/{rel}","templated":true}]}}