{"id":669214,"date":"2026-01-17T04:13:13","date_gmt":"2026-01-17T04:13:13","guid":{"rendered":"https:\/\/www.europesays.com\/fr\/669214\/"},"modified":"2026-01-17T04:13:13","modified_gmt":"2026-01-17T04:13:13","slug":"cest-mon-frere-cyril-hanouna-annonce-le-retour-dun-chroniqueur-emblematique-de-tpmp-dans-tout-beau-tout-neuf-video","status":"publish","type":"post","link":"https:\/\/www.europesays.com\/fr\/669214\/","title":{"rendered":"\u00ab\u00a0C&rsquo;est mon fr\u00e8re\u00a0\u00bb : Cyril Hanouna annonce le retour d&rsquo;un chroniqueur embl\u00e9matique de TPMP dans Tout beau tout neuf (VIDEO)"},"content":{"rendered":"<p>Un chroniqueur embl\u00e9matique de Touche pas \u00e0 mon poste ! va bient\u00f4t faire son retour aux c\u00f4t\u00e9s de Cyril Hanouna dans Tout beau tout neuf sur W9. L&rsquo;animateur a annonc\u00e9 la nouvelle en fin d&rsquo;\u00e9mission ce vendredi 16 janvier 2026.<\/p>\n<p>Il y a du changement du c\u00f4t\u00e9 de Tout beau, tout neuf ! Cyril Hanouna a profit\u00e9 du Prime des v\u00e9rit\u00e9s pour annoncer que l&rsquo;une de ses anciennes chroniqueuses allait faire son retour dans l&rsquo;\u00e9mission.<a href=\"https:\/\/www.programme-tv.net\/news\/tv\/395873-delphine-wespiser-reintegre-la-bande-de-cyril-hanouna-apres-trois-ans-d-absence-son-compagnon-roger-a-joue-un-role-dans-son-retour\/\" data-api-deeplink=\"teleloisirs:\/\/news\/395873\" target=\"_blank\" rel=\"noopener\"> Delphine Wespiser, qui anime \u00e9galement L&rsquo;\u00eele de la tentation sur la cha\u00eene, retrouve sa place parmi ses chroniqueurs<\/a>. \u00ab\u00a0\u00c7a fait trois ans que je n&rsquo;ai pas revu le plateau, trois ans que je ne vous ai pas revus, trois ans que je n&rsquo;ai revu personne. Et l\u00e0, c&rsquo;est le moment. \u00c7a me fait tr\u00e8s plaisir et surtout \u00e7a me fait extr\u00eamement plaisir de revoir le public et de sentir cette \u00e9nergie\u00a0\u00bb, s&rsquo;est-elle r\u00e9jouie. Mais<a href=\"https:\/\/www.programme-tv.net\/news\/people\/395870-delphine-wespiser-evoque-les-graves-problemes-de-sante-de-roger-apres-un-coma-il-est-venu-avec-moi-au-mexique\/\" data-api-deeplink=\"teleloisirs:\/\/news\/395870\" target=\"_blank\" rel=\"noopener\"> la compagne de Roger<\/a> n&rsquo;est pas la seule \u00e0 revenir aupr\u00e8s de Cyril Hanouna en ce d\u00e9but d&rsquo;ann\u00e9e 2026.<\/p>\n<p>Apr\u00e8s \u00eatre revenu sur le d\u00e9part de <a href=\"https:\/\/www.programme-tv.net\/biographie\/272330-vedovelli-kelly\/\" data-link-people=\"470f07a9-f07f-4c4a-90cd-7c249a238bc4\" target=\"_blank\" rel=\"noopener\">Kelly Vedovelli<\/a>, l&rsquo;animateur a annonc\u00e9 que son \u00e9quipe \u00e9tait d\u00e9sormais \u00ab\u00a0full pour cette ann\u00e9e\u00a0\u00bb. \u00ab\u00a0Il y a Delphine qui arrive. <a href=\"https:\/\/www.programme-tv.net\/biographie\/14608-bravo-christine\/\" data-link-people=\"243c57f6-0222-4923-8aa7-7370e89feed4\" target=\"_blank\" rel=\"noopener\">Christine Bravo<\/a> qui vient fin de mois de janvier, elle vient une semaine par mois\u00a0\u00bb, a-t-il \u00e9num\u00e9r\u00e9. Il a pourtant r\u00e9v\u00e9l\u00e9 qu&rsquo;une \u00ab\u00a0autre personne\u00a0\u00bb allait revenir dans Tout beau, tout neuf. Les chroniqueurs ont h\u00e9sit\u00e9 entre deux personnalit\u00e9s marquantes du programme, <a href=\"https:\/\/www.programme-tv.net\/biographie\/126992-maire-jean-michel\/\" data-link-people=\"f406f972-65d3-4890-8e34-f84b4b110232\" target=\"_blank\" rel=\"noopener\">Jean-Michel Maire<\/a> et Benjamin Castaldi. Apr\u00e8s avoir teas\u00e9 sur ce myst\u00e9rieux retour dans le num\u00e9ro de Tout beau, tout neuf diffus\u00e9 ce jeudi 15 janvier 2026, c&rsquo;est finalement dans l&rsquo;\u00e9mission du lendemain que les t\u00e9l\u00e9spectateurs ont d\u00e9couvert de qui il s&rsquo;agissait.<\/p>\n<p>                        \u00ab\u00a0Je l&rsquo;aime\u00a0\u00bb : Cyril Hanouna donne le nom du chroniqueur de TPMP qui va faire son grand retour \u00e0 ses c\u00f4t\u00e9s sur W9<\/p>\n<p>Ce vendredi 16 janvier, en toute fin d&rsquo;\u00e9mission, Cyril Hanouna a r\u00e9v\u00e9l\u00e9 quel chroniqueur embl\u00e9matique de Touche pas \u00e0 mon poste devrait bient\u00f4t faire un passage dans Tout beau, tout neuf. Il s&rsquo;agit de Benjamin Castaldi, qui termine actuellement une travers\u00e9e de l&rsquo;Atlantique en voilier. \u00ab\u00a0Il a dit \u00e0 tout le monde qu&rsquo;il aurait bien voulu venir nous voir quelques fois, comme \u00e7a, pour la rigolade\u00a0\u00bb, a lanc\u00e9 l&rsquo;animateur en assurant qu&rsquo;il l&rsquo;accueillerait \u00ab\u00a0\u00e0 bras ouverts\u00a0\u00bb d\u00e8s qu&rsquo;il aurait termin\u00e9 son p\u00e9riple en bateau.<\/p>\n<p>\u00ab\u00a0Je l&rsquo;aime, c&rsquo;est mon ami, c&rsquo;est mon fr\u00e8re\u00a0\u00bb, a assur\u00e9 Cyril Hanouna, pr\u00e9cisant que le retour \u00e0 Paris de Benjamin Castaldi \u00e9tait pr\u00e9vu pour le 20 janvier et qu&rsquo;ils allaient \u00ab\u00a0voir ensemble\u00a0\u00bb pour qu&rsquo;il puisse \u00ab\u00a0un petit peu\u00a0\u00bb venir dans l&rsquo;\u00e9mission.<\/p>\n","protected":false},"excerpt":{"rendered":"Un chroniqueur embl\u00e9matique de Touche pas \u00e0 mon poste ! va bient\u00f4t faire son retour aux c\u00f4t\u00e9s de&hellip;\n","protected":false},"author":2,"featured_media":669215,"comment_status":"","ping_status":"","sticky":false,"template":"","format":"standard","meta":{"footnotes":""},"categories":[1356],"tags":[6468,244,1083,58,59,1011,27,252,22497,49534,1364,2395,1630],"class_list":{"0":"post-669214","1":"post","2":"type-post","3":"status-publish","4":"format-standard","5":"has-post-thumbnail","7":"category-television","8":"tag-benjamin-castaldi","9":"tag-commentaire","10":"tag-cyril-hanouna","11":"tag-divertissement","12":"tag-entertainment","13":"tag-fr","14":"tag-france","15":"tag-television","16":"tag-tout-beau","17":"tag-tout-n9uf","18":"tag-tv","19":"tag-w9","20":"tag-zapping"},"share_on_mastodon":{"url":"https:\/\/pubeurope.com\/@fr\/115908496817063047","error":""},"_links":{"self":[{"href":"https:\/\/www.europesays.com\/fr\/wp-json\/wp\/v2\/posts\/669214","targetHints":{"allow":["GET"]}}],"collection":[{"href":"https:\/\/www.europesays.com\/fr\/wp-json\/wp\/v2\/posts"}],"about":[{"href":"https:\/\/www.europesays.com\/fr\/wp-json\/wp\/v2\/types\/post"}],"author":[{"embeddable":true,"href":"https:\/\/www.europesays.com\/fr\/wp-json\/wp\/v2\/users\/2"}],"replies":[{"embeddable":true,"href":"https:\/\/www.europesays.com\/fr\/wp-json\/wp\/v2\/comments?post=669214"}],"version-history":[{"count":0,"href":"https:\/\/www.europesays.com\/fr\/wp-json\/wp\/v2\/posts\/669214\/revisions"}],"wp:featuredmedia":[{"embeddable":true,"href":"https:\/\/www.europesays.com\/fr\/wp-json\/wp\/v2\/media\/669215"}],"wp:attachment":[{"href":"https:\/\/www.europesays.com\/fr\/wp-json\/wp\/v2\/media?parent=669214"}],"wp:term":[{"taxonomy":"category","embeddable":true,"href":"https:\/\/www.europesays.com\/fr\/wp-json\/wp\/v2\/categories?post=669214"},{"taxonomy":"post_tag","embeddable":true,"href":"https:\/\/www.europesays.com\/fr\/wp-json\/wp\/v2\/tags?post=669214"}],"curies":[{"name":"wp","href":"https:\/\/api.w.org\/{rel}","templated":true}]}}