{"id":669216,"date":"2026-01-17T04:14:12","date_gmt":"2026-01-17T04:14:12","guid":{"rendered":"https:\/\/www.europesays.com\/fr\/669216\/"},"modified":"2026-01-17T04:14:12","modified_gmt":"2026-01-17T04:14:12","slug":"les-mots-de-jungwon-sur-le-renouvellement-de-contrat-denhypen-declenchent-de-nombreuses-reactions","status":"publish","type":"post","link":"https:\/\/www.europesays.com\/fr\/669216\/","title":{"rendered":"Les mots de Jungwon sur le renouvellement de contrat d\u2019ENHYPEN d\u00e9clenchent de nombreuses r\u00e9actions"},"content":{"rendered":"<p><img width=\"1024\" height=\"683\" src=\"https:\/\/www.europesays.com\/fr\/wp-content\/uploads\/2026\/01\/Les-mots-de-Jungwon-sur-le-renouvellement-de-contrat-dENHYPEN-declenchent-de-nombreuses-reactions.jp.webp\" class=\"attachment-full size-full wp-post-image lazyload\" alt=\"Les mots de Jungwon sur le renouvellement de contrat d\u2019ENHYPEN d\u00e9clenchent de nombreuses r\u00e9actions\" data-main-img=\"1\" decoding=\"async\" fetchpriority=\"high\"   title=\"Les mots de Jungwon sur le renouvellement de contrat d\u2019ENHYPEN d\u00e9clenchent de nombreuses r\u00e9actions\"\/><\/p>\n<p>Le leader du groupe ENHYPEN a r\u00e9cemment <strong>\u00e9voqu\u00e9 la question du renouvellement de contrat<\/strong> lors d\u2019un entretien.<\/p>\n<p>Le 14 janvier, <strong>ENHYPEN a sorti son septi\u00e8me mini-album, THE SIN: VANISH<\/strong>, une sortie qui relance naturellement les interrogations sur la suite de leur parcours. Comme <strong>la septi\u00e8me ann\u00e9e approche,<\/strong> beaucoup pensent donc <strong>que des discussions pourraient d\u00e9buter prochainement. <\/strong><\/p>\n<p>Jungwon a toutefois souhait\u00e9 clarifier la situation en d\u00e9clarant : <strong>\u00ab Il n\u2019y a pas encore eu de discussions. Nous allons travailler dur pour obtenir des r\u00e9sultats positifs pour ENGENE. \u00bb<\/strong><\/p>\n<p><img loading=\"lazy\" decoding=\"async\" width=\"1200\" height=\"732\" src=\"https:\/\/www.europesays.com\/fr\/wp-content\/uploads\/2026\/01\/Jungwon-dENHYPEN-le-leader-au-parcours-impressionnant.jpg\" alt=\"Les mots de Jungwon sur le renouvellement de contrat d\u2019ENHYPEN d\u00e9clenchent de nombreuses r\u00e9actions\" class=\"wp-image-270371 lazyload\" title=\"Les mots de Jungwon sur le renouvellement de contrat d\u2019ENHYPEN d\u00e9clenchent de nombreuses r\u00e9actions\"  \/><\/p>\n<p>Apr\u00e8s cette prise de parole, de nombreuses r\u00e9actions sont apparues sur les r\u00e9seaux sociaux. Plusieurs messages montrent <strong>une r\u00e9elle inqui\u00e9tude concernant l\u2019avenir des membres<\/strong>, <strong>notamment sur le plan personnel<\/strong>.<\/p>\n<p>L\u2019un d\u2019eux a \u00e9crit : \u00ab Veuillez penser d\u2019abord \u00e0 votre avenir, Hoon. Tu as tellement de potentiel. Rejoins une agence qui ne te freine pas (ou ne te sabote pas). \u00bb D\u2019autres r\u00e9actions <strong>portent davantage sur les conditions d\u2019un \u00e9ventuel renouvellement<\/strong>, comme ce message : \u00ab J\u2019esp\u00e8re que Ni-ki et les autres ne renouvelleront leur contrat que dans des conditions qui leur soient favorables, avec un bon traitement pour eux. \u00bb<\/p>\n<p><img loading=\"lazy\" decoding=\"async\" width=\"1200\" height=\"720\" src=\"https:\/\/www.europesays.com\/fr\/wp-content\/uploads\/2025\/07\/Un-geste-du-staff-dENHYPEN-a-laeroport-cree-un-debat-houleux-parmi-les-fans.webp.webp\" alt=\"Les mots de Jungwon sur le renouvellement de contrat d\u2019ENHYPEN d\u00e9clenchent de nombreuses r\u00e9actions\" class=\"wp-image-256861 lazyload\" title=\"Les mots de Jungwon sur le renouvellement de contrat d\u2019ENHYPEN d\u00e9clenchent de nombreuses r\u00e9actions\"  \/><\/p>\n<p>D\u2019autres messages rappellent \u00e9galement <strong>l\u2019importance de rester unis malgr\u00e9 les incertitudes<\/strong>. Un commentaire souligne ainsi : \u00ab Les groupes de gar\u00e7ons ne sont plus rien s\u2019ils se s\u00e9parent. Veuillez renouveler et rester ensemble longtemps. \u00bb<\/p>\n<p>De leur c\u00f4t\u00e9, <strong>Jungwon et les autres membres restent concentr\u00e9s sur leur travail et sur leurs activit\u00e9s actuelles.<\/strong> <strong>La question du renouvellement de contrat demeure donc ouverte<\/strong>, et chaque d\u00e9claration continue d\u2019\u00eatre observ\u00e9e avec attention par le public.<\/p>\n<p>Et vous, qu\u2019en pensez-vous\u00a0?<\/p>\n<p>  Si vous appr\u00e9ciez notre travail, vous pouvez nous soutenir en nous suivant sur Google :  <a href=\"https:\/\/profile.google.com\/cp\/EjwKHGFsdHNlbGVjdGlvbi5vdWVzdC1mcmFuY2UuZnISHGFsdHNlbGVjdGlvbi5vdWVzdC1mcmFuY2UuZnI\" target=\"_blank\" rel=\"noopener nofollow external\" style=\"&#010; display:inline-block !important;&#010; padding:12px 20px !important;&#010; background:#ff2d89 !important;&#010; color:#fff !important;&#010; border-radius:999px !important;&#010; font-weight:700 !important;&#010; text-decoration:none !important;&#010; line-height:1 !important;&#010; border:0 !important;&#010; box-shadow:0 6px 18px rgba(255,45,137,.25) !important;&#010; transition:transform .06s ease, box-shadow .2s ease !important;\"> Suivre sur Google News <\/a><\/p>\n","protected":false},"excerpt":{"rendered":"Le leader du groupe ENHYPEN a r\u00e9cemment \u00e9voqu\u00e9 la question du renouvellement de contrat lors d\u2019un entretien. Le&hellip;\n","protected":false},"author":2,"featured_media":669217,"comment_status":"","ping_status":"","sticky":false,"template":"","format":"standard","meta":{"footnotes":""},"categories":[1355],"tags":[58,59,1011,27,1361,873],"class_list":{"0":"post-669216","1":"post","2":"type-post","3":"status-publish","4":"format-standard","5":"has-post-thumbnail","7":"category-musique","8":"tag-divertissement","9":"tag-entertainment","10":"tag-fr","11":"tag-france","12":"tag-music","13":"tag-musique"},"share_on_mastodon":{"url":"https:\/\/pubeurope.com\/@fr\/115908500977225050","error":""},"_links":{"self":[{"href":"https:\/\/www.europesays.com\/fr\/wp-json\/wp\/v2\/posts\/669216","targetHints":{"allow":["GET"]}}],"collection":[{"href":"https:\/\/www.europesays.com\/fr\/wp-json\/wp\/v2\/posts"}],"about":[{"href":"https:\/\/www.europesays.com\/fr\/wp-json\/wp\/v2\/types\/post"}],"author":[{"embeddable":true,"href":"https:\/\/www.europesays.com\/fr\/wp-json\/wp\/v2\/users\/2"}],"replies":[{"embeddable":true,"href":"https:\/\/www.europesays.com\/fr\/wp-json\/wp\/v2\/comments?post=669216"}],"version-history":[{"count":0,"href":"https:\/\/www.europesays.com\/fr\/wp-json\/wp\/v2\/posts\/669216\/revisions"}],"wp:featuredmedia":[{"embeddable":true,"href":"https:\/\/www.europesays.com\/fr\/wp-json\/wp\/v2\/media\/669217"}],"wp:attachment":[{"href":"https:\/\/www.europesays.com\/fr\/wp-json\/wp\/v2\/media?parent=669216"}],"wp:term":[{"taxonomy":"category","embeddable":true,"href":"https:\/\/www.europesays.com\/fr\/wp-json\/wp\/v2\/categories?post=669216"},{"taxonomy":"post_tag","embeddable":true,"href":"https:\/\/www.europesays.com\/fr\/wp-json\/wp\/v2\/tags?post=669216"}],"curies":[{"name":"wp","href":"https:\/\/api.w.org\/{rel}","templated":true}]}}