{"id":669220,"date":"2026-01-17T04:16:16","date_gmt":"2026-01-17T04:16:16","guid":{"rendered":"https:\/\/www.europesays.com\/fr\/669220\/"},"modified":"2026-01-17T04:16:16","modified_gmt":"2026-01-17T04:16:16","slug":"je-suis-medecin-et-jai-un-message-urgent-pour-les-plus-de-60-ans","status":"publish","type":"post","link":"https:\/\/www.europesays.com\/fr\/669220\/","title":{"rendered":"Je suis m\u00e9decin et j&rsquo;ai un message urgent pour les plus de 60 ans"},"content":{"rendered":"<p><a href=\"https:\/\/www.mariefrance.fr\/equilibre\/a-60-ans-arretez-immediatement-ces-habitudes-discretes-si-vous-voulez-marcher-encore-facilement-a-80-ans-1236407.html\" rel=\"noopener\" target=\"_blank\">La soixantaine est un v\u00e9ritable tournant<\/a>. En effet, le<br \/>\ncorps change et il vaut mieux en prendre conscience si vous voulez<br \/>\nvivre longtemps. Un <strong>m\u00e9decin<\/strong> en a d&rsquo;ailleurs<br \/>\nprofit\u00e9 pour faire un rappel \u00e0 ceux qui ont d\u00e9sormais <strong>plus<br \/>\nde 60 ans<\/strong> et qui doivent absolument surveiller cet aspect<br \/>\nde leur <strong>m\u00e9tabolisme<\/strong>.<\/p>\n<p>Si <strong>l&rsquo;esp\u00e9rance de vie<\/strong> a grandement \u00e9volu\u00e9<br \/>\ndepuis plusieurs d\u00e9cennies, les organismes de sant\u00e9 publique<br \/>\nsoulignent aujourd&rsquo;hui l&rsquo;importance de <strong>bien<br \/>\nvieillir<\/strong>. Il faut dire qu&rsquo;avec le changement d\u00e9mographique<br \/>\net le vieillissement de la population, les pouvoirs publics ont<br \/>\ntout int\u00e9r\u00eat \u00e0 avoir des s\u00e9niors en forme. C&rsquo;est une n\u00e9cessit\u00e9 pour<br \/>\nne pas voir exploser les <strong>d\u00e9penses de sant\u00e9<\/strong> qui<br \/>\nrepr\u00e9sentent d\u00e9j\u00e0 une part non n\u00e9gligeable du budget de l&rsquo;\u00c9tat.<\/p>\n<p>Ce m\u00e9decin sp\u00e9cialiste alerte sur ce sympt\u00f4me qui peut \u00eatre<br \/>\nlourd de cons\u00e9quences pour les plus de 60 ans<\/p>\n<p>Les rappels concernant l&rsquo;alimentation et <a href=\"https:\/\/www.mariefrance.fr\/equilibre\/sante\/lactu-au-scalpel\/accouchement-activite-physique-pendant-grossesse-reduirait-temps-de-travail-416827.html\" rel=\"noopener\" target=\"_blank\">la pratique r\u00e9guli\u00e8re d&rsquo;une activit\u00e9 physique<\/a> sont<br \/>\nnombreux. Mais, beaucoup oublient l&rsquo;importance du<br \/>\n<strong>sommeil<\/strong> dans le bon fonctionnement de l&rsquo;organisme.<br \/>\nEn effet, la <strong>fatigue<\/strong> peut \u00eatre plus pr\u00e9sente apr\u00e8s<br \/>\n60 ans, notamment \u00e0 cause de la s\u00e9dentarit\u00e9 ou de certaines<br \/>\npathologies. Et, c&rsquo;est une sensation qu&rsquo;il ne faut pas ignorer,<br \/>\ncomme l&rsquo;a expliqu\u00e9 le Pr \u00c9ric Boulanger.<\/p>\n<p>Ce professeur de m\u00e9decine et de biologie du vieillissement<br \/>\nconstate avec un certain d\u00e9pit que le r\u00f4le du sommeil a longtemps<br \/>\n\u00e9t\u00e9 sous-estim\u00e9. Pourtant, la nuit, le corps est loin d&rsquo;\u00eatre au<br \/>\nrepos et alors que tout est calme, les cellules s&rsquo;activent.<br \/>\n\u00ab\u00a0Dans le cerveau, il existe un <strong>syst\u00e8me<br \/>\nglymphatique<\/strong> qui assure le drainage c\u00e9r\u00e9bral et qui se met<br \/>\nen route toutes les 20 secondes quand on est en sommeil<br \/>\nprofond.\u00a0\u00bb, a expliqu\u00e9 le m\u00e9decin dans des propos rapport\u00e9s par<br \/>\n<a href=\"https:\/\/sante.journaldesfemmes.fr\/quotidien\/3232244-que-faire-pour-combattre-la-fatigue-a-60-ans\/\" target=\"_blank\" rel=\"nofollow noopener\">Le Journal des<br \/>\nFemmes<\/a>.\u00a0<\/p>\n<p><img loading=\"lazy\" decoding=\"async\" aria-describedby=\"caption-attachment-1117192\" itemprop=\"thumbnailUrl\" class=\"size-full wp-image-1117192 img-responsive\" src=\"https:\/\/www.europesays.com\/fr\/wp-content\/uploads\/2025\/09\/shutterstock_2527925189.jpg\" alt=\"Sommeil et vieillissement\" width=\"1280\" height=\"640\"\/><br \/>\n\u00a9<br \/>\nShutterstock<\/p>\n<p id=\"caption-attachment-1117192\" class=\"wp-caption-text\">Le<br \/>\nsommeil contribue au bon fonctionnement de l&rsquo;organisme.<\/p>\n<p>Il est n\u00e9cessaire de faire un bilan sanguin apr\u00e8s 60 ans<\/p>\n<p>\u00ab\u00a0Ce syst\u00e8me \u00e9pure plein de petites, moyennes et grosses<br \/>\nmol\u00e9cules, dont les prot\u00e9ines qui s&rsquo;accumulent notamment dans<br \/>\n<a href=\"https:\/\/www.mariefrance.fr\/equilibre\/sante\/lactu-au-scalpel\/lanxiete-serait-lun-premiers-signes-de-maladie-dalzheimer-408655.html\" rel=\"noopener\" target=\"_blank\">la maladie d&rsquo;Alzheimer<\/a>.\u00a0\u00bb, a-t-il soulign\u00e9. Avant de<br \/>\npoursuivre : \u00ab\u00a0En vieillissant, les phases de sommeil profond<br \/>\nsont moins nombreuses et de plus courte dur\u00e9e, donc <strong>on<br \/>\n\u00e9pure moins<\/strong>\u00ab\u00a0. Et, pour \u00e9liminer toutes les causes<br \/>\npossibles qui peuvent expliquer le manque de sommeil et la fatigue,<br \/>\nil conseille de r\u00e9aliser un <strong>bilan sanguin<\/strong>.<\/p>\n<p>En effet, des <strong>carences<\/strong> peuvent \u00eatre \u00e0 l&rsquo;origine<br \/>\nde votre \u00e9tat. \u00c0 partir de la soixantaine, \u00ab\u00a0le corps absorbe<br \/>\nmoins bien certains nutriments cl\u00e9s comme la vitamine B12, le fer<br \/>\net le magn\u00e9sium.\u00a0\u00bb, rappellent nos confr\u00e8res. \u00ab\u00a0Pour lutter<br \/>\nefficacement contre la fatigue \u00e0 60\u00a0ans, il faut avant<br \/>\ntout\u00a0<strong>consulter son m\u00e9decin<\/strong> traitant pour<br \/>\nr\u00e9aliser un bilan sanguin pour \u00e9liminer des carences\u00a0\u00bb, a<br \/>\nexpliqu\u00e9 le Pr \u00c9ric Boulanger.<\/p>\n<p><img loading=\"lazy\" decoding=\"async\" aria-describedby=\"caption-attachment-1118154\" class=\"size-full wp-image-1118154 img-responsive\" src=\"https:\/\/www.europesays.com\/fr\/wp-content\/uploads\/2026\/01\/homme-fatigue.jpg\" alt=\"Stress\" width=\"1280\" height=\"720\"\/> \u00a9<br \/>\nShutterstock<\/p>\n<p id=\"caption-attachment-1118154\" class=\"wp-caption-text\">Une<br \/>\nfatigue persistante est parfois le signe de certaines carences.<\/p>\n<p>Ce m\u00e9decin souligne l&rsquo;importance de la<br \/>\nsant\u00e9 mentale apr\u00e8s 60 ans<\/p>\n<p>Gr\u00e2ce aux r\u00e9sultats, il sera alors possible d&rsquo;adapter son<br \/>\n<strong>alimentation<\/strong> ou de prendre un<br \/>\n<strong>traitement<\/strong> pour pallier d&rsquo;\u00e9ventuelles carences.<br \/>\nD&rsquo;ailleurs, le professeur met aussi en garde contre une autre cause<br \/>\nde fatigue. Il faut donc \u00ab\u00a0regarder les <strong>effets<br \/>\nsecondaires<\/strong> de certains traitements m\u00e9dicamenteux et<br \/>\n\u00e9valuer des troubles du sommeil.\u00a0\u00bb<\/p>\n<blockquote class=\"twitter-tweet\"><p><a class=\"twitter-link\" rel=\"noindex, nofollow noopener\" href=\"https:\/\/twitter.com\/mariefrancemag\/status\/1976928982785233246\" target=\"_blank\"><\/p><\/blockquote>\n<p>Enfin, le sommeil est aussi d\u00e9pendant de l&rsquo;\u00e9tat psychologique.<br \/>\n\u00ab\u00a0Dernier \u00e9l\u00e9ment, et pas des moindres, il est essentiel de<br \/>\nprendre soin de sa <strong>sant\u00e9 mentale<\/strong> en restant<br \/>\nsocialement actif, en g\u00e9rant son stress et en se fixant de nouveaux<br \/>\nobjectifs r\u00e9guli\u00e8rement.\u00a0\u00bb, a ajout\u00e9 le professionnel de<br \/>\nsant\u00e9.<\/p>\n<p><script async src=\"https:\/\/platform.twitter.com\/widgets.js\" charset=\"utf-8\"><\/script><\/p>\n","protected":false},"excerpt":{"rendered":"La soixantaine est un v\u00e9ritable tournant. En effet, le corps change et il vaut mieux en prendre conscience&hellip;\n","protected":false},"author":2,"featured_media":669221,"comment_status":"","ping_status":"","sticky":false,"template":"","format":"standard","meta":{"footnotes":""},"categories":[10],"tags":[21303,1011,27,72,71],"class_list":{"0":"post-669220","1":"post","2":"type-post","3":"status-publish","4":"format-standard","5":"has-post-thumbnail","7":"category-sante","8":"tag-buzz_nonli","9":"tag-fr","10":"tag-france","11":"tag-health","12":"tag-sante"},"share_on_mastodon":{"url":"https:\/\/pubeurope.com\/@fr\/115908509364481414","error":""},"_links":{"self":[{"href":"https:\/\/www.europesays.com\/fr\/wp-json\/wp\/v2\/posts\/669220","targetHints":{"allow":["GET"]}}],"collection":[{"href":"https:\/\/www.europesays.com\/fr\/wp-json\/wp\/v2\/posts"}],"about":[{"href":"https:\/\/www.europesays.com\/fr\/wp-json\/wp\/v2\/types\/post"}],"author":[{"embeddable":true,"href":"https:\/\/www.europesays.com\/fr\/wp-json\/wp\/v2\/users\/2"}],"replies":[{"embeddable":true,"href":"https:\/\/www.europesays.com\/fr\/wp-json\/wp\/v2\/comments?post=669220"}],"version-history":[{"count":0,"href":"https:\/\/www.europesays.com\/fr\/wp-json\/wp\/v2\/posts\/669220\/revisions"}],"wp:featuredmedia":[{"embeddable":true,"href":"https:\/\/www.europesays.com\/fr\/wp-json\/wp\/v2\/media\/669221"}],"wp:attachment":[{"href":"https:\/\/www.europesays.com\/fr\/wp-json\/wp\/v2\/media?parent=669220"}],"wp:term":[{"taxonomy":"category","embeddable":true,"href":"https:\/\/www.europesays.com\/fr\/wp-json\/wp\/v2\/categories?post=669220"},{"taxonomy":"post_tag","embeddable":true,"href":"https:\/\/www.europesays.com\/fr\/wp-json\/wp\/v2\/tags?post=669220"}],"curies":[{"name":"wp","href":"https:\/\/api.w.org\/{rel}","templated":true}]}}