{"id":669228,"date":"2026-01-17T04:20:15","date_gmt":"2026-01-17T04:20:15","guid":{"rendered":"https:\/\/www.europesays.com\/fr\/669228\/"},"modified":"2026-01-17T04:20:15","modified_gmt":"2026-01-17T04:20:15","slug":"le-prix-de-lelectricite-va-chuter-a-une-heure-precise-ce-17-janvier-2026","status":"publish","type":"post","link":"https:\/\/www.europesays.com\/fr\/669228\/","title":{"rendered":"Le prix de l&rsquo;\u00e9lectricit\u00e9 va chuter \u00e0 une heure pr\u00e9cise ce 17 janvier 2026"},"content":{"rendered":"<p>        <img decoding=\"async\" class=\"article__hero-img\" src=\"https:\/\/www.europesays.com\/fr\/wp-content\/uploads\/2025\/12\/prix-electricite-17.jpg\" alt=\"Le prix de l'\u00e9lectricit\u00e9 va chuter \u00e0 une heure pr\u00e9cise ce 17 janvier 2026\"\/><\/p>\n<p>              <img decoding=\"async\" class=\"article-author__picture webp\" src=\"https:\/\/www.europesays.com\/fr\/wp-content\/uploads\/2025\/04\/matias-perea-85px.jpg.webp\" alt=\"Matias Perea\"\/><\/p>\n<p class=\"article-author__info--name\"> Par<br \/>\n                      <a href=\"https:\/\/selectra.info\/equipe\/matias\" target=\"_blank\" rel=\"noopener author\"> Matias Perea <\/a><\/p>\n<p class=\"article-author__info--description\"> Analyste \u00c9nergie <\/p>\n<p>  <img decoding=\"async\" class=\"new-ads__card-logo\" src=\"https:\/\/www.europesays.com\/fr\/wp-content\/uploads\/2025\/04\/ampoule-animee.gif\" alt=\"logo\"\/><\/p>\n<p class=\"new-ads__card-title\">Trouvez un fournisseur moins cher !<\/p>\n<p class=\"new-ads__card-description\">Obtenez votre comparatif par t\u00e9l\u00e9phone avec Selectra<\/p>\n<p>        <img decoding=\"async\" class=\"new-ads__card-logo\" src=\"https:\/\/www.europesays.com\/fr\/wp-content\/uploads\/2025\/12\/ekwateur-xs.png\" alt=\"logo\"\/><\/p>\n<p class=\"new-ads__card-title\">L&rsquo;offre du moment \u00e0 -20% (HT) par rapport au tarif r\u00e9glement\u00e9<\/p>\n<p class=\"new-ads__card-description\">De l&rsquo;\u00e9lectricit\u00e9 verte \u00e0 prix fixe moins ch\u00e8re<\/p>\n<p class=\"intro\">\n    Ce <strong>samedi 17 janvier 2026<\/strong>, le prix du kWh d&rsquo;\u00e9lectricit\u00e9 pour les offres d&rsquo;\u00e9lectricit\u00e9 dynamiques est en moyenne de <strong>0,1713 \u20ac\/kWh<\/strong>.<br \/>\n            C&rsquo;est<br \/>\n                    <strong>en baisse<\/strong><br \/>\n                par rapport \u00e0 hier (0,1714 \u20ac\/kWh).<br \/>\n                Le prix pour demain sera publi\u00e9 aux alentours de 13h30.<br \/>\n                Pour les clients ayant une offre index\u00e9e sur le march\u00e9 de gros, le moment le plus int\u00e9ressant pour consommer est aujourd&rsquo;hui \u00e0 <strong>4h<\/strong> et le plus cher \u00e0 <strong>18h<\/strong>.<br \/>\n                Pour les particuliers cherchant une offre classique, le fournisseur le moins cher est actuellement <strong>Ekwateur<\/strong> avec un prix du kWh \u00e0 <strong>0,1627 \u20ac<\/strong>.\n    <\/p>\n<p>\n    Tarif dynamique calcul\u00e9 par Selectra sur la base du prix de l&rsquo;\u00e9lectricit\u00e9 par heure publi\u00e9 par les fournisseurs d&rsquo;\u00e9lectricit\u00e9, additionn\u00e9 aux taxes en vigueur en France.\n<\/p>\n<p>Le prix de l&rsquo;\u00e9lectricit\u00e9 en tarification dynamique ce samedi 17 janvier 2026<\/p>\n<p>Le prix affich\u00e9 ci-dessous correspond au co\u00fbt final (TTC) pay\u00e9 par un client ayant souscrit une offre d&rsquo;\u00e9lectricit\u00e9 \u00e0 tarification dynamique. Il inclut le prix de l&rsquo;\u00e9lectron sur le march\u00e9 de gros, ainsi que les taxes et l&rsquo;acheminement.<\/p>\n<p>Aujourd&rsquo;hui 17 janvier 2026, le prix moyen en offre dynamique s&rsquo;\u00e9l\u00e8ve \u00e0 <strong>0,1713 \u20ac du kWh<\/strong>, soit une baisse de <strong>0,1%<\/strong> par rapport \u00e0 hier. Pour demain, les tarifs seront disponibles vers 13h30.<\/p>\n<p>            \u00c9volution du tarif dynamique : hier vs aujourd&rsquo;hui<\/p>\n<tr>\n                Prix Index\u00e9 Spot<br \/>\n                Hier<br \/>16\/01\/2026<br \/>\n                Aujourd&rsquo;hui<br \/>17\/01\/2026<br \/>\n            <\/tr>\n<tr>\n<td>Prix moyen TTC<\/td>\n<td>0,1714<br \/>\u20ac\/kWh<\/td>\n<td>0,1713<br \/>\u20ac\/kWh<\/td>\n<\/tr>\n<tr>\n<td>\u00c9volution en \u20ac<\/td>\n<td colspan=\"2\">\n                                                                                                -0,0001 \u20ac\n                                                            <\/td>\n<\/tr>\n<tr>\n<td>\u00c9volution en %<\/td>\n<td colspan=\"2\">\n                                                                                                -0,06%\n                                                            <\/td>\n<\/tr>\n<p class=\"table__legend\">\n    Calculs Selectra incluant la TICFE et la TVA.\n<\/p>\n<p>Prix du kWh heure par heure (Tarification Dynamique) ce samedi 17 janvier 2026<\/p>\n<p>Le prix de l&rsquo;\u00e9lectricit\u00e9 varie toutes les heures. Ces donn\u00e9es sont cruciales si vous avez une offre dynamique, notamment pour programmer la recharge de votre voiture \u00e9lectrique ou le lancement de vos appareils \u00e9nergivores.<\/p>\n<p>Ce 17 janvier 2026, l&rsquo;\u00e9cart de prix est important (38%). Pour faire des \u00e9conomies, privil\u00e9giez une consommation <strong>au c\u0153ur de la nuit<\/strong> vers <strong>4h<\/strong> o\u00f9 le tarif descend \u00e0 0,1502 \u20ac\/kWh. \u00c0 l&rsquo;inverse, \u00e9vitez si possible de consommer <strong>au moment du pic de consommation du soir<\/strong> (pic \u00e0 <strong>18h<\/strong> \u00e0 0,2074 \u20ac\/kWh).<\/p>\n<p>      Prix du kWh par heure aujourd&rsquo;hui (17\/01\/2026)<\/p>\n<p>Evolution des tarifs dynamiques sur un an<\/p>\n<p>Le prix des offres index\u00e9es sur le march\u00e9 spot varie selon les saisons et les conditions de march\u00e9 (m\u00e9t\u00e9o, prix du gaz, disponibilit\u00e9 du parc nucl\u00e9aire).<\/p>\n<p>L&rsquo;analyse mensuelle montre que le mois de <strong>janvier 2025<\/strong> s&rsquo;est \u00e9tabli \u00e0 une moyenne de <strong>0,1638 \u20ac\/kWh<\/strong>. Cela repr\u00e9sente une <strong>baisse de 10,3%<\/strong> par rapport au mois pr\u00e9c\u00e9dent. Sur l&rsquo;ann\u00e9e \u00e9coul\u00e9e, le tarif le plus bas a \u00e9t\u00e9 observ\u00e9 en <strong>mai 2025<\/strong> (0,0592 \u20ac\/kWh) et le plus \u00e9lev\u00e9 en <strong>f\u00e9vrier 2025<\/strong> (0,1827 \u20ac\/kWh).<\/p>\n<p>    Suivez l&rsquo;\u00e9volution des prix SPOT<\/p>\n<p class=\"col-xs-12\">Inscrivez-vous \u00e0 la cha\u00eene WhatsApp Selectra SPOT FR pour ne rien rater :<\/p>\n<p>Quels sont les prix SPOT d&rsquo;\u00e9lectricit\u00e9 en Europe ?<\/p>\n<p>Les prix spot (march\u00e9 de gros) existent dans toute l&rsquo;Europe (EPEX SPOT, Nord Pool, OMIE&#8230;). Ils sont interconnect\u00e9s mais varient selon le mix \u00e9nerg\u00e9tique de chaque pays.<\/p>\n<p>Avec un prix spot de <strong>113,00 \u20ac\/MWh<\/strong>, la France se classe au <strong>18\u00e8me rang<\/strong> des march\u00e9s les plus chers d&rsquo;Europe sur un total de 26. \u00c0 l&rsquo;\u00e9chelle continentale, le prix le plus bas est observ\u00e9 sur le march\u00e9 <strong>Finlande<\/strong> (39,00 \u20ac\/MWh), tandis que le prix le plus \u00e9lev\u00e9 se trouve sur le march\u00e9 <strong>Irlande<\/strong> (160,00 \u20ac\/MWh).<\/p>\n<p class=\"h2\">Prix spot en Europe le 17\/01\/2026<\/p>\n<p>                Prix spot de l&rsquo;\u00e9lectricit\u00e9 en Europe le 17\/01\/2026<\/p>\n<tr>\n                    Pays<br \/>\n                    Prix Spot (\u20ac\/MWh)<br \/>\n                <\/tr>\n<tr>\n                        Finlande<\/p>\n<td>39,00 \u20ac<\/td>\n<\/tr>\n<tr>\n                        Su\u00e8de 1<\/p>\n<td>39,00 \u20ac<\/td>\n<\/tr>\n<tr>\n                        Su\u00e8de 2<\/p>\n<td>39,00 \u20ac<\/td>\n<\/tr>\n<tr>\n                        Norv\u00e8ge 4<\/p>\n<td>41,00 \u20ac<\/td>\n<\/tr>\n<tr>\n                        Norv\u00e8ge 3<\/p>\n<td>73,00 \u20ac<\/td>\n<\/tr>\n<tr>\n                        Su\u00e8de 3<\/p>\n<td>76,00 \u20ac<\/td>\n<\/tr>\n<tr>\n                        Norv\u00e8ge 5<\/p>\n<td>99,00 \u20ac<\/td>\n<\/tr>\n<tr>\n                        Norv\u00e8ge 1<\/p>\n<td>101,00 \u20ac<\/td>\n<\/tr>\n<tr>\n                        Norv\u00e8ge 2<\/p>\n<td>102,00 \u20ac<\/td>\n<\/tr>\n<tr>\n                        Estonie<\/p>\n<td>103,00 \u20ac<\/td>\n<\/tr>\n<tr>\n                            Su\u00e8de 4<\/p>\n<td>106,00 \u20ac<\/td>\n<\/tr>\n<tr>\n                            Lituanie<\/p>\n<td>107,00 \u20ac<\/td>\n<\/tr>\n<tr>\n                            Lettonie<\/p>\n<td>107,00 \u20ac<\/td>\n<\/tr>\n<tr>\n                            Pays-Bas<\/p>\n<td>110,00 \u20ac<\/td>\n<\/tr>\n<tr>\n                            Danemark 1<\/p>\n<td>112,00 \u20ac<\/td>\n<\/tr>\n<tr>\n                            Danemark 2<\/p>\n<td>112,00 \u20ac<\/td>\n<\/tr>\n<tr>\n                            Allemagne<\/p>\n<td>112,00 \u20ac<\/td>\n<\/tr>\n<tr>\n                            France<\/p>\n<td>113,00 \u20ac<\/td>\n<\/tr>\n<tr>\n                            Belgique<\/p>\n<td>114,00 \u20ac<\/td>\n<\/tr>\n<tr>\n                            Royaume-Uni<\/p>\n<td>118,00 \u20ac<\/td>\n<\/tr>\n<tr>\n                            Roumanie<\/p>\n<td>119,00 \u20ac<\/td>\n<\/tr>\n<tr>\n                            Pologne<\/p>\n<td>121,00 \u20ac<\/td>\n<\/tr>\n<tr>\n                            Autriche<\/p>\n<td>123,00 \u20ac<\/td>\n<\/tr>\n<tr>\n                            Italie<\/p>\n<td>126,00 \u20ac<\/td>\n<\/tr>\n<tr>\n                            Espagne<\/p>\n<td>127,00 \u20ac<\/td>\n<\/tr>\n<tr>\n                            Irlande<\/p>\n<td>160,00 \u20ac<\/td>\n<\/tr>\n<p>  <img decoding=\"async\" class=\"new-ads__card-logo\" src=\"https:\/\/www.europesays.com\/fr\/wp-content\/uploads\/2025\/04\/ampoule-animee.gif\" alt=\"logo\"\/><\/p>\n<p class=\"new-ads__card-title\">Trouvez un fournisseur moins cher !<\/p>\n<p class=\"new-ads__card-description\">Obtenez votre comparatif par t\u00e9l\u00e9phone avec Selectra<\/p>\n<p>        <img decoding=\"async\" class=\"new-ads__card-logo\" src=\"https:\/\/www.europesays.com\/fr\/wp-content\/uploads\/2025\/12\/ekwateur-xs.png\" alt=\"logo\"\/><\/p>\n<p class=\"new-ads__card-title\">L&rsquo;offre du moment \u00e0 -20% (HT) par rapport au tarif r\u00e9glement\u00e9<\/p>\n<p class=\"new-ads__card-description\">De l&rsquo;\u00e9lectricit\u00e9 verte \u00e0 prix fixe moins ch\u00e8re<\/p>\n<p class=\"in-short--title col-xs-12 text--center\">R\u00e9capitulatif des prix en France samedi 17 janvier 2026<\/p>\n<p class=\"in-short--description col-xs-12\">Le tarif r\u00e9glement\u00e9 (TRV) reste la r\u00e9f\u00e9rence, mais des offres de march\u00e9 sont souvent moins ch\u00e8res.<\/p>\n<p class=\"in-short--list__title\">Tarif R\u00e9glement\u00e9 (EDF &#8211; Tarif Bleu)<\/p>\n<ul class=\"list--check\">\n<li>Option Base : <strong>0,1952 \u20ac\/kWh<\/strong><\/li>\n<li>Heures Pleines : <strong>0,2081 \u20ac\/kWh<\/strong><\/li>\n<li>Heures Creuses : <strong>0,1635 \u20ac\/kWh<\/strong><\/li>\n<li>Facture estim\u00e9e* : <strong>113,08 \u20ac\/mois<\/strong><\/li>\n<\/ul>\n<p class=\"in-short--list__title\">Offre la moins ch\u00e8re : Electricit\u00e9 100% verte fixe (Ekwateur)<\/p>\n<ul class=\"list--check\">\n<li>Option Base : <strong>0,1627 \u20ac\/kWh<\/strong><\/li>\n<li>Heures Pleines : <strong>0,1729 \u20ac\/kWh<\/strong><\/li>\n<li>Heures Creuses : <strong>0,1375 \u20ac\/kWh<\/strong><\/li>\n<li>Facture estim\u00e9e* : <strong>96,92 \u20ac\/mois<\/strong><\/li>\n<\/ul>\n<p class=\"table__legend\">*Montant calcul\u00e9 le Samedi 17 janvier 2026 pour une consommation de 6000 kWh (6 kVA Base).<\/p>\n<p>Les offres d&rsquo;\u00e9lectricit\u00e9 les moins ch\u00e8res<\/p>\n<p>Le fournisseur <a href=\"https:\/\/selectra.info\/energie\/fournisseurs\/ekwateur\" target=\"_blank\" rel=\"noopener\">Ekwateur<\/a> propose actuellement l&rsquo;offre <strong>Electricit\u00e9 100% verte fixe<\/strong> \u00e0 <strong>0,1627 \u20ac\/kWh<\/strong> (Base). Cela repr\u00e9sente une \u00e9conomie de <strong>194 \u20ac par an<\/strong> par rapport au tarif r\u00e9glement\u00e9.<\/p>\n<p>Cette offre, <strong>disponible sur l&rsquo;ensemble de la France M\u00e9tropolitaine<\/strong>, propose <strong>100\u00a0% d&rsquo;\u00e9lectricit\u00e9 d&rsquo;origine renouvelable<\/strong>, un <strong>tarif fixe<\/strong> garantissant la stabilit\u00e9 des prix et un service client engag\u00e9 pour accompagner la transition \u00e9nerg\u00e9tique.<\/p>\n<p>Voici le top 5 des offres actuelles :<\/p>\n<p class=\"table__legend\">Tarifs \u20ac TTC.<br \/>\n            Simulations effectu\u00e9es pour une consommation domestique de 6000  kWh par an et une puissance de 6 kVA \u00e0 Lyon.<br \/>\n            En savoir plus sur notre <a href=\"https:\/\/selectra.info\/energie\/score\" target=\"_blank\" rel=\"noopener\">Selectra Score<\/a>.\n      \t  <\/p>\n<p>Que propose EDF aujourd&rsquo;hui ?<\/p>\n<p>Le Tarif Bleu d&rsquo;EDF est fix\u00e9 \u00e0 <strong>0,1952 \u20ac\/kWh<\/strong>. Cependant, EDF propose aussi des offres de march\u00e9.<\/p>\n<p>Son offre de march\u00e9 la plus comp\u00e9titive est <strong>Zen Fixe<\/strong> avec un prix du kWh de <strong>0,1764 \u20ac<\/strong>.<br \/>\nElle permet d&rsquo;\u00e9conomiser <strong>113 \u20ac\/an<\/strong> par rapport au Tarif Bleu.\n<\/p>\n<p>Cette offre, <strong>disponible sur l&rsquo;ensemble de la France M\u00e9tropolitaine<\/strong>, propose un prix du kWh HT <strong>fixe pendant 2 ans<\/strong>, un tarif <strong>inf\u00e9rieur au Tarif R\u00e9glement\u00e9<\/strong> et un contrat <strong>sans engagement (r\u00e9siliable \u00e0 tout moment)<\/strong>.<\/p>\n<p class=\"table__legend\">Prix TTC.<br \/>\n            Simulations effectu\u00e9es pour une consommation domestique de 6000 kWh par an et une puissance de 6 kVA en option Base.<br \/>\n            En savoir plus sur notre <a href=\"https:\/\/selectra.info\/energie\/score\" target=\"_blank\" rel=\"noopener\">Selectra Score<\/a>.\n      \t  <\/p>\n<p>  <img decoding=\"async\" class=\"new-ads__card-logo\" src=\"https:\/\/www.europesays.com\/fr\/wp-content\/uploads\/2025\/04\/ampoule-animee.gif\" alt=\"logo\"\/><\/p>\n<p class=\"new-ads__card-title\">Trouvez un fournisseur moins cher !<\/p>\n<p class=\"new-ads__card-description\">Obtenez votre comparatif par t\u00e9l\u00e9phone avec Selectra<\/p>\n<p>        <img decoding=\"async\" class=\"new-ads__card-logo\" src=\"https:\/\/www.europesays.com\/fr\/wp-content\/uploads\/2025\/12\/ekwateur-xs.png\" alt=\"logo\"\/><\/p>\n<p class=\"new-ads__card-title\">L&rsquo;offre du moment \u00e0 -20% (HT) par rapport au tarif r\u00e9glement\u00e9<\/p>\n<p class=\"new-ads__card-description\">De l&rsquo;\u00e9lectricit\u00e9 verte \u00e0 prix fixe moins ch\u00e8re<\/p>\n","protected":false},"excerpt":{"rendered":"Par Matias Perea Analyste \u00c9nergie Trouvez un fournisseur moins cher ! Obtenez votre comparatif par t\u00e9l\u00e9phone avec Selectra&hellip;\n","protected":false},"author":2,"featured_media":208294,"comment_status":"","ping_status":"","sticky":false,"template":"","format":"standard","meta":{"footnotes":""},"categories":[6],"tags":[35,33,34,1011,27],"class_list":{"0":"post-669228","1":"post","2":"type-post","3":"status-publish","4":"format-standard","5":"has-post-thumbnail","7":"category-economie","8":"tag-business","9":"tag-economie","10":"tag-economy","11":"tag-fr","12":"tag-france"},"share_on_mastodon":{"url":"https:\/\/pubeurope.com\/@fr\/115908524778490905","error":""},"_links":{"self":[{"href":"https:\/\/www.europesays.com\/fr\/wp-json\/wp\/v2\/posts\/669228","targetHints":{"allow":["GET"]}}],"collection":[{"href":"https:\/\/www.europesays.com\/fr\/wp-json\/wp\/v2\/posts"}],"about":[{"href":"https:\/\/www.europesays.com\/fr\/wp-json\/wp\/v2\/types\/post"}],"author":[{"embeddable":true,"href":"https:\/\/www.europesays.com\/fr\/wp-json\/wp\/v2\/users\/2"}],"replies":[{"embeddable":true,"href":"https:\/\/www.europesays.com\/fr\/wp-json\/wp\/v2\/comments?post=669228"}],"version-history":[{"count":0,"href":"https:\/\/www.europesays.com\/fr\/wp-json\/wp\/v2\/posts\/669228\/revisions"}],"wp:featuredmedia":[{"embeddable":true,"href":"https:\/\/www.europesays.com\/fr\/wp-json\/wp\/v2\/media\/208294"}],"wp:attachment":[{"href":"https:\/\/www.europesays.com\/fr\/wp-json\/wp\/v2\/media?parent=669228"}],"wp:term":[{"taxonomy":"category","embeddable":true,"href":"https:\/\/www.europesays.com\/fr\/wp-json\/wp\/v2\/categories?post=669228"},{"taxonomy":"post_tag","embeddable":true,"href":"https:\/\/www.europesays.com\/fr\/wp-json\/wp\/v2\/tags?post=669228"}],"curies":[{"name":"wp","href":"https:\/\/api.w.org\/{rel}","templated":true}]}}