{"id":669267,"date":"2026-01-17T04:47:40","date_gmt":"2026-01-17T04:47:40","guid":{"rendered":"https:\/\/www.europesays.com\/fr\/669267\/"},"modified":"2026-01-17T04:47:40","modified_gmt":"2026-01-17T04:47:40","slug":"lequipe-de-france-de-foot-jouera-a-la-beaujoire-avant-de-senvoler-pour-le-mondial-les-bleus-nont-jamais-perdu-un-match-a-nantes","status":"publish","type":"post","link":"https:\/\/www.europesays.com\/fr\/669267\/","title":{"rendered":"L&rsquo;\u00e9quipe de France de foot jouera \u00e0 la Beaujoire avant de s&rsquo;envoler pour le Mondial, les Bleus n&rsquo;ont jamais perdu un match \u00e0 Nantes"},"content":{"rendered":"<p class=\"article__intro\">Les Bleus joueront \u00e0 la Beaujoire le 4 juin 2026, avant de s&rsquo;envoler aux Etats-Unis pour le Mondial de football. Une fa\u00e7on pour le s\u00e9lectionneur Didier Deschamps de boucler la boucle, lui qui a commenc\u00e9 \u00e0 chausser les crampons sur les bords de l&rsquo;Erdre.<\/p>\n<p>\n      L\u2019actu des r\u00e9gions\n    <\/p>\n<p>\n      Chaque jour, un tour d\u2019horizon des principales infos de toutes les r\u00e9gions.\n    <\/p>\n<p>    France T\u00e9l\u00e9visions utilise votre adresse e-mail afin de vous envoyer la newsletter \u00ab\u00a0L\u2019actu des r\u00e9gions\u00a0\u00bb. Vous pouvez vous d\u00e9sinscrire \u00e0 tout moment via le lien en bas de cette newsletter. <a target=\"_blank\" href=\"https:\/\/www.francetelevisions.fr\/groupe\/confidentialite\/politique-de-confidentialite\/politique-de-confidentialite-de-france-televisions-6503\" rel=\"noopener\">Notre politique de confidentialit\u00e9<\/a><\/p>\n<p>Les bleus joueront \u00e0 la Beaujoire en juin prochain.<\/p>\n<p>Nantes accueillera ainsi l&rsquo;\u00e9quipe de France pour la dixi\u00e8me fois. La derni\u00e8re rencontre des Bleus au stade de la Beaujoire avait vu les tricolores s&rsquo;imposer devant le Cameroun \u00e0 quelques jours du d\u00e9but de l&rsquo;Euro 2016 (<a href=\"https:\/\/www.fcnantes.com\/articles\/article2809.php?num=14105\" rel=\"noopener noreferrer nofollow\" class=\"souligne\" data-tooltip-url=\"https:\/\/www.fcnantes.com\/articles\/article2809.php?num=14105\" target=\"_blank\">3 buts \u00e0 2<\/a>).<\/p>\n<p>60 ans de ballon rond&#8230;De 1957 \u00e0 2016, du stade Marcel-Saupin aux abords du p\u00e9riph\u00e9rique jusqu&rsquo;\u00e0 celui de la Beaujoire, les Fran\u00e7ais n&rsquo;ont jamais conc\u00e9d\u00e9 d\u00e9faite sur les bords de l&rsquo;Erdre.<\/p>\n<p>8 victoires et un seul match nul, face aux Belges le 28 octobre 1967. Sur le terrain, Henri Michel f\u00eate sa premi\u00e8re s\u00e9lection. Il joue \u00e0 domicile. Les supporters ne le savent pas encore. Ils acclament ce jour l\u00e0 celui qui deviendra une l\u00e9gende des Canaris.<\/p>\n<p>La Beaujoire c&rsquo;est aussi un peu la maison de l&rsquo;actuel s\u00e9lectionneur Didier Deschamps. Le milieu de terrain form\u00e9 \u00e0 Nantes n&rsquo;a jamais oubli\u00e9 le chemin parcouru.<\/p>\n<p>\u00a0\u00bb Je suis arriv\u00e9 \u00e0 Nantes \u00e0 14 ans et demi, j&rsquo;ai sign\u00e9 mon premier contrat pro l\u00e0-bas, j&rsquo;y ai jou\u00e9 mon premier match pro, j&rsquo;ai eu l&rsquo;immense bonheur de conna\u00eetre ma femme l\u00e0-bas. J&rsquo;ai pass\u00e9 7 ans &#8211; enfin, pas loin de 7 ans &#8211; \u00e0 Nantes, entre 14 et 21 ans,\u00a0\u00bb rappelait-il en 2022.<\/p>\n<blockquote class=\"ftvi_content_quote\">\n<p class=\"ftvi_citation_quote\">Quand vous arrivez en centre de formation \u00e0 moins de 15 ans et que les autres ont entre 15 et 18, \u00e7a fait une grande diff\u00e9rence. Et moi j&rsquo;arrivais de ma campagne du pays basque. \u00c7a a \u00e9t\u00e9 difficile pour moi, tr\u00e8s difficile<\/p>\n<p>Didoier Deschamps, novembre 2022<\/p>\n<p class=\"ftvi_citation_source\">S\u00e9lectionneur de l&rsquo;\u00e9quipe de France<\/p>\n<\/blockquote>\n<p>Engager la conversation sur ce th\u00e8me, c&rsquo;est ouvrir la bo\u00eete \u00e0 souvenirs, notamment son arriv\u00e9e au centre de formation.<\/p>\n<p>D&rsquo;autant qu&rsquo;\u00e0 l&rsquo;\u00e9poque, Robert Budzynski, le directeur sportif de Nantes, ne lui a pas facilit\u00e9 la t\u00e2che. \u00a0\u00bb Il avait tellement le nom de Didier Deschamps \u00e0 la bouche que personne ne pouvait me supporter quand je suis arriv\u00e9. Le \u00ab\u00a0ph\u00e9nom\u00e8ne ceci, le machin\u00a0\u00bb&#8230; moi, je ne savais pas. J&rsquo;ai mis quelque mois \u00e0 \u00eatre accept\u00e9\u00a0\u00bb.<\/p>\n<p>C&rsquo;est sans doute la der \u00e0 Nantes pour Didier Deschamps. Le s\u00e9lectionneur raccrochera apr\u00e8s la coupe du Monde de 2026, sa derni\u00e8re comp\u00e9tition internationale. <\/p>\n<p>La rencontre se jouera le dimanche 2 juin prochain pour une rencontre amicale au stade de la Beaujoire. Un match programm\u00e9 \u00e0 21 heures qui devrait remplir les trav\u00e9es.<\/p>\n<p>Les hommes de Didier Deschamps \u00e9volueront face \u00e0 un adversaire qui reste \u00e0 d\u00e9terminer en pleine phase de qualification pour l&rsquo;UEFA Euro 2020. Elle rentrera dans le cadre de la pr\u00e9paration avant deux derniers matches ontre la Turquie samedi 8 juin et Andorre le mardi 11 juin.<\/p>\n<p>Les informations de billetterie relatives \u00e0 la rencontre seront communiqu\u00e9es ult\u00e9rieurement sur <a href=\"https:\/\/www.fcnantes.com\/\" target=\"_blank\" rel=\"noopener noreferrer nofollow\" data-tooltip-url=\"https:\/\/www.fcnantes.com\/\">fcnantes.com<\/a>, pr\u00e9cise le club.<\/p>\n<p>Les Bleus &#8211; t\u00eates de s\u00e9rie du groupe I, s&rsquo;envoleront ensuite vers Boston, o\u00f9 ils installeront leur camp de base, pendant toute la dur\u00e9e du Mondial, pr\u00e9vu du 11 juin au 19 juillet prochain aux Etats-Unis, au Canada et au Mexique.<\/p>\n<p><strong>\u25baRetrouvez-nous\u00a0sur nos r\u00e9seaux sociaux et sur<\/strong><a href=\"https:\/\/www.france.tv\/france-3\/pays-de-la-loire\/\" target=\"_blank\" rel=\"noopener noreferrer nofollow\" data-tooltip-url=\"https:\/\/www.france.tv\/france-3\/pays-de-la-loire\/\"><strong>\u00a0france.tv<\/strong><\/a><\/p>\n","protected":false},"excerpt":{"rendered":"Les Bleus joueront \u00e0 la Beaujoire le 4 juin 2026, avant de s&rsquo;envoler aux Etats-Unis pour le Mondial&hellip;\n","protected":false},"author":2,"featured_media":669268,"comment_status":"","ping_status":"","sticky":false,"template":"","format":"standard","meta":{"footnotes":""},"categories":[2818],"tags":[1111,11,1777,674,1011,27,766,12,2636,25],"class_list":{"0":"post-669267","1":"post","2":"type-post","3":"status-publish","4":"format-standard","5":"has-post-thumbnail","7":"category-nantes","8":"tag-actu","9":"tag-actualites","10":"tag-eu","11":"tag-europe","12":"tag-fr","13":"tag-france","14":"tag-nantes","15":"tag-news","16":"tag-pays-de-la-loire","17":"tag-republique-francaise"},"share_on_mastodon":{"url":"https:\/\/pubeurope.com\/@fr\/115908630503524329","error":""},"_links":{"self":[{"href":"https:\/\/www.europesays.com\/fr\/wp-json\/wp\/v2\/posts\/669267","targetHints":{"allow":["GET"]}}],"collection":[{"href":"https:\/\/www.europesays.com\/fr\/wp-json\/wp\/v2\/posts"}],"about":[{"href":"https:\/\/www.europesays.com\/fr\/wp-json\/wp\/v2\/types\/post"}],"author":[{"embeddable":true,"href":"https:\/\/www.europesays.com\/fr\/wp-json\/wp\/v2\/users\/2"}],"replies":[{"embeddable":true,"href":"https:\/\/www.europesays.com\/fr\/wp-json\/wp\/v2\/comments?post=669267"}],"version-history":[{"count":0,"href":"https:\/\/www.europesays.com\/fr\/wp-json\/wp\/v2\/posts\/669267\/revisions"}],"wp:featuredmedia":[{"embeddable":true,"href":"https:\/\/www.europesays.com\/fr\/wp-json\/wp\/v2\/media\/669268"}],"wp:attachment":[{"href":"https:\/\/www.europesays.com\/fr\/wp-json\/wp\/v2\/media?parent=669267"}],"wp:term":[{"taxonomy":"category","embeddable":true,"href":"https:\/\/www.europesays.com\/fr\/wp-json\/wp\/v2\/categories?post=669267"},{"taxonomy":"post_tag","embeddable":true,"href":"https:\/\/www.europesays.com\/fr\/wp-json\/wp\/v2\/tags?post=669267"}],"curies":[{"name":"wp","href":"https:\/\/api.w.org\/{rel}","templated":true}]}}