{"id":669279,"date":"2026-01-17T04:54:12","date_gmt":"2026-01-17T04:54:12","guid":{"rendered":"https:\/\/www.europesays.com\/fr\/669279\/"},"modified":"2026-01-17T04:54:12","modified_gmt":"2026-01-17T04:54:12","slug":"franck-menegaux-regard-sensible-toutma","status":"publish","type":"post","link":"https:\/\/www.europesays.com\/fr\/669279\/","title":{"rendered":"Franck Menegaux, Regard sensible &#8211; Toutma"},"content":{"rendered":"<p>\tFranck Menegaux, Regard sensible &#8211; Toutma<\/p>\n<p>&#13;<br \/>\n&#13;<\/p>\n<p>&#13;<br \/>\n\t\t&#13;<\/p>\n<p>Nous utilisons des cookies pour vous garantir la meilleure exp\u00e9rience sur notre site web. Si vous continuez \u00e0 utiliser ce site, nous supposerons que vous en \u00eates satisfait.OK<\/p>\n<p>\t\t&#13;<\/p>\n","protected":false},"excerpt":{"rendered":"Franck Menegaux, Regard sensible &#8211; Toutma &#13; &#13; &#13; &#13; Nous utilisons des cookies pour vous garantir la&hellip;\n","protected":false},"author":2,"featured_media":669280,"comment_status":"","ping_status":"","sticky":false,"template":"","format":"standard","meta":{"footnotes":""},"categories":[2814],"tags":[1111,11,1777,674,1011,27,884,12,76904,20528,76905,882,25,76906,76907],"class_list":{"0":"post-669279","1":"post","2":"type-post","3":"status-publish","4":"format-standard","5":"has-post-thumbnail","7":"category-marseille","8":"tag-actu","9":"tag-actualites","10":"tag-eu","11":"tag-europe","12":"tag-fr","13":"tag-france","14":"tag-marseille","15":"tag-news","16":"tag-photo-marseille","17":"tag-photographe","18":"tag-photographe-marseille","19":"tag-provence-alpes-cote-dazur","20":"tag-republique-francaise","21":"tag-shooting-marseille","22":"tag-talent-marseille"},"share_on_mastodon":{"url":"https:\/\/pubeurope.com\/@fr\/115908658027945029","error":""},"_links":{"self":[{"href":"https:\/\/www.europesays.com\/fr\/wp-json\/wp\/v2\/posts\/669279","targetHints":{"allow":["GET"]}}],"collection":[{"href":"https:\/\/www.europesays.com\/fr\/wp-json\/wp\/v2\/posts"}],"about":[{"href":"https:\/\/www.europesays.com\/fr\/wp-json\/wp\/v2\/types\/post"}],"author":[{"embeddable":true,"href":"https:\/\/www.europesays.com\/fr\/wp-json\/wp\/v2\/users\/2"}],"replies":[{"embeddable":true,"href":"https:\/\/www.europesays.com\/fr\/wp-json\/wp\/v2\/comments?post=669279"}],"version-history":[{"count":0,"href":"https:\/\/www.europesays.com\/fr\/wp-json\/wp\/v2\/posts\/669279\/revisions"}],"wp:featuredmedia":[{"embeddable":true,"href":"https:\/\/www.europesays.com\/fr\/wp-json\/wp\/v2\/media\/669280"}],"wp:attachment":[{"href":"https:\/\/www.europesays.com\/fr\/wp-json\/wp\/v2\/media?parent=669279"}],"wp:term":[{"taxonomy":"category","embeddable":true,"href":"https:\/\/www.europesays.com\/fr\/wp-json\/wp\/v2\/categories?post=669279"},{"taxonomy":"post_tag","embeddable":true,"href":"https:\/\/www.europesays.com\/fr\/wp-json\/wp\/v2\/tags?post=669279"}],"curies":[{"name":"wp","href":"https:\/\/api.w.org\/{rel}","templated":true}]}}