{"id":669289,"date":"2026-01-17T05:00:20","date_gmt":"2026-01-17T05:00:20","guid":{"rendered":"https:\/\/www.europesays.com\/fr\/669289\/"},"modified":"2026-01-17T05:00:20","modified_gmt":"2026-01-17T05:00:20","slug":"mercato-le-paris-fc-sinteresse-a-edin-dzeko","status":"publish","type":"post","link":"https:\/\/www.europesays.com\/fr\/669289\/","title":{"rendered":"Mercato : Le Paris FC s&rsquo;int\u00e9resse \u00e0 Edin Dzeko"},"content":{"rendered":"<p data-testid=\"wcl-news-perex\" itemprop=\"description\">Ce vendredi, plusieurs m\u00e9dias rapportent que le Paris FC serait int\u00e9ress\u00e9 pour signer Edin Dzeko, dont les services ne sont plus demand\u00e9s \u00e0 la Fiorentina.<\/p>\n<p>Il a 39 ans, mais cela ne semble pas freiner le<b> <a href=\"https:\/\/www.flashscore.fr\/equipe\/paris-fc\/0OEHEprs\/\" data-analytics-element=\"ARTICLE_TEXT_LINK\" data-analytics-alias=\"internal\" target=\"_blank\" rel=\"noopener\">Paris FC<\/a><\/b>. Du c\u00f4t\u00e9 de l&rsquo;Italie, \u00e0 la <b><a href=\"https:\/\/www.flashscore.fr\/equipe\/fiorentina\/Q3A3IbXH\/\" data-analytics-element=\"ARTICLE_TEXT_LINK\" data-analytics-alias=\"internal\" target=\"_blank\" rel=\"noopener\">Fiorentina<\/a><\/b>, l&rsquo;attaquant bosnien <b><a href=\"https:\/\/www.flashscore.fr\/joueur\/dzeko-edin\/zilGmgZq\/\" data-analytics-element=\"ARTICLE_TEXT_LINK\" data-analytics-alias=\"internal\" target=\"_blank\" rel=\"noopener\">Edin Dzeko<\/a>\u00a0<\/b>ne fait plus l&rsquo;unanimit\u00e9. En effet, le joueur a disput\u00e9 11 matchs de Serie A cette saison, sans marquer, ni \u00eatre passeur d\u00e9cisif.<\/p>\n<p>La Viola est \u00e0 la tra\u00eene en Serie A (18e), ce qui pousserait \u00e9galement l&rsquo;attaquant \u00e0 aller trouver du temps de jeu ailleurs alors que la Bosnie-Herv\u00e9govine est barragiste pour la Coupe du Monde.\u00a0<\/p>\n<p>Bless\u00e9 depuis d\u00e9but janvier, Dzeko voudrait un ultime d\u00e9fi et le PFC pourrait le convaincre.\u00a0<\/p>\n<p>Dzeko est d\u00e9j\u00e0 pass\u00e9 par le <b>Fenerbah\u00e7e <\/b>(2023-2025)<b>, l&rsquo;Inter\u00a0<\/b>(2021-2023), ou encore la <b>Roma <\/b>(2016-2021).\u00a0<\/p>\n","protected":false},"excerpt":{"rendered":"Ce vendredi, plusieurs m\u00e9dias rapportent que le Paris FC serait int\u00e9ress\u00e9 pour signer Edin Dzeko, dont les services&hellip;\n","protected":false},"author":2,"featured_media":669290,"comment_status":"","ping_status":"","sticky":false,"template":"","format":"standard","meta":{"footnotes":""},"categories":[1888],"tags":[1111,1928,11,1927,1777,674,1011,27,12,1926,626,1925,25],"class_list":{"0":"post-669289","1":"post","2":"type-post","3":"status-publish","4":"format-standard","5":"has-post-thumbnail","7":"category-paris","8":"tag-actu","9":"tag-actu-paris","10":"tag-actualites","11":"tag-actualites-paris","12":"tag-eu","13":"tag-europe","14":"tag-fr","15":"tag-france","16":"tag-news","17":"tag-news-paris","18":"tag-paris","19":"tag-paris-news","20":"tag-republique-francaise"},"share_on_mastodon":{"url":"https:\/\/pubeurope.com\/@fr\/115908681631433878","error":""},"_links":{"self":[{"href":"https:\/\/www.europesays.com\/fr\/wp-json\/wp\/v2\/posts\/669289","targetHints":{"allow":["GET"]}}],"collection":[{"href":"https:\/\/www.europesays.com\/fr\/wp-json\/wp\/v2\/posts"}],"about":[{"href":"https:\/\/www.europesays.com\/fr\/wp-json\/wp\/v2\/types\/post"}],"author":[{"embeddable":true,"href":"https:\/\/www.europesays.com\/fr\/wp-json\/wp\/v2\/users\/2"}],"replies":[{"embeddable":true,"href":"https:\/\/www.europesays.com\/fr\/wp-json\/wp\/v2\/comments?post=669289"}],"version-history":[{"count":0,"href":"https:\/\/www.europesays.com\/fr\/wp-json\/wp\/v2\/posts\/669289\/revisions"}],"wp:featuredmedia":[{"embeddable":true,"href":"https:\/\/www.europesays.com\/fr\/wp-json\/wp\/v2\/media\/669290"}],"wp:attachment":[{"href":"https:\/\/www.europesays.com\/fr\/wp-json\/wp\/v2\/media?parent=669289"}],"wp:term":[{"taxonomy":"category","embeddable":true,"href":"https:\/\/www.europesays.com\/fr\/wp-json\/wp\/v2\/categories?post=669289"},{"taxonomy":"post_tag","embeddable":true,"href":"https:\/\/www.europesays.com\/fr\/wp-json\/wp\/v2\/tags?post=669289"}],"curies":[{"name":"wp","href":"https:\/\/api.w.org\/{rel}","templated":true}]}}