{"id":669313,"date":"2026-01-17T05:12:15","date_gmt":"2026-01-17T05:12:15","guid":{"rendered":"https:\/\/www.europesays.com\/fr\/669313\/"},"modified":"2026-01-17T05:12:15","modified_gmt":"2026-01-17T05:12:15","slug":"le-policier-qui-a-tue-aboubacar-fofana-condamne-a-sept-ans-ferme","status":"publish","type":"post","link":"https:\/\/www.europesays.com\/fr\/669313\/","title":{"rendered":"Le policier qui a tu\u00e9 Aboubacar Fofana condamn\u00e9 \u00e0 sept\u00a0ans ferme"},"content":{"rendered":"<p>L\u2019histoire commence en d\u00e9but de soir\u00e9e, dans le quartier du Breil \u00e0 Nantes (44), o\u00f9 des enfants jouent <strong>jusqu\u2019au contr\u00f4le d\u2019une voiture par la police.<\/strong> Le d\u00e9but d\u2019un cauchemar pour les proches d\u2019Aboubacar Fofana, 22\u00a0ans, <strong>abattu d\u2019une balle dans le cou le 3\u00a0juillet\u00a02018.<\/strong>  Sur le papier, l\u2019histoire fait penser \u00e0 celle de Nahel Merzouk, tu\u00e9 en\u00a02023 \u00e0 Nanterre (92), mais aussi \u00e0 celle de Rayana en\u00a02022 \u00e0 Paris et \u00e0 tant d\u2019autres d\u00e9c\u00e9d\u00e9s apr\u00e8s avoir crois\u00e9 la police.<\/p>\n<p><strong>Huit ans apr\u00e8s cet homicide, le proc\u00e8s s\u2019est tenu du 12\u00a0au\u00a016\u00a0janvier au tribunal de Nantes.<\/strong> Devant la cour criminelle et non les assises, les faits retenus <strong>rel\u00e8vent de \u00ab\u00a0violences volontaires ayant entra\u00een\u00e9 la mort sans intention de la donner\u00a0\u00bb,<\/strong> avec la circonstance qu\u2019elles ont \u00e9t\u00e9 commises par un fonctionnaire de police. Les versions contradictoires des policiers et les d\u00e9faillances de l\u2019instruction ont \u00e9t\u00e9 au c\u0153ur du d\u00e9bat. Pourquoi et comment le CRS de 59\u00a0ans Rabah H. a-t-il tir\u00e9 dans la jugulaire d\u2019Aboubacar Fofana, alors au volant de son v\u00e9hicule\u00a0? <\/p>\n<p>Au terme de cinq jours d\u2019audience mouvement\u00e9e, le tribunal a d\u00e9clar\u00e9 dans la soir\u00e9e l\u2019ancien CRS coupable. Contre toute attente, la cour d\u00e9cide d\u2019aller bien au-del\u00e0 des demandes du parquet en le condamnant \u00e0 <strong>sept ans de prison avec mandat de d\u00e9p\u00f4t \u00e0 effet imm\u00e9diat.<\/strong> L\u2019accus\u00e9 sera incarc\u00e9r\u00e9 d\u00e8s ce soir. <\/p>\n<p>Les circonstances<\/p>\n<p>Ce soir d\u2019\u00e9t\u00e9\u00a02018, une patrouille de six fonctionnaires de la CRS\u00a017 de Bergerac (24) contr\u00f4le le conducteur pour un d\u00e9faut de port de ceinture. *L\u2019enqu\u00eateur en charge du dossier d\u00e9clare \u00e0 la cour ne pas conna\u00eetre pr\u00e9cis\u00e9ment la raison de leur pr\u00e9sence, si ce n\u2019est une \u00ab\u00a0mission de s\u00e9curisation\u00a0\u00bb dans les quartiers car le Breil serait \u00ab\u00a0un lieu sensible\u00a0\u00bb. \u00ab\u00a0Nantes est une ville o\u00f9 beaucoup de CRS sont d\u00e9ploy\u00e9s pour s\u00e9curiser les cit\u00e9s\u00a0\u00bb, ajoute-t-il.<\/p>\n<p><strong>Plusieurs vid\u00e9os ont \u00e9t\u00e9 tourn\u00e9es par des habitants lors de ce contr\u00f4le qui a dur\u00e9 plus d\u2019un quart d\u2019heure,<\/strong> mais aucun n\u2019a film\u00e9 le moment pr\u00e9cis du tir. La pr\u00e9sidente de l\u2019audience s\u2019en \u00e9tonne\u00a0:\u00a0\u00ab\u00a0\u00c7a para\u00eet quand m\u00eame assez \u00e9trange qu\u2019on ait des vid\u00e9os du d\u00e9but du contr\u00f4le et de la fin, mais aucune du milieu. Vous avez eu l\u2019impression qu\u2019il y a eu des coupes dans les enregistrements\u00a0?\u00a0\u00bb, demande-t-elle \u00e0 l\u2019enqu\u00eateur de l\u2019IGPN, qui se trouve dans l\u2019incapacit\u00e9 de r\u00e9pondre. <\/p>\n<blockquote>\n<p>\u00c0 LIRE AUSSI (en\u00a02024)\u00a0:\u00a0<a href=\"https:\/\/www.streetpress.com\/sujet\/1729089098-nahel-revolte-etouffee-documentaire-emeutes-violences-policieres-nanterre-quartiers-populaires-enquetes-reportages-temoignages\" target=\"_blank\" rel=\"noopener\">\u00ab Nahel, un an apr\u00e8s : la r\u00e9volte \u00e9touff\u00e9e \u00bb<\/a><\/p>\n<\/blockquote>\n<p>Le d\u00e9but du contr\u00f4le \u00e9tait pourtant calme. Aboubacar Fofana d\u00e9cline une fausse identit\u00e9, sort du v\u00e9hicule pour ouvrir son coffre. La situation change quand les agents estiment que la photo dans son fichier TAJ\u00a0\u2014\u00a0qui recense les ant\u00e9c\u00e9dents judiciaires\u00a0\u2014\u00a0ne correspond pas \u00e0 l\u2019identit\u00e9 donn\u00e9e. Les policiers lui demandent de stationner pour proc\u00e9der \u00e0 son arrestation. Il enclenche alors une marche arri\u00e8re avant de percuter un v\u00e9hicule en stationnement. Le policier Rabah\u00a0H. tire sur Aboubacar Fofana. <strong>Touch\u00e9 d\u2019une balle au cou, dans la jugulaire, il d\u00e9c\u00e8de \u00e0 l\u2019h\u00f4pital une heure plus tard.<\/strong> <\/p>\n<p>Un an apr\u00e8s l\u2019homicide et un contr\u00f4le de discipline, Rabah H. a <a href=\"https:\/\/www.francebleu.fr\/infos\/faits-divers-justice\/le-crs-qui-a-tire-sur-aboubacar-fofana-a-ete-severement-sanctionne-en-conseil-de-discipline-et-a-1562080664\" target=\"_blank\" rel=\"noopener\">repris son travail de policier<\/a> dans l\u2019attente de son jugement. \u00ab\u00a0Au Palais de justice, tout le monde, avocats comme magistrats, \u00e9tait sur le cul. On a vraiment cru que les \u00e9meutes allaient repartir\u00a0\u00bb, <a href=\"https:\/\/www.streetpress.com\/sujet\/1563285961-nantes-violences-policieres-federent-mouvements-sociaux-steve-gauche-gilets-jaunes\" target=\"_blank\" rel=\"noopener\">confiait \u00e0 l\u2019\u00e9poque une avocate \u00e0 StreetPress.<\/a> Il avait pourtant fait l\u2019objet d\u2019une sanction administrative en\u00a02019 avec une suspension de 24\u00a0mois d\u00e9cid\u00e9e par sa hi\u00e9rarchie, dont 23\u00a0avec sursis. <strong>Il n\u2019a donc perdu que 30\u00a0jours de salaire apr\u00e8s son tir mortel.<\/strong><\/p>\n<p>Un juge d\u2019instruction en cause<\/p>\n<p><strong>La proc\u00e9dure qui a dur\u00e9 presque huit ans a \u00e9t\u00e9 assez chaotique, avec un certain nombre d\u2019incoh\u00e9rences.<\/strong> Des \u00e9l\u00e9ments manquent, ce que d\u00e9plore la juge\u00a0:\u00a0\u00ab\u00a0On n\u2019a pas r\u00e9ussi \u00e0 r\u00e9cup\u00e9rer l\u2019enqu\u00eate administrative, pas plus que le dossier individuel de Rabah H. Aucun ne figure dans le dossier de proc\u00e9dure\u00a0!\u00a0\u00bb Il y a aussi les troubles de m\u00e9moire des CRS pr\u00e9sents lors de la mort d\u2019Aboubacar Fofana. La juge s\u2019\u00e9tonne\u00a0: <\/p>\n<blockquote>\n<p>\u00ab\u00a0Aucun des cinq autres policiers pr\u00e9sents n\u2019a vu le tir\u00a0? \u00c7a surprend.\u00a0\u00bb<\/p>\n<\/blockquote>\n<p>\u00ab\u00a0Je partage votre surprise, Madame la Pr\u00e9sidente\u00a0\u00bb, lui r\u00e9pond l\u2019enqu\u00eateur de l\u2019IGPN. La juge n\u2019est pas au bout de ses surprises. Durant l\u2019audience, elle prend connaissance d\u2019une d\u00e9claration \u00e9tonnante du juge d\u2019instruction charg\u00e9 de l\u2019enqu\u00eate. <strong>Le magistrat a autoris\u00e9 Rabah H. \u00e0 prendre la route avec son \u00e9quipe, trois jours apr\u00e8s les faits,<\/strong> pour le retour vers Bergerac. Alors qu\u2019un placement sous contr\u00f4le judiciaire l\u2019interdisait d\u2019entrer en contact avec ses coll\u00e8gues de la CRS\u00a017. <\/p>\n<p>Devant le tribunal, Rabah H. reconna\u00eet la \u00ab\u00a0cl\u00e9mence\u00a0\u00bb du juge d\u2019instruction. <strong>\u00ab\u00a0Il m\u2019a laiss\u00e9 repartir avec mon \u00e9quipe et il ne m\u2019a pas interdit de reprendre ma profession\u00a0\u00bb,<\/strong> explique-t-il. Interloqu\u00e9e, la pr\u00e9sidente demande que la vid\u00e9o de son audition devant le juge d\u2019instruction soit diffus\u00e9e dans la salle d\u2019audience. Un \u00e9v\u00e9nement rarissime. Sur la bande, le tribunal entend bel et bien la d\u00e9cision du juge d\u2019instruction, qui se convainc\u00a0: <\/p>\n<blockquote>\n<p>\u00ab\u00a0Vous \u00eates policier, vous \u00eates un homme de parole.\u00a0\u00bb<\/p>\n<\/blockquote>\n<p>Un traitement de faveur leur offrant pr\u00e8s de <strong>quatre heures de route pour accorder leurs versions.<\/strong> La partie civile s\u2019indigne\u00a0: <\/p>\n<blockquote>\n<p>\u00ab\u00a0Donc le juge d\u2019instruction vous autorise \u00e0 violer votre contr\u00f4le judiciaire, vous confirmez\u00a0?\u00a0\u00bb <\/p>\n<\/blockquote>\n<p><strong>\u00ab\u00a0Je ne vais pas critiquer la d\u00e9cision du juge\u00a0\u00bb,<\/strong> r\u00e9torque l\u2019accus\u00e9.<\/p>\n<p>La th\u00e8se de l\u2019accident ne tient pas<\/p>\n<p>Le proc\u00e8s de Rabah H. s\u2019est \u00e9galement focalis\u00e9 sur la raison de son tir. Deux versions ont \u00e9t\u00e9 avanc\u00e9es. Le CRS et ses coll\u00e8gues l\u2019ont d\u2019abord <strong>pr\u00e9sent\u00e9 comme un geste de l\u00e9gitime d\u00e9fense<\/strong>\u00a0\u2014\u00a0en se basant sur l\u2019article\u00a0435-1 du Code de s\u00e9curit\u00e9 int\u00e9rieur, qui autorise sous certaines conditions de tirer, notamment en cas de refus d\u2019obtemp\u00e9rer (1). <\/p>\n<blockquote>\n<p>\u00c0 LIRE AUSSI (en\u00a02025)\u00a0:\u00a0<a href=\"https:\/\/www.streetpress.com\/sujet\/1748270653-combat-famille-souheil-tue-mort-police-refus-obtemperer-famille-justice\" target=\"_blank\" rel=\"noopener\">Le combat de la famille de Souheil, tu\u00e9 par la police lors d\u2019un refus d\u2019obtemp\u00e9rer \u00e0 Marseille<\/a><\/p>\n<\/blockquote>\n<p>Une fois plac\u00e9 en garde \u00e0 vue, l\u2019accus\u00e9 s\u2019est ravis\u00e9 et d\u00e9fend d\u00e9sormais le tir accidentel. La \u00ab\u00a0t\u00eate pass\u00e9e dans l\u2019habitacle du v\u00e9hicule\u00a0\u00bb, le tir serait parti dans un geste de confusion qu\u2019il peine \u00e0 expliquer. Cette <strong>\u00ab\u00a0explication des faits est assez brouillon\u00a0\u00bb,<\/strong> reconna\u00eet l\u2019expert psychologue. Franck-Olivier Li\u00e9nard, l\u2019avocat de Rabah H.\u00a0\u2014\u00a0et des policiers en g\u00e9n\u00e9ral\u00a0\u2014, a indiqu\u00e9 que ses coll\u00e8gues avaient d\u2019abord voulu \u00ab\u00a0le couvrir\u00a0\u00bb en d\u00e9fendant la l\u00e9gitime d\u00e9fense. Dans un \u00ab\u00a0\u00e9tat comateux\u00a0\u00bb lors de l\u2019audition, selon ses termes, le policier aurait maintenu cette version avant de pr\u00e9coniser le tir accidentel. <\/p>\n<p>Mais cette version est <strong>\u00ab\u00a0contredite par la majorit\u00e9 des t\u00e9moignages\u00a0\u00bb,<\/strong> ainsi que par \u00ab\u00a0l\u2019analyse conjointe du m\u00e9decin l\u00e9giste et de l\u2019expert balistique\u00a0\u00bb, selon la pr\u00e9sidente du tribunal au d\u00e9but de l\u2019audience. Ceux-ci estiment que le tir n\u2019a pu \u00eatre r\u00e9alis\u00e9 qu\u2019\u00e0 l\u2019ext\u00e9rieur du v\u00e9hicule. Appel\u00e9s \u00e0 la barre en d\u00e9but de semaine, les experts balistique et l\u00e9giste confirment\u00a0: <\/p>\n<blockquote>\n<p>\u00ab\u00a0On ne valide pas l\u2019hypoth\u00e8se du tir \u00e0 l\u2019int\u00e9rieur de la voiture. Avec des t\u00e9moignages aussi diff\u00e9rents, il faut se fier aux \u00e9l\u00e9ments objectifs.\u00a0\u00bb<\/p>\n<\/blockquote>\n<p><strong>Aucune douille n\u2019est retrouv\u00e9e \u00e0 l\u2019int\u00e9rieur du v\u00e9hicule<\/strong> et aucune cons\u00e9quence auditive n\u2019a \u00e9t\u00e9 constat\u00e9e chez le policier. Les experts affirment ainsi que la distance minimale du tir serait d\u2019au moins 20\u00a0centim\u00e8tres entre le canon du pistolet et la blessure. \u00ab\u00a0Ces armes sont con\u00e7ues pour \u00e9viter tout d\u00e9part de feu accidentel, intempestif\u00a0\u00bb, ajoute l\u2019expert balistique. <strong>Des analyses d\u00e9montent la version du policier.<\/strong> La th\u00e8se de l\u2019accident s\u2019\u00e9croule. L\u2019accus\u00e9 reste impassible derri\u00e8re la vitre du box s\u00e9curis\u00e9 et maintient pour autant sa version les jours suivants. <\/p>\n<p>Un policier craque<\/p>\n<p>Interrog\u00e9 sur son changement de version par le procureur, le CRS \u00e0 la retraite depuis\u00a02024 avoue devant la cour\u00a0: <\/p>\n<blockquote>\n<p>\u00ab\u00a0\u2014\u00a0Vous reconnaissez sciemment avoir menti\u00a0?<br \/>\u2014\u00a0Oui.\u00a0\u00bb<\/p>\n<\/blockquote>\n<p><strong>Il s\u2019enferme dans la version du tir accidentel.<\/strong> \u00c0 peine conc\u00e8de-t-il d\u00e9sormais avoir \u00ab\u00a0peut-\u00eatre\u00a0\u00bb tir\u00e9 \u00e0 l\u2019ext\u00e9rieur du v\u00e9hicule, concomitamment avec le recul du v\u00e9hicule. Une version que tout contredit. Et qui \u00e9nerve la cour. \u00ab\u00a0Donc vos coll\u00e8gues mentent\u00a0? Les experts mentent\u00a0? C\u2019est peut-\u00eatre difficile d\u2019admettre que ce jour-l\u00e0, ce n\u2019\u00e9tait pas un accident mais un tir volontaire\u00a0?\u00a0\u00bb, s\u2019agace la pr\u00e9sidente, avant de reprendre\u00a0: <\/p>\n<blockquote>\n<p>\u00ab\u00a0Ce qu\u2019on voudrait comprendre, c\u2019est comment un jeune de 22\u00a0ans est mort parce qu\u2019il n\u2019avait pas de ceinture de s\u00e9curit\u00e9\u00a0?\u00a0\u00bb <\/p>\n<\/blockquote>\n<p>Au quatri\u00e8me jour d\u2019audience, ce sont les policiers pr\u00e9sents lors du tir qui sont cit\u00e9s \u00e0 la barre. Pour la premi\u00e8re fois, des preuves d\u2019empathie et de culpabilit\u00e9 sont exprim\u00e9es. Plusieurs fonctionnaires, tremblants, \u00e9voquent leurs remords. <strong>\u00ab\u00a0J\u2019aurais d\u00fb m\u2019interposer\u00a0\u00bb,<\/strong> avouent deux d\u2019entre eux. Mais d\u00e8s que les questions se tournent vers la volont\u00e9 ou non de tirer, les r\u00e9ponses se font \u00e0 nouveau plus \u00e9vasives\u00a0:\u00a0\u00ab\u00a0Je ne me souviens plus\u00a0\u00bb, \u00ab\u00a0je ne peux pas vous dire\u00a0\u00bb\u2026 Jusqu\u2019\u00e0 cet agent qui craque sous les questions de l\u2019avocate des parties civiles et r\u00e9pond tout bas\u00a0: <\/p>\n<blockquote>\n<p>\u00ab\u00a0\u2014 C\u2019est une \u00e9norme bavure. Faut assumer\u2026<br \/>\u2014 Et monsieur a essay\u00e9 de le faire passer pour un accident\u00a0?<br \/>\u2014\u00a0Oui.\u00a0\u00bb<\/p>\n<\/blockquote>\n<p>\u00ab\u00a0Tout ce qu\u2019on demande, c\u2019est que justice soit faite\u00a0\u00bb<\/p>\n<p>Devant Rabah H., les avocats des proches d\u2019Aboubacar Fofana avaient d\u00e9j\u00e0 d\u00e9sesp\u00e9r\u00e9ment tent\u00e9 d\u2019obtenir des aveux\u00a0: <\/p>\n<blockquote>\n<p>\u00ab\u00a0Pour la famille, je vous supplie de dire les choses telles qu\u2019elles se sont pass\u00e9es. On est proche du cauchemar\u00a0!\u00a0\u00bb <\/p>\n<\/blockquote>\n<p>Avant \u00e7a, le fr\u00e8re a\u00een\u00e9 d\u2019Aboubacar a racont\u00e9 comment la mort violente de leur fr\u00e8re a fait basculer leur vie. Celle de leur m\u00e8re aussi, bris\u00e9e, avec qui il vit d\u00e9sormais pour essayer de la soutenir. S\u2019exprimer, il \u00ab\u00a0n\u2019attend que \u00e7a\u00a0\u00bb. D\u00e8s le 6\u00a0juillet\u00a02018, il avait demand\u00e9 \u00e0 \u00eatre entendu par les enqu\u00eateurs. Il est convoqu\u00e9 quatre ans plus tard, en juin\u00a02022. <strong>\u00ab\u00a0Nous, tout ce qu\u2019on demande, c\u2019est que justice soit faite\u00a0\u00bb,<\/strong> professe-t-il. La prise de parole des parties civiles s\u2019ach\u00e8ve par la diffusion dans la salle des photos d\u2019enfance d\u2019Aboubacar Fofana, dans le silence le plus total.  <\/p>\n<p>Rabah H. n\u2019a jamais os\u00e9 raconter l\u2019affaire \u00e0 ses parents et \u00e0 deux de ses s\u0153urs. Pendant l\u2019audience, il s\u2019en est justifi\u00e9\u00a0: <\/p>\n<blockquote>\n<p>\u00ab\u00a0\u00c7a les tuerait.\u00a0\u00bb<\/p>\n<\/blockquote>\n<p>(1) Depuis son adoption en\u00a02017, 35\u00a0personnes sont mortes dans des circonstances encadr\u00e9es par cet article 435-1.<\/p>\n<p>Illustration de Une par Mila Siroit.<\/p>\n","protected":false},"excerpt":{"rendered":"L\u2019histoire commence en d\u00e9but de soir\u00e9e, dans le quartier du Breil \u00e0 Nantes (44), o\u00f9 des enfants jouent&hellip;\n","protected":false},"author":2,"featured_media":669314,"comment_status":"","ping_status":"","sticky":false,"template":"","format":"standard","meta":{"footnotes":""},"categories":[2],"tags":[47,11,3625,1011,27,1922,5180,12,626,316,25,5181,104,5179,5178],"class_list":{"0":"post-669313","1":"post","2":"type-post","3":"status-publish","4":"format-standard","5":"has-post-thumbnail","7":"category-actualites","8":"tag-actualite","9":"tag-actualites","10":"tag-banlieue","11":"tag-fr","12":"tag-france","13":"tag-info","14":"tag-magazine-urbain","15":"tag-news","16":"tag-paris","17":"tag-politique","18":"tag-republique-francaise","19":"tag-site-participatif","20":"tag-societe","21":"tag-street-press","22":"tag-streetpress"},"share_on_mastodon":{"url":"https:\/\/pubeurope.com\/@fr\/115908728797665262","error":""},"_links":{"self":[{"href":"https:\/\/www.europesays.com\/fr\/wp-json\/wp\/v2\/posts\/669313","targetHints":{"allow":["GET"]}}],"collection":[{"href":"https:\/\/www.europesays.com\/fr\/wp-json\/wp\/v2\/posts"}],"about":[{"href":"https:\/\/www.europesays.com\/fr\/wp-json\/wp\/v2\/types\/post"}],"author":[{"embeddable":true,"href":"https:\/\/www.europesays.com\/fr\/wp-json\/wp\/v2\/users\/2"}],"replies":[{"embeddable":true,"href":"https:\/\/www.europesays.com\/fr\/wp-json\/wp\/v2\/comments?post=669313"}],"version-history":[{"count":0,"href":"https:\/\/www.europesays.com\/fr\/wp-json\/wp\/v2\/posts\/669313\/revisions"}],"wp:featuredmedia":[{"embeddable":true,"href":"https:\/\/www.europesays.com\/fr\/wp-json\/wp\/v2\/media\/669314"}],"wp:attachment":[{"href":"https:\/\/www.europesays.com\/fr\/wp-json\/wp\/v2\/media?parent=669313"}],"wp:term":[{"taxonomy":"category","embeddable":true,"href":"https:\/\/www.europesays.com\/fr\/wp-json\/wp\/v2\/categories?post=669313"},{"taxonomy":"post_tag","embeddable":true,"href":"https:\/\/www.europesays.com\/fr\/wp-json\/wp\/v2\/tags?post=669313"}],"curies":[{"name":"wp","href":"https:\/\/api.w.org\/{rel}","templated":true}]}}