{"id":669325,"date":"2026-01-17T05:24:13","date_gmt":"2026-01-17T05:24:13","guid":{"rendered":"https:\/\/www.europesays.com\/fr\/669325\/"},"modified":"2026-01-17T05:24:13","modified_gmt":"2026-01-17T05:24:13","slug":"deco-10-tendances-a-adopter-pour-donner-un-coup-de-peps-a-votre-interieur-cette-annee","status":"publish","type":"post","link":"https:\/\/www.europesays.com\/fr\/669325\/","title":{"rendered":"D\u00e9co : 10 tendances \u00e0 adopter pour donner un coup de peps \u00e0 votre int\u00e9rieur cette ann\u00e9e !"},"content":{"rendered":"<p>Bois, pierre, c\u00e9ramique, lin, laine\u2026 En 2026, on continue de <strong>privil\u00e9gier les mati\u00e8res naturelles et les textures qui ont du caract\u00e8re<\/strong>. Le bois clair ou l\u00e9g\u00e8rement fonc\u00e9 s\u2019invite aussi bien dans les meubles que dans les objets d\u00e9co. Les tissus textur\u00e9s remplacent peu \u00e0 peu les surfaces trop lisses. L\u2019id\u00e9e est de <strong>cr\u00e9er un int\u00e9rieur qui \u00ab\u00a0se sent\u00a0\u00bb autant qu\u2019il se regarde<\/strong>, en multipliant les exp\u00e9riences sensorielles et les contrastes subtils, sous la main ou les yeux.<\/p>\n","protected":false},"excerpt":{"rendered":"Bois, pierre, c\u00e9ramique, lin, laine\u2026 En 2026, on continue de privil\u00e9gier les mati\u00e8res naturelles et les textures qui&hellip;\n","protected":false},"author":2,"featured_media":669326,"comment_status":"","ping_status":"","sticky":false,"template":"","format":"standard","meta":{"footnotes":""},"categories":[1358],"tags":[1348,1384,1385,1386,58,59,1011,27],"class_list":{"0":"post-669325","1":"post","2":"type-post","3":"status-publish","4":"format-standard","5":"has-post-thumbnail","7":"category-arts-et-design","8":"tag-arts","9":"tag-arts-and-design","10":"tag-arts-et-design","11":"tag-design","12":"tag-divertissement","13":"tag-entertainment","14":"tag-fr","15":"tag-france"},"share_on_mastodon":{"url":"https:\/\/pubeurope.com\/@fr\/115908775929452328","error":""},"_links":{"self":[{"href":"https:\/\/www.europesays.com\/fr\/wp-json\/wp\/v2\/posts\/669325","targetHints":{"allow":["GET"]}}],"collection":[{"href":"https:\/\/www.europesays.com\/fr\/wp-json\/wp\/v2\/posts"}],"about":[{"href":"https:\/\/www.europesays.com\/fr\/wp-json\/wp\/v2\/types\/post"}],"author":[{"embeddable":true,"href":"https:\/\/www.europesays.com\/fr\/wp-json\/wp\/v2\/users\/2"}],"replies":[{"embeddable":true,"href":"https:\/\/www.europesays.com\/fr\/wp-json\/wp\/v2\/comments?post=669325"}],"version-history":[{"count":0,"href":"https:\/\/www.europesays.com\/fr\/wp-json\/wp\/v2\/posts\/669325\/revisions"}],"wp:featuredmedia":[{"embeddable":true,"href":"https:\/\/www.europesays.com\/fr\/wp-json\/wp\/v2\/media\/669326"}],"wp:attachment":[{"href":"https:\/\/www.europesays.com\/fr\/wp-json\/wp\/v2\/media?parent=669325"}],"wp:term":[{"taxonomy":"category","embeddable":true,"href":"https:\/\/www.europesays.com\/fr\/wp-json\/wp\/v2\/categories?post=669325"},{"taxonomy":"post_tag","embeddable":true,"href":"https:\/\/www.europesays.com\/fr\/wp-json\/wp\/v2\/tags?post=669325"}],"curies":[{"name":"wp","href":"https:\/\/api.w.org\/{rel}","templated":true}]}}