{"id":669369,"date":"2026-01-17T06:00:25","date_gmt":"2026-01-17T06:00:25","guid":{"rendered":"https:\/\/www.europesays.com\/fr\/669369\/"},"modified":"2026-01-17T06:00:25","modified_gmt":"2026-01-17T06:00:25","slug":"les-quatre-saisons-2026-sous-le-signe-de-la-terre-et-des-imaginaires","status":"publish","type":"post","link":"https:\/\/www.europesays.com\/fr\/669369\/","title":{"rendered":"les quatre saisons 2026 sous le signe de la terre et des imaginaires"},"content":{"rendered":"<p class=\"article__intro\">Pour cette ann\u00e9e 2026 le Voyage \u00e0 Nantes nous invite \u00e0 rencontrer des Sorci\u00e8res, \u00e0 r\u00e9imaginer la Terre, \u00e0 d\u00e9coloniser l&rsquo;histoire&#8230; et \u00e0 d\u00e9guster son muscadet. R\u00e9sum\u00e9 des grandes dates et des petites surprises \u00e0 venir.<\/p>\n<p>\n      L\u2019actu des r\u00e9gions\n    <\/p>\n<p>\n      Chaque jour, un tour d\u2019horizon des principales infos de toutes les r\u00e9gions.\n    <\/p>\n<p>    France T\u00e9l\u00e9visions utilise votre adresse e-mail afin de vous envoyer la newsletter \u00ab\u00a0L\u2019actu des r\u00e9gions\u00a0\u00bb. Vous pouvez vous d\u00e9sinscrire \u00e0 tout moment via le lien en bas de cette newsletter. <a target=\"_blank\" href=\"https:\/\/www.francetelevisions.fr\/groupe\/confidentialite\/politique-de-confidentialite\/politique-de-confidentialite-de-france-televisions-6503\" rel=\"noopener\">Notre politique de confidentialit\u00e9<\/a><\/p>\n<p>Tout juste exit le Voyage en hiver bonjour les festivit\u00e9s pour 2026 : <a href=\"https:\/\/www.levoyageanantes.fr\/\" target=\"_blank\" rel=\"noopener noreferrer nofollow\" data-tooltip-url=\"https:\/\/www.levoyageanantes.fr\/\">Le Voyage \u00e0 Nantes<\/a> chapeaute Le Ch\u00e2teau des Ducs de Bretagne, l&rsquo;\u00e9v\u00e9nement estival et hivernal du m\u00eame nom et Les Machines de l&rsquo;Ile. C&rsquo;est tout son programme qui a \u00e9t\u00e9 d\u00e9voil\u00e9 par Sophie L\u00e9vy, sa nouvelle directrice g\u00e9n\u00e9rale depuis le d\u00e9part de son cr\u00e9ateur Jean Blaise.<\/p>\n<p>\u00c0 tout seigneur (de la jungle) tout honneur : c&rsquo;est l&rsquo;El\u00e9phant des Machines de l&rsquo;Ile qui sonnera la rentr\u00e9e culturelle \u00e0 Nantes.<\/p>\n<p>La rentr\u00e9e des Machines de l&rsquo;Ile se fera le samedi 7 f\u00e9vrier 2026 \u00e0 partir de 14h pour le d\u00e9but des vacances scolaires d&rsquo;hiver.<\/p>\n<p>H\u00e9l\u00e8ne Madec la directrice du site annonce parmi les nouveaut\u00e9s pour 2026 \u00ab\u00a0des visites th\u00e9matiques des coulisses sur mesure les mercredis et jeudis de basse saison\u00a0\u00bb. Le Carrousel des Mondes marins sera ouvert \u00ab\u00a0en visite libre avec tours\u00a0\u00bb le mercredi pour les habitants du quartier. Fort du succ\u00e8s de la fr\u00e9quentation de la fin d&rsquo;ann\u00e9e 2025 l&rsquo;\u00e9v\u00e8nement \u00ab\u00a0Nouvel An aux Nefs\u00a0\u00bb sera reprogramm\u00e9 en 2026.<\/p>\n<p><a data-article-figure=\"\" href=\"https:\/\/france3-regions.franceinfo.fr\/image\/aX1S0H49pwbiwTI2NyNAthZqwb0\/5616x3744\/regions\/2026\/01\/16\/van-nt-01-15-mco-139-696a5322a22c0333325458.jpg\" data-pswp-width=\"5616\" data-pswp-height=\"3744\" target=\"_blank\" rel=\"noopener\"><\/p>\n<p>          <img width=\"600\" height=\"400\" class=\"article-image lazy\" data-src=\"https:\/\/www.europesays.com\/fr\/wp-content\/uploads\/2026\/01\/van-nt-01-15-mco-139-696a5322a22c0333325458.jpg\" alt=\"Le Grand El\u00e9phant des Machines de l'Ile reprend ses douches al\u00e9atoires d\u00e9s le 7 f\u00e9vrier 2026\" fetchpriority=\"high\" as=\"image\"\/><\/p>\n<p>\n            Le Grand El\u00e9phant des Machines de l&rsquo;Ile reprend ses douches al\u00e9atoires d\u00e9s le 7 f\u00e9vrier 2026<br \/>\n                           \u2022<br \/>\n                                      \u00a9 Thomas Jaglin \/ LVAN\n                      <\/p>\n<p><\/a><\/p>\n<p>Le Grand El\u00e9phant, bien pr\u00e9sent cette ann\u00e9e, s&rsquo;\u00e9clipsera d\u00e8s le 2 novembre pour un repos particuli\u00e8rement long : quatre mois. Il ne reviendra que le 1er mars 2027. Il faut dire que cette ann\u00e9e-l\u00e0 il doit f\u00eater ses.. 20 ans.<\/p>\n<\/p>\n<p>\u00c0 la m\u00eame date du 7 f\u00e9vrier 2026 <a href=\"https:\/\/www.chateaunantes.fr\/\" target=\"_blank\" rel=\"noopener noreferrer nofollow\" data-tooltip-url=\"https:\/\/www.chateaunantes.fr\/\">le Ch\u00e2teau des Ducs de Bretagne<\/a> d\u00e9voilera sa grande exposition \u00ab\u00a0Sorci\u00e8res\u00a0\u00bb consacr\u00e9e \u00e0 l&rsquo;une des plus vastes pers\u00e9cutions de l&rsquo;histoire : celle des femmes accus\u00e9es de sorcellerie, du Moyen-\u00e2ge \u00e0 l&rsquo;Epoque Moderne.<\/p>\n<p>\u00ab\u00a0Une exposition tr\u00e8s contemporaine et engag\u00e9e\u00a0\u00bb, souligne Krystel Guald\u00e9 la commissaire de l&rsquo;exposition qui rassemblera pr\u00e8s de 180 \u0153uvres et objets : des peintures, des gravures, des manuscrits anciens et des objets de sorcellerie. Elle se d\u00e9roulera jusqu&rsquo;au 28 juin 2026.<\/p>\n<p>La grande exposition d&rsquo;\u00e9t\u00e9 (du 8 mai au 8 novembre) aura pour th\u00e8me Expression(s) D\u00e9coloniale(s) autour des questions li\u00e9es \u00e0 l&rsquo;histoire coloniale et esclavagiste fran\u00e7aise. Le but est de \u00ab\u00a0d\u00e9coloniser nos imaginaires\u00a0\u00bb, souligne Krystel Guald\u00e9, \u00e9galement commissaire sur cette exposition. Deux artistes majeurs sont invit\u00e9s : la Br\u00e9silienne Rosana Paulino et le S\u00e9n\u00e9galais Omar Victor Diop qui se met en sc\u00e8ne sur ses photos.<\/p>\n<p><a data-article-figure=\"\" href=\"https:\/\/france3-regions.franceinfo.fr\/image\/MeMcZLAq8Nd7-wxcI7zcz_sDHtQ\/2364x3543\/regions\/2026\/01\/16\/omar-victor-diop-jean-baptiste-belley-2014-c-omar-victor-diop-adagp-2025-courtesy-galerie-magnin-a-paris-696a58c58188c623093360.jpg\" data-pswp-width=\"2364\" data-pswp-height=\"3543\" target=\"_blank\" rel=\"noopener\"><\/p>\n<p>          <img width=\"600\" height=\"400\" class=\"article-image lazy\" data-src=\"https:\/\/www.europesays.com\/fr\/wp-content\/uploads\/2026\/01\/omar-victor-diop-jean-baptiste-belley-2014-c-omar-victor-diop-adagp-2025-courtesy-galerie-magnin-a-p.webp\" alt=\"l'artiste s\u00e9n\u00e9galais Omar Victor Diop est un des artistes phares  de l'exposition Expression(s) D\u00e9coloniale(s)\" fetchpriority=\"high\" as=\"image\"\/><\/p>\n<p>\n            l&rsquo;artiste s\u00e9n\u00e9galais Omar Victor Diop est un des artistes phares  de l&rsquo;exposition Expression(s) D\u00e9coloniale(s)<br \/>\n                           \u2022<br \/>\n                                      \u00a9 Omar Victor Diop \/ LVAN\n                      <\/p>\n<p><\/a><\/p>\n<p>Le parcours artistique estival du Voyage \u00e0 Nantes inaugure en 2026 un nouveau cycle th\u00e9matique sur les quatre \u00e9l\u00e9ments : \u00ab\u00a0On part du sol et on remonte jusqu&rsquo;aux cieux\u00a0\u00bb, d\u00e9voile Sophie Levy la directrice g\u00e9n\u00e9rale du VAN.<\/p>\n<p>L&rsquo;ann\u00e9e 206 est consacr\u00e9e au th\u00e8me de la Terre. Suivront dans l&rsquo;ordre l&rsquo;Eau, l&rsquo;Air puis le Feu pour conclure le cycle.<\/p>\n<blockquote class=\"ftvi_content_quote\">\n<p class=\"ftvi_citation_quote\">L&rsquo;id\u00e9e \u00e0 travers ce cycle des \u00e9l\u00e9ments  c&rsquo;est d&rsquo;insister sur la dimension naturelle, cyclique, \u00e9ternelle, universelle, de la part de nature qui nous environne et qui est \u00e9galement tr\u00e8s pr\u00e9sente \u00e0 Nantes<\/p>\n<p>Sophie Levy<\/p>\n<p class=\"ftvi_citation_source\">directrice g\u00e9n\u00e9rale du VAN<\/p>\n<\/blockquote>\n<p>Pour cette ann\u00e9e <a href=\"https:\/\/www.levoyageanantes.fr\/lieux\/hab-galerie\/\" target=\"_blank\" rel=\"noopener noreferrer nofollow\" data-tooltip-url=\"https:\/\/www.levoyageanantes.fr\/lieux\/hab-galerie\/\">la HAB Galerie<\/a>, install\u00e9e sur l&rsquo;\u00eele de Nantes, au milieu du Hangar \u00e0 Bananes, devient le p\u00f4le th\u00e9matique du Voyage \u00e0 Nantes version estivale.<\/p>\n<p>La HAB Galerie ouvre le bal des festivit\u00e9s en avant-premi\u00e8re avec une exposition qui ouvre d\u00e8s le 23 mai 2026. \u00ab\u00a0Interstellar &#8211; r\u00e9imaginer la Terre prend un pari invers\u00e9. Regarder la Terre pour la \u00ab\u00a0r\u00e9-imaginer\u00a0\u00bb comme les premiers astronautes ont pu la contempler depuis la Lune, comme un astre neuf.<\/p>\n<p>\u00ab\u00a0Pour cette premi\u00e8re ann\u00e9e, on a demand\u00e9 \u00e0 Marc Donnadieu qui est un commissaire ind\u00e9pendant sp\u00e9cialiste d&rsquo;art contemporain de travailler sur cette question de la Terre\u00a0\u00bb, explique Sophie Levy.<\/p>\n<p><a data-article-figure=\"\" href=\"https:\/\/france3-regions.franceinfo.fr\/image\/AP-b93z1CTSbEOQG4GjnrwJzInc\/4785x5980\/regions\/2026\/01\/16\/hugo-deverchere-marblerecording-titan-dione-pan-2025-galerie-sator-c-gregory-copitet-696a601627268083842540.jpg\" data-pswp-width=\"4785\" data-pswp-height=\"5980\" target=\"_blank\" rel=\"noopener\"><\/p>\n<p>          <img width=\"600\" height=\"400\" class=\"article-image lazy\" data-src=\"https:\/\/www.europesays.com\/fr\/wp-content\/uploads\/2026\/01\/hugo-deverchere-marblerecording-titan-dione-pan-2025-galerie-sator-c-gregory-copitet-696a60162726808.webp\" alt=\"&quot;Marble Recording (Titan,Diuone &amp; Pan)&quot; de Hgo DFerverchere, une des oeuvres expos\u00e9es \u00e0 la HAB Galerie du 23 mai au 27 septembre\" fetchpriority=\"high\" as=\"image\"\/><\/p>\n<p>\n            \u00ab\u00a0Marble Recording (Titan,Diuone &amp; Pan)\u00a0\u00bb de Hgo DFerverchere, une des oeuvres expos\u00e9es \u00e0 la HAB Galerie du 23 mai au 27 septembre<br \/>\n                           \u2022<br \/>\n                                      \u00a9 Gregory Copitet\n                      <\/p>\n<p><\/a><\/p>\n<p>Pourquoi est-ce int\u00e9ressant de regarder ce moment o\u00f9 en 1969 les hommes sont partis sur la lune ?<\/p>\n<p>\u00ab\u00a0C&rsquo;est parce que pour la premi\u00e8re fois, on a pu regarder la Terre comme on regardait la Lune. On a pu avoir des levers de terre comme on avait des levers de soleil\u00a0\u00bb, r\u00e9pond la directrice g\u00e9n\u00e9rale du VAN.<\/p>\n<p>\u00ab\u00a0Cette exposition parle de la mani\u00e8re dont les artistes contemporains s&rsquo;int\u00e9ressent au tout petit, au microscopique, la Terre finalement comme globule ou comme atome, jusqu&rsquo;\u00e0 l&rsquo;immens\u00e9ment grand, qui est le fait que nous sommes comme des poussi\u00e8res dans un espace dont nous ne conna\u00eetrons jamais la dimension\u00a0\u00bb, rajoute Sophie Levy.<\/p>\n<p>\u00ab\u00a0La Terre, c&rsquo;est ce qu&rsquo;on partage, ce que l&rsquo;on se dispute, ce qui nous nourrit, ce qui donne un go\u00fbt \u00e0 la vie. C&rsquo;est un rapport sensuel \u00e0 l&rsquo;exp\u00e9rience humaine\u00a0\u00bb, d\u00e9cline Sophie Levy pour nous pr\u00e9senter la th\u00e9matique terrienne du Voyage \u00e0 Nantes version estivale.<\/p>\n<p>14 artistes ont \u00e9t\u00e9 s\u00e9lectionn\u00e9s pour se saisir de cette th\u00e9matique et des lieux dans la ville. Parmi les artistes la plasticienne Caroline Le M\u00e9haut\u00e9 ou encore le sculpteur Ali Cherri.<\/p>\n<p><a data-article-figure=\"\" href=\"https:\/\/france3-regions.franceinfo.fr\/image\/emIqzuNkwGfiLmy3uTWNVdgROAk\/1600x1153\/regions\/2026\/01\/16\/caroline-le-mehaute-negociation-34-porter-surface-2011-c-dr-696a62ea5834f647383213.jpg\" data-pswp-width=\"1600\" data-pswp-height=\"1153\" target=\"_blank\" rel=\"noopener\"><\/p>\n<p>          <img width=\"600\" height=\"400\" class=\"article-image lazy\" data-src=\"https:\/\/www.europesays.com\/fr\/wp-content\/uploads\/2026\/01\/caroline-le-mehaute-negociation-34-porter-surface-2011-c-dr-696a62ea5834f647383213.jpg\" alt=\"Caroline Le M\u00e9haut\u00e9, N\u00e9gociation 34 (Porter Surface), 2011\" fetchpriority=\"high\" as=\"image\"\/><\/p>\n<p>\n            Caroline Le M\u00e9haut\u00e9, N\u00e9gociation 34 (Porter Surface), 2011<br \/>\n                           \u2022<br \/>\n                                      \u00a9 DR. \/ LVAN\n                      <\/p>\n<p><\/a><\/p>\n<p>Le Voyage estival se d\u00e9roulera du 4 juillet au 6 septembre et se tiendra notamment dans deux lieux in\u00e9dits : les cryptes de la Cath\u00e9drale Saint-Pierre et le Jardin Extraordinaire.<\/p>\n<p>Au rayon insolite, \u00e0 noter <a href=\"https:\/\/france3-regions.franceinfo.fr\/pays-de-la-loire\/loire-atlantique\/nantes\/trois-senteurs-lieu-unique-nantais-voteront-leur-parfum-lors-du-voyage-nantes-1846106.html\" target=\"_blank\" rel=\"noopener noreferrer nofollow\" data-tooltip-url=\"https:\/\/france3-regions.franceinfo.fr\/pays-de-la-loire\/loire-atlantique\/nantes\/trois-senteurs-lieu-unique-nantais-voteront-leur-parfum-lors-du-voyage-nantes-1846106.html\">qu&rsquo;apr\u00e8s avoir sorti son parfum lors de l&rsquo;\u00e9dition 2020 du VAN,<\/a> le Voyage \u00e0 Nantes compter d\u00e9sormais cr\u00e9er son propre muscadet.<\/p>\n<p>Le \u00ab\u00a0Muscadet du Voyage\u00a0\u00bb sera produit \u00e0 500 bouteilles dont quelques magnums collectors. Fruit d&rsquo;une s\u00e9lection chez une quinzaine de vignerons bio du vignoble nantais il sera mis en bouteille au mois de mai pour \u00eatre mis en vente \u00e0 partir du 4 juillet 2026 sur des lieux s\u00e9lectionn\u00e9s du VAN.<\/p>\n<p><strong>Retrouvez-nous sur nos R\u00e9seaux Sociaux et sur <\/strong><a href=\"https:\/\/www.france.tv\/france-3\/pays-de-la-loire\/\" target=\"_blank\" rel=\"noopener noreferrer nofollow\" data-tooltip-url=\"https:\/\/www.france.tv\/france-3\/pays-de-la-loire\/\"><strong>france.tv<\/strong><\/a><\/p>\n","protected":false},"excerpt":{"rendered":"Pour cette ann\u00e9e 2026 le Voyage \u00e0 Nantes nous invite \u00e0 rencontrer des Sorci\u00e8res, \u00e0 r\u00e9imaginer la Terre,&hellip;\n","protected":false},"author":2,"featured_media":669370,"comment_status":"","ping_status":"","sticky":false,"template":"","format":"standard","meta":{"footnotes":""},"categories":[2818],"tags":[1111,11,1777,674,1011,27,766,12,2636,25],"class_list":{"0":"post-669369","1":"post","2":"type-post","3":"status-publish","4":"format-standard","5":"has-post-thumbnail","7":"category-nantes","8":"tag-actu","9":"tag-actualites","10":"tag-eu","11":"tag-europe","12":"tag-fr","13":"tag-france","14":"tag-nantes","15":"tag-news","16":"tag-pays-de-la-loire","17":"tag-republique-francaise"},"share_on_mastodon":{"url":"https:\/\/pubeurope.com\/@fr\/115908917560983123","error":""},"_links":{"self":[{"href":"https:\/\/www.europesays.com\/fr\/wp-json\/wp\/v2\/posts\/669369","targetHints":{"allow":["GET"]}}],"collection":[{"href":"https:\/\/www.europesays.com\/fr\/wp-json\/wp\/v2\/posts"}],"about":[{"href":"https:\/\/www.europesays.com\/fr\/wp-json\/wp\/v2\/types\/post"}],"author":[{"embeddable":true,"href":"https:\/\/www.europesays.com\/fr\/wp-json\/wp\/v2\/users\/2"}],"replies":[{"embeddable":true,"href":"https:\/\/www.europesays.com\/fr\/wp-json\/wp\/v2\/comments?post=669369"}],"version-history":[{"count":0,"href":"https:\/\/www.europesays.com\/fr\/wp-json\/wp\/v2\/posts\/669369\/revisions"}],"wp:featuredmedia":[{"embeddable":true,"href":"https:\/\/www.europesays.com\/fr\/wp-json\/wp\/v2\/media\/669370"}],"wp:attachment":[{"href":"https:\/\/www.europesays.com\/fr\/wp-json\/wp\/v2\/media?parent=669369"}],"wp:term":[{"taxonomy":"category","embeddable":true,"href":"https:\/\/www.europesays.com\/fr\/wp-json\/wp\/v2\/categories?post=669369"},{"taxonomy":"post_tag","embeddable":true,"href":"https:\/\/www.europesays.com\/fr\/wp-json\/wp\/v2\/tags?post=669369"}],"curies":[{"name":"wp","href":"https:\/\/api.w.org\/{rel}","templated":true}]}}