{"id":669373,"date":"2026-01-17T06:02:11","date_gmt":"2026-01-17T06:02:11","guid":{"rendered":"https:\/\/www.europesays.com\/fr\/669373\/"},"modified":"2026-01-17T06:02:11","modified_gmt":"2026-01-17T06:02:11","slug":"camille-chamoux-au-theatre-femina-a-bordeaux-gagnez-vos-invitations","status":"publish","type":"post","link":"https:\/\/www.europesays.com\/fr\/669373\/","title":{"rendered":"Camille Chamoux au Th\u00e9\u00e2tre F\u00e9mina \u00e0 Bordeaux\u00a0: Gagnez vos invitations\u00a0!"},"content":{"rendered":"<p>L\u2019humoriste Camille Chamoux est de retour sur sc\u00e8ne avec son nouveau spectacle \u00ab\u00a0\u00c7a va \u00e7a va\u00a0\u00bb,  vendredi 23 janvier au Th\u00e9\u00e2tre F\u00e9mina de Bordeaux. \u00c0 cette occasion, ICI Gironde vous offre vos invitations pour une soir\u00e9e plac\u00e9e sous le signe de l\u2019humour et de l\u2019autod\u00e9rision.<\/p>\n<p>Apr\u00e8s N\u00e9e sous Giscard, L\u2019esprit de contradiction et Le temps de vivre, <strong>Camille Chamoux<\/strong> revient en tourn\u00e9e avec une toute nouvelle cr\u00e9ation\u00a0: <strong>\u00c7a va \u00e7a va<\/strong>. Un titre faussement l\u00e9ger pour <strong>un spectacle profond\u00e9ment dr\u00f4le, lucide et percutant.<\/strong><\/p>\n<p><strong>Un nouveau spectacle mordant et tr\u00e8s personnel<\/strong><\/p>\n<p>Dans ce nouveau seule-en-sc\u00e8ne, l\u2019humoriste explore avec son sens aigu de l\u2019observation et son humour acide un sujet universel\u00a0: le rapport au corps et \u00e0 la sant\u00e9, qui surgit parfois sans pr\u00e9venir. Celle qui se pensait \u00ab\u00a0immortelle\u00a0\u00bb raconte avec une franchise d\u00e9sarmante le moment o\u00f9 le corps rappelle \u00e0 l\u2019ordre, o\u00f9 les conversations changent, et o\u00f9 les m\u00e9dicaments remplacent les insouciances d\u2019hier.<\/p>\n<p>Avec son \u00e9criture fine, son autod\u00e9rision assum\u00e9e et son \u00e9nergie communicative, <strong>Camille Chamoux transforme les angoisses,<\/strong> les contradictions et les petits chaos de la vie adulte en un spectacle aussi hilarant que touchant. Une soir\u00e9e o\u00f9 l\u2019on rit beaucoup\u2026 et o\u00f9 l\u2019on se reconna\u00eet souvent.<\/p>\n<p><strong>ICI Gironde vous offre vos invitations<\/strong><\/p>\n<p>Envie d\u2019assister au spectacle \u00c7a va \u00e7a va de Camille Chamoux au <strong>Th\u00e9\u00e2tre F\u00e9mina de Bordeaux<\/strong>, vendredi 23 janvier\u00a0? <strong>ICI Gironde<\/strong> vous offre vos invitations\u00a0! Pour jouer, il vous suffit de remplir le formulaire ci-dessous\u00a0\ud83d\udc47<\/p>\n<p><strong>Bonne chance \u00e0 toutes et \u00e0 tous<\/strong> \ud83e\udd1e<\/p>\n","protected":false},"excerpt":{"rendered":"L\u2019humoriste Camille Chamoux est de retour sur sc\u00e8ne avec son nouveau spectacle \u00ab\u00a0\u00c7a va \u00e7a va\u00a0\u00bb, vendredi 23&hellip;\n","protected":false},"author":2,"featured_media":669374,"comment_status":"","ping_status":"","sticky":false,"template":"","format":"standard","meta":{"footnotes":""},"categories":[2817],"tags":[1111,11,1997,1777,674,1011,27,12,2219,25],"class_list":{"0":"post-669373","1":"post","2":"type-post","3":"status-publish","4":"format-standard","5":"has-post-thumbnail","7":"category-bordeaux","8":"tag-actu","9":"tag-actualites","10":"tag-bordeaux","11":"tag-eu","12":"tag-europe","13":"tag-fr","14":"tag-france","15":"tag-news","16":"tag-nouvelle-aquitaine","17":"tag-republique-francaise"},"share_on_mastodon":{"url":"https:\/\/pubeurope.com\/@fr\/115908925451628893","error":""},"_links":{"self":[{"href":"https:\/\/www.europesays.com\/fr\/wp-json\/wp\/v2\/posts\/669373","targetHints":{"allow":["GET"]}}],"collection":[{"href":"https:\/\/www.europesays.com\/fr\/wp-json\/wp\/v2\/posts"}],"about":[{"href":"https:\/\/www.europesays.com\/fr\/wp-json\/wp\/v2\/types\/post"}],"author":[{"embeddable":true,"href":"https:\/\/www.europesays.com\/fr\/wp-json\/wp\/v2\/users\/2"}],"replies":[{"embeddable":true,"href":"https:\/\/www.europesays.com\/fr\/wp-json\/wp\/v2\/comments?post=669373"}],"version-history":[{"count":0,"href":"https:\/\/www.europesays.com\/fr\/wp-json\/wp\/v2\/posts\/669373\/revisions"}],"wp:featuredmedia":[{"embeddable":true,"href":"https:\/\/www.europesays.com\/fr\/wp-json\/wp\/v2\/media\/669374"}],"wp:attachment":[{"href":"https:\/\/www.europesays.com\/fr\/wp-json\/wp\/v2\/media?parent=669373"}],"wp:term":[{"taxonomy":"category","embeddable":true,"href":"https:\/\/www.europesays.com\/fr\/wp-json\/wp\/v2\/categories?post=669373"},{"taxonomy":"post_tag","embeddable":true,"href":"https:\/\/www.europesays.com\/fr\/wp-json\/wp\/v2\/tags?post=669373"}],"curies":[{"name":"wp","href":"https:\/\/api.w.org\/{rel}","templated":true}]}}