{"id":669375,"date":"2026-01-17T06:03:10","date_gmt":"2026-01-17T06:03:10","guid":{"rendered":"https:\/\/www.europesays.com\/fr\/669375\/"},"modified":"2026-01-17T06:03:10","modified_gmt":"2026-01-17T06:03:10","slug":"toulouse-pourquoi-y-a-t-il-des-travaux-sur-cette-celebre-ecluse-devant-la-gare-matabiau","status":"publish","type":"post","link":"https:\/\/www.europesays.com\/fr\/669375\/","title":{"rendered":"Toulouse. Pourquoi y a-t-il des travaux sur cette c\u00e9l\u00e8bre \u00e9cluse devant la gare Matabiau\u00a0?"},"content":{"rendered":"<p>                    Par<br \/>\n        <strong><br \/>\n            <a href=\"https:\/\/actu.fr\/auteur\/nicolas-stival\" title=\"Consulter tous les articles de Nicolas Stival\" target=\"_blank\" rel=\"noopener\">Nicolas Stival<\/a><br \/>\n                    <\/strong><\/p>\n<p>        Publi\u00e9 le<\/p>\n<p>            17 janv. 2026 \u00e0 6h42        <\/p>\n<p>Depuis lundi 12\u00a0janvier 2026, les usagers habituels de <a href=\"https:\/\/actu.fr\/occitanie\/toulouse_31555\/une-file-d-attente-monstre-s-est-formee-ce-vendredi-devant-la-gare-matabiau-de-toulouse-ce-qu-il-s-est-passe_63674841.html\" target=\"_blank\" rel=\"noopener\">la gare Matabiau<\/a> mais aussi <strong>des boulevards de Bonrepos et Pierre-S\u00e9mard<\/strong> l\u2019ont forc\u00e9ment constat\u00e9\u2009: <a href=\"https:\/\/actu.fr\/occitanie\/toulouse_31555\/toulouse-l-ecluse-d-eric-ouvre-en-bord-de-garonne-dans-une-petite-oasis-de-verdure_62696221.html\" target=\"_blank\" rel=\"noopener\">l\u2019\u00e9cluse<\/a> Bayard est en r\u00e9fection au c\u0153ur de <strong>Toulouse<\/strong>. Ce chantier ne g\u00eane toutefois<strong> pas la circulation<\/strong> dans ce secteur sujet aux embouteillages.<\/p>\n<p class=\" wall-content\"><strong>Des travaux de fiabilisation et de s\u00e9curisation<\/strong><\/p>\n<p class=\" wall-content\">Tout se passe en effet sur les eaux du canal du Midi, o\u00f9 un \u00e9chafaudage a \u00e9t\u00e9 install\u00e9 sur une plateforme flottante. Gestionnaire de l\u2019ouvrage cr\u00e9\u00e9 au XVIIe\u00a0si\u00e8cle par Pierre-Paul Riquet, et donc de sa maintenance, Voies navigables de France (VNF) indique qu\u2019il s\u2019agit de \u00ab<strong>\u2009travaux de ma\u00e7onnerie sur les pierres de couronnement\u2009\u00bb<\/strong>, au \u00ab\u2009sommet\u2009\u00bb de l\u2019\u00e9cluse. Avec comme objectif de <strong>\u00ab\u2009fiabiliser et s\u00e9curiser\u2009\u00bb <\/strong>cette derni\u00e8re, <strong>\u00ab\u2009dans le respect du patrimoine\u2009\u00bb<\/strong>.<\/p>\n<p>    <img   decoding=\"async\" loading=\"lazy\" src=\"https:\/\/www.europesays.com\/fr\/wp-content\/uploads\/2026\/01\/20260115-125738-960x640.jpg\" alt=\"Les travaux sur l'\u00e9cluse Bayard \u00e0 Toulouse vus depuis le boulevard de Bonrepos, le 15 janvier 2026.\" width=\"960\" height=\"640\"\/><br \/>\n    Les travaux sur l\u2019\u00e9cluse Bayard vus depuis le boulevard de Bonrepos, le 15\u00a0janvier 2026. (\u00a9Guillaume Laurens \/ Actu Toulouse)Un chantier \u00e0 40\u2009000\u00a0euros<\/p>\n<p class=\" wall-content\">Le chantier doit s\u2019achever <strong>le 26\u00a0janvier<\/strong>, pour un co\u00fbt total \u00e9valu\u00e9 \u00e0 <strong>40\u2009000\u00a0euros<\/strong>.<\/p>\n<p class=\" wall-content\">Au cours de sa v\u00e9n\u00e9rable histoire, d\u00e9marr\u00e9e vers 1667, l\u2019\u00e9cluse Bayard \u2013 la troisi\u00e8me des 63 \u00e9cluses que compte le canal du Midi en partant du port de l\u2019Embouchure \u2013 a d\u00e9j\u00e0 connu des ravalements de fa\u00e7ade bien plus importants.<\/p>\n<p>Vid\u00e9os : en ce moment sur Actu<\/p>\n<p class=\" wall-content\"><strong>Une \u00e9cluse souvent transform\u00e9e depuis sa cr\u00e9ation<\/strong><\/p>\n<p class=\" wall-content\"><a href=\"https:\/\/actu.fr\/occitanie\/toulouse_31555\/toulouse-un-site-pour-savoir-depuis-quand-votre-rue-votre-place-ou-votre-avenue-porte-son-nom_45300162.html\" target=\"_blank\" rel=\"noopener\">UrbanHist<\/a>, le site de la mairie de Toulouse consacr\u00e9 au patrimoine de la ville et de la m\u00e9tropole, recense ainsi deux reconstructions compl\u00e8tes.<\/p>\n<p class=\" wall-content\"><strong>La derni\u00e8re a eu lieu \u00e0 la fin des ann\u00e9es 1970<\/strong>, lorsque l\u2019ouvrage a d\u00fb \u00eatre adapt\u00e9 <a href=\"https:\/\/actu.fr\/ile-de-france\/paris_75056\/une-bibliotheque-ideale-flottante-une-nouvelle-peniche-dediee-a-la-litterature-va-ouvrir-a-paris_63657876.html\" target=\"_blank\" rel=\"noopener\">au gabarit Freycinet<\/a>, afin de permettre la circulation des p\u00e9niches de plus de 30\u00a0m\u00e8tres. L\u2019\u00e9cluse double originelle a alors \u00e9t\u00e9 remplac\u00e9e par une \u00e9cluse simple en b\u00e9ton.<\/p>\n<p>Votre r\u00e9gion, votre actu !<\/p>\n<p>Recevez chaque jour les infos qui comptent pour vous.<\/p>\n<p>\t<a href=\"https:\/\/actu.fr\/newsletter\" class=\"ac-btn ac-btn--corner ac-btn--medium ac-btn--blue800\" target=\"_blank\" rel=\"noopener\">S&rsquo;incrire<\/a><br \/>\nAdieu le b\u00e9ton, bonjour le bois<\/p>\n<p class=\" wall-content\">En 2020, <a href=\"https:\/\/actu.fr\/occitanie\/toulouse_31555\/toulouse-pourquoi-canal-midi-est-desormais-recouvert-peu-visible-devant-gare-matabiau_30703418.html\" target=\"_blank\" rel=\"noopener\">la couverture partielle du canal du Midi devant la gare Matabiau<\/a> par une plateforme en bois a entra\u00een\u00e9 la disparition <strong>des tristes blocs de b\u00e9ton de l\u2019ouvrage<\/strong>, que personne ne regrette vraiment aujourd\u2019hui.<\/p>\n<p class=\" wall-content\">Le chantier actuel a lieu pendant la traditionnelle p\u00e9riode hivernale <a href=\"http:\/\/canal-du-midi.com\/vie-du-canal\/fonctionnement-canal-aujourdhui\/#:~:text=La%20p%C3%A9riode%20de%20ch%C3%B4mage%20a%20lieu%20de%20d%C3%A9but%20janvier%20%C3%A0%20fin%20f%C3%A9vrier.\" target=\"_blank\" rel=\"noopener\">de \u00ab\u2009ch\u00f4mage\u2009\u00bb du canal<\/a>. Jusqu\u2019\u00e0 la fin du mois de f\u00e9vrier, une vingtaine de sites situ\u00e9s sur tout le trac\u00e9 de la voie d\u2019eau font l\u2019objet de travaux.<\/p>\n<p class=\" wall-content\">Personnalisez votre actualit\u00e9 en ajoutant vos villes et m\u00e9dias en favori avec <a href=\"https:\/\/moncompte.actu.fr\" title=\"D\u00e9couvez Mon Actu\" rel=\"nofollow noopener\" data-trk=\"{&quot;cta&quot;:{&quot;action&quot;:&quot;https:\\\/\\\/moncompte.actu.fr&quot;,&quot;category&quot;:&quot;mon compte&quot;,&quot;from&quot;:&quot;article footer&quot;,&quot;name&quot;:&quot;Mon actu&quot;,&quot;type&quot;:&quot;cta&quot;}}\" target=\"_blank\">Mon Actu<\/a>.<\/p>\n","protected":false},"excerpt":{"rendered":"Par Nicolas Stival Publi\u00e9 le 17 janv. 2026 \u00e0 6h42 Depuis lundi 12\u00a0janvier 2026, les usagers habituels de&hellip;\n","protected":false},"author":2,"featured_media":669376,"comment_status":"","ping_status":"","sticky":false,"template":"","format":"standard","meta":{"footnotes":""},"categories":[2816],"tags":[1111,11,4861,1777,674,1011,27,12,2680,2551,25,104,2312,2086],"class_list":{"0":"post-669375","1":"post","2":"type-post","3":"status-publish","4":"format-standard","5":"has-post-thumbnail","7":"category-toulouse","8":"tag-actu","9":"tag-actualites","10":"tag-canal-du-midi","11":"tag-eu","12":"tag-europe","13":"tag-fr","14":"tag-france","15":"tag-news","16":"tag-occitanie","17":"tag-patrimoine","18":"tag-republique-francaise","19":"tag-societe","20":"tag-toulouse","21":"tag-travaux"},"share_on_mastodon":{"url":"https:\/\/pubeurope.com\/@fr\/115908929296103104","error":""},"_links":{"self":[{"href":"https:\/\/www.europesays.com\/fr\/wp-json\/wp\/v2\/posts\/669375","targetHints":{"allow":["GET"]}}],"collection":[{"href":"https:\/\/www.europesays.com\/fr\/wp-json\/wp\/v2\/posts"}],"about":[{"href":"https:\/\/www.europesays.com\/fr\/wp-json\/wp\/v2\/types\/post"}],"author":[{"embeddable":true,"href":"https:\/\/www.europesays.com\/fr\/wp-json\/wp\/v2\/users\/2"}],"replies":[{"embeddable":true,"href":"https:\/\/www.europesays.com\/fr\/wp-json\/wp\/v2\/comments?post=669375"}],"version-history":[{"count":0,"href":"https:\/\/www.europesays.com\/fr\/wp-json\/wp\/v2\/posts\/669375\/revisions"}],"wp:featuredmedia":[{"embeddable":true,"href":"https:\/\/www.europesays.com\/fr\/wp-json\/wp\/v2\/media\/669376"}],"wp:attachment":[{"href":"https:\/\/www.europesays.com\/fr\/wp-json\/wp\/v2\/media?parent=669375"}],"wp:term":[{"taxonomy":"category","embeddable":true,"href":"https:\/\/www.europesays.com\/fr\/wp-json\/wp\/v2\/categories?post=669375"},{"taxonomy":"post_tag","embeddable":true,"href":"https:\/\/www.europesays.com\/fr\/wp-json\/wp\/v2\/tags?post=669375"}],"curies":[{"name":"wp","href":"https:\/\/api.w.org\/{rel}","templated":true}]}}