{"id":669377,"date":"2026-01-17T06:04:10","date_gmt":"2026-01-17T06:04:10","guid":{"rendered":"https:\/\/www.europesays.com\/fr\/669377\/"},"modified":"2026-01-17T06:04:10","modified_gmt":"2026-01-17T06:04:10","slug":"municipales-2026-a-toulouse-ecologistes-suspendus-souvenirs-du-stade-et-secret-de-la-victoire-nos-confidentiels-de-campagne","status":"publish","type":"post","link":"https:\/\/www.europesays.com\/fr\/669377\/","title":{"rendered":"Municipales 2026 \u00e0 Toulouse\u00a0: \u00c9cologistes suspendus, souvenirs du Stade et secret de la victoire\u2026 nos confidentiels de campagne"},"content":{"rendered":"<p>\n                                                                    l&rsquo;essentiel<br \/>\n                                                                L\u2019ancien maire Pierre Cohen et Sacha Briand, directeur de campagne de Jean-Luc Moudenc, ont partag\u00e9 le secret de la victoire. \u00c0 d\u00e9couvrir dans nos confidentiels de campagne de cette nouvelle semaine o\u00f9 chaque candidat a commenc\u00e9 \u00e0 d\u00e9voiler son programme.\n                            <\/p>\n<p>Le compte \u00e0 rebours des municipales a commenc\u00e9. Nous sommes \u00e0 moins de deux mois de l\u2019\u00e9lection des 15 et 22\u00a0mars.<\/p>\n<p>Souvenir du Stade<\/p>\n<p>Il y aura un peu de rugby et de Stade Toulousain dans la liste de Fran\u00e7ois Piquemal (LFI) avec la pr\u00e9sence de Julien Cadieu, 26 ans, attach\u00e9 parlementaire et suppl\u00e9ant de la d\u00e9put\u00e9e Anne Stambach, mais aussi fils de Jean-Marie Cadieu, deuxi\u00e8me ligne du Stade Toulousain dans les ann\u00e9es 80 et international. \u00ab\u00a0J\u2019ai grandi dans le resto de mon p\u00e8re\u00a0\u00bb, raconte Julien, qui a lui aussi \u00e9t\u00e9 seconde ligne, en \u00e9voquant\u00a0Los Piquillos aux Sept-Deniers. Jean-Marie sera aussi pr\u00e9sent dans ces municipales mais \u00e0 l\u2019Isle-en-Dodon.<\/p>\n<p>Le secret de la victoire<\/p>\n<p>\u00ab\u00a0On ne gagne pas une \u00e9lection. C\u2019est son adversaire qui la perd.\u00a0\u00bb Pierre Cohen, l\u2019ancien maire de Toulouse, et Sacha Briand, directeur de campagne de Jean-Luc Moudenc, sont tomb\u00e9s d\u2019accord\u00a0lors d\u2019une conversation \u00e0 b\u00e2tons rompus \u00e0 la c\u00e9r\u00e9monie des v\u0153ux au Capitole. La maxime a \u00e9t\u00e9 v\u00e9rifi\u00e9e en 2014 avec le rejet d\u2019un Pierre Cohen, comme en 2008 quand Jean-Luc Moudenc a perdu le Capitole. \u00c0 m\u00e9diter\u2026<\/p>\n<p>\u00c9cologistes suspendus<\/p>\n<p>Deux \u00e9cologistes toulousains ont \u00e9t\u00e9 suspendus par leur parti apr\u00e8s avoir pris parti ouvertement en faveur de Fran\u00e7ois Piquemal (LFI)\u00a0: Fran\u00e7ois Beno\u00eet-Marqui\u00e9 et Marie Chiocca, qui a \u00e9t\u00e9 \u00e9lue \u00e0 Ramonville.\u00a0Fran\u00e7ois Beno\u00eet-Marqui\u00e9 a depuis rejoint la campagne du d\u00e9put\u00e9 Insoumis.<\/p>\n<p>La t\u00eate des opposants<\/p>\n<p>Peut-on afficher la t\u00eate de ses opposants sur un tract\u00a0? Fran\u00e7ois Brian\u00e7on (PS), R\u00e9gis Godec (Ecologiste), Maxime Le Texier (Archipel Citoyen) et Fran\u00e7ois Piquemal (LFI) sont ainsi apparus c\u00f4te \u00e0 c\u00f4te dans le tract de Jean-Luc Moudenc les accusant de vouloir doubler les imp\u00f4ts. L\u2019attaque a \u00e9t\u00e9 tr\u00e8s peu appr\u00e9ci\u00e9e sur le fond et sur la forme. La liste a \u00e9crit au maire sortant pour d\u00e9noncer des \u00ab\u00a0mensonges\u00a0\u00bb. En interne, la possibilit\u00e9 d\u2019une proc\u00e9dure judiciaire sur l\u2019utilisation de l\u2019image des candidats a aussi \u00e9t\u00e9 \u00e9voqu\u00e9e.<\/p>\n<p>Les Motiv\u00e9s au cin\u00e9ma<\/p>\n<p>L\u2019\u00e9pop\u00e9e des Motiv\u00e9s en 2001, dont la r\u00e9f\u00e9rence revient r\u00e9guli\u00e8rement dans la campagne 2026, a \u00e9t\u00e9 film\u00e9e de l\u2019int\u00e9rieur par\u00a0Andr\u00e9 Sommermeyer qui a eu acc\u00e8s \u00e0 tout, y compris aux n\u00e9gociations entre listes. Curieusement, ce document n\u2019a jamais \u00e9t\u00e9 diffus\u00e9. Ce sera chose faite \u00e0 l\u2019Utopia de Borderouge le 29\u00a0janvier, \u00e0 20\u00a0heures.<\/p>\n","protected":false},"excerpt":{"rendered":"l&rsquo;essentiel L\u2019ancien maire Pierre Cohen et Sacha Briand, directeur de campagne de Jean-Luc Moudenc, ont partag\u00e9 le secret&hellip;\n","protected":false},"author":2,"featured_media":669378,"comment_status":"","ping_status":"","sticky":false,"template":"","format":"standard","meta":{"footnotes":""},"categories":[2816],"tags":[1111,11,1777,674,1011,27,329,2722,3434,12,2680,316,25,2312,37919],"class_list":{"0":"post-669377","1":"post","2":"type-post","3":"status-publish","4":"format-standard","5":"has-post-thumbnail","7":"category-toulouse","8":"tag-actu","9":"tag-actualites","10":"tag-eu","11":"tag-europe","12":"tag-fr","13":"tag-france","14":"tag-france-monde","15":"tag-haute-garonne","16":"tag-municipales-2026","17":"tag-news","18":"tag-occitanie","19":"tag-politique","20":"tag-republique-francaise","21":"tag-toulouse","22":"tag-u00c9lections"},"share_on_mastodon":{"url":"https:\/\/pubeurope.com\/@fr\/115908933367381862","error":""},"_links":{"self":[{"href":"https:\/\/www.europesays.com\/fr\/wp-json\/wp\/v2\/posts\/669377","targetHints":{"allow":["GET"]}}],"collection":[{"href":"https:\/\/www.europesays.com\/fr\/wp-json\/wp\/v2\/posts"}],"about":[{"href":"https:\/\/www.europesays.com\/fr\/wp-json\/wp\/v2\/types\/post"}],"author":[{"embeddable":true,"href":"https:\/\/www.europesays.com\/fr\/wp-json\/wp\/v2\/users\/2"}],"replies":[{"embeddable":true,"href":"https:\/\/www.europesays.com\/fr\/wp-json\/wp\/v2\/comments?post=669377"}],"version-history":[{"count":0,"href":"https:\/\/www.europesays.com\/fr\/wp-json\/wp\/v2\/posts\/669377\/revisions"}],"wp:featuredmedia":[{"embeddable":true,"href":"https:\/\/www.europesays.com\/fr\/wp-json\/wp\/v2\/media\/669378"}],"wp:attachment":[{"href":"https:\/\/www.europesays.com\/fr\/wp-json\/wp\/v2\/media?parent=669377"}],"wp:term":[{"taxonomy":"category","embeddable":true,"href":"https:\/\/www.europesays.com\/fr\/wp-json\/wp\/v2\/categories?post=669377"},{"taxonomy":"post_tag","embeddable":true,"href":"https:\/\/www.europesays.com\/fr\/wp-json\/wp\/v2\/tags?post=669377"}],"curies":[{"name":"wp","href":"https:\/\/api.w.org\/{rel}","templated":true}]}}