{"id":669399,"date":"2026-01-17T06:17:12","date_gmt":"2026-01-17T06:17:12","guid":{"rendered":"https:\/\/www.europesays.com\/fr\/669399\/"},"modified":"2026-01-17T06:17:12","modified_gmt":"2026-01-17T06:17:12","slug":"en-direct-guerre-en-ukraine-une-nouvelle-rencontre-entre-negociateurs-ukrainiens-et-americains-ce-samedi","status":"publish","type":"post","link":"https:\/\/www.europesays.com\/fr\/669399\/","title":{"rendered":"EN DIRECT &#8211; Guerre en Ukraine : une nouvelle rencontre entre n\u00e9gociateurs ukrainiens et am\u00e9ricains ce samedi"},"content":{"rendered":"<ul class=\"jsx-862013697 ArticleChapo__List\">\n<li class=\"jsx-862013697 ArticleChapo__List_Item flex\">L&rsquo;ambassadrice de Kiev aux \u00c9tats-Unis, Olga Stefanishyna, a indiqu\u00e9 vendredi que les n\u00e9gociateurs ukrainiens rencontreraient la partie am\u00e9ricaine samedi \u00e0 Miami pour de nouveaux pourparlers en vue de mettre fin au conflit avec la Russie.<\/li>\n<li class=\"jsx-862013697 ArticleChapo__List_Item flex\">Suivez les derni\u00e8res informations.<\/li>\n<\/ul>\n<p><a href=\"https:\/\/www.tf1info.fr\/actualite\/guerre-ukraine-russie-une-rencontre-donald-trump-vladimir-poutine-historique-le-vendredi-15-aout-2025-en-alaska-sans-volodymyr-zelensky-14326\/\" rel=\"noopener\" class=\"jsx-484472199 Link jsx-1428418400 jsx-554215408\" target=\"_blank\"><\/p>\n<p style=\"font-weight:400\" class=\"jsx-1837267516\">Suivez la couverture compl\u00e8te<\/p>\n<p style=\"font-weight:800\" class=\"jsx-1837267516\">Ukraine-Russie : en marge des n\u00e9gociations, les attaques russes continuent<\/p>\n<p><\/a>Minute par minuteCESSEZ-LE-FEU POUR DES TRAVAUX A ZAPORIJJIA07:09<\/p>\n<p>La Russie et l&rsquo;Ukraine ont donn\u00e9 vendredi leur accord \u00e0 l&rsquo;AIEA pour la mise en \u0153uvre d&rsquo;un cessez-le-feu local en vue de r\u00e9parer la derni\u00e8re ligne \u00e9lectrique de secours restante de la centrale nucl\u00e9aire de Zaporijjia, a d\u00e9clar\u00e9 son directeur g\u00e9n\u00e9ral Rafael Grossi.<\/p>\n<p>Les travaux devrait commencer \u00ab\u00a0dans les prochains jours\u00a0\u00bb sur cette ligne, endommag\u00e9e et mise hors service suite \u00e0 des op\u00e9rations militaires le 2 janvier, a pr\u00e9cis\u00e9 l&rsquo;Agence internationale de l&rsquo;\u00e9nergie atomique dans un communiqu\u00e9.<\/p>\n<p>\u00ab\u00a0Ce cessez-le-feu temporaire, le quatri\u00e8me que nous n\u00e9gocions, t\u00e9moigne du r\u00f4le indispensable que nous continuons de jouer\u00a0\u00bb, a estim\u00e9 M. Grossi, cit\u00e9 dans le communiqu\u00e9.\u00a0<\/p>\n<p>BONJOUR06:57<\/p>\n<p>Bienvenue dans ce direct consacr\u00e9 \u00e0 la guerre en Ukraine, d\u00e9but\u00e9e il y a plus de trois ans apr\u00e8s l&rsquo;invasion des troupes de Vladimir Poutine. Suivez ici, tout au long de la journ\u00e9e, les derni\u00e8res informations.<\/p>\n<p data-module=\"article-paragraph\" class=\"jsx-157965717 Paragraph\">Le pr\u00e9sident Volodymyr Zelensky a exprim\u00e9son espoir de voir l&rsquo;Ukraine conclure la semaine prochaine des accords avec Washington pour mettre fin \u00e0 la guerre contre la Russie, alors que les n\u00e9gociateurs ukrainiens doivent rencontrer la partie am\u00e9ricaine ce samedi \u00e0 Miami. Les \u00e9missaires am\u00e9ricains n\u00e9gocient s\u00e9par\u00e9ment avec Kiev et Moscou depuis des mois un accord destin\u00e9 \u00e0 faire cesser quatre ans de combats, mais plusieurs questions restent non r\u00e9solues, dont celles des territoires occup\u00e9s et des garanties de s\u00e9curit\u00e9 pour l&rsquo;Ukraine.<\/p>\n<p data-module=\"article-paragraph\" class=\"jsx-157965717 Paragraph Paragraph__End\">Ces nouvelles discussions interviennent alors qu&rsquo;une s\u00e9rie de bombardements russes massifs contre les infrastructures de l&rsquo;Ukraine ont provoqu\u00e9 des coupures de courant et de chauffage massives en plein hiver. Une situation que Zelensky a imput\u00e9e vendredi \u00e0 une p\u00e9nurie de missiles antia\u00e9riens occidentaux.<\/p>\n<p data-module=\"article-paragraph\" class=\"jsx-157965717 Paragraph Paragraph__End\">\u00ab\u00a0Des n\u00e9gociations auront lieu demain (samedi) \u00e0 Miami en Floride\u00a0\u00bb entre les n\u00e9gociateurs ukrainiens et la partie am\u00e9ricaine, a indiqu\u00e9 vendredi l&rsquo;ambassadrice d&rsquo;Ukraine aux \u00c9tats-Unis, Olga Stefanishyna, sans pr\u00e9ciser qui repr\u00e9sentera Washington. Plus t\u00f4t, Volodymyr Zelensky avait annonc\u00e9 le d\u00e9placement et dit esp\u00e9rer obtenir \u00ab\u00a0plus de clart\u00e9\u00a0\u00bb sur les documents pr\u00e9par\u00e9s avec les Am\u00e9ricains et la position de la Russie \u00e0 leur sujet. \u00ab\u00a0Si tout est finalis\u00e9 et si la partie am\u00e9ricaine donne son accord (&#8230;), alors une signature pendant le Forum \u00e9conomique mondial de Davos sera possible\u00a0\u00bb la semaine prochaine, a-t-il ajout\u00e9.<\/p>\n<p data-module=\"article-paragraph\" class=\"jsx-157965717 Paragraph\"><a href=\"https:\/\/www.tf1info.fr\/international\/verif-guerre-en-ukraine-ils-chantent-ou-sont-de-la-chair-a-canon-que-sait-on-de-ces-videos-de-mercenaires-africains-deployes-par-la-russie-2418380.html\" target=\"_blank\" rel=\"noopener\">Donald Trump<\/a> avait assur\u00e9 mercredi \u00e0 l&rsquo;agence Reuters que Vladimir Poutine \u00e9tait \u00ab\u00a0pr\u00eat \u00e0 conclure un accord\u00a0\u00bb, mais que \u00ab\u00a0l&rsquo;Ukraine \u00e9tait moins dispos\u00e9e \u00e0 le faire\u00a0\u00bb. Il avait imput\u00e9 le blocage dans les n\u00e9gociations \u00e0 Volodymyr Zelensky. \u00a0Le pr\u00e9sident ukrainien a quant \u00e0 lui assur\u00e9 que l&rsquo;Ukraine avait \u00ab\u00a0l&rsquo;initiative dans les n\u00e9gociations\u00a0\u00bb et \u00ab\u00a0avance plus vite que la Russie sur ce point\u00a0\u00bb. \u00ab\u00a0Nous avons tr\u00e8s bien collabor\u00e9 avec les \u00c9tats-Unis. Nous ne sommes simplement pas d&rsquo;accord sur certaines questions\u00a0\u00bb, a-t-il estim\u00e9.<\/p>\n<p data-module=\"article-paragraph\" class=\"jsx-157965717 Paragraph Paragraph__End\">Selon Kiev, plus de 15.000 employ\u00e9s du secteur \u00e9nerg\u00e9tique s&rsquo;efforcent, par des temp\u00e9ratures n\u00e9gatives, de remettre en service les centrales et les sous-stations \u00e9lectriques endommag\u00e9es par des frappes russes massives qui ont laiss\u00e9 la moiti\u00e9 de la capitale ukrainienne sans chauffage. Le dirigeant ukrainien a reconnu des lacunes dans les syst\u00e8mes de protection antia\u00e9rienne. \u00ab\u00a0Jusqu&rsquo;\u00e0 ce matin, nous avions plusieurs syst\u00e8mes sans missiles. Aujourd&rsquo;hui, je peux le dire ouvertement, parce qu&rsquo;aujourd&rsquo;hui j&rsquo;ai re\u00e7u ces missiles\u00a0\u00bb, a-t-il d\u00e9clar\u00e9, semblant bl\u00e2mer les alli\u00e9s de l&rsquo;Ukraine pour ces p\u00e9nuries. Vendredi, 67 immeubles de la capitale \u00e9taient encore priv\u00e9s de chauffage, selon le maire de Kiev, Vitali Klitschko, qui a \u00e9galement annonc\u00e9 que les \u00e9coles de la capitale ukrainienne seraient ferm\u00e9es jusqu&rsquo;au 1er f\u00e9vrier.<\/p>\n<p>La r\u00e9daction de TF1info<\/p>\n","protected":false},"excerpt":{"rendered":"L&rsquo;ambassadrice de Kiev aux \u00c9tats-Unis, Olga Stefanishyna, a indiqu\u00e9 vendredi que les n\u00e9gociateurs ukrainiens rencontreraient la partie am\u00e9ricaine&hellip;\n","protected":false},"author":2,"featured_media":29608,"comment_status":"","ping_status":"","sticky":false,"template":"","format":"standard","meta":{"footnotes":""},"categories":[1591],"tags":[1111,11,1921,75,73,1887,1922,74270,12,1885,1886,132,220,1917,73921,133,1920,135,134],"class_list":{"0":"post-669399","1":"post","2":"type-post","3":"status-publish","4":"format-standard","5":"has-post-thumbnail","7":"category-russie","8":"tag-actu","9":"tag-actualites","10":"tag-article-video","11":"tag-donald-trump","12":"tag-etats-unis","13":"tag-federation-de-russie","14":"tag-info","15":"tag-les-attaques-russes-continuent","16":"tag-news","17":"tag-russia","18":"tag-russian-federation","19":"tag-russie","20":"tag-ukraine","21":"tag-ukraine-4-annee-de-guerre","22":"tag-ukraine-russie-en-marge-des-negociations","23":"tag-video","24":"tag-video-international","25":"tag-vladimir-poutine","26":"tag-volodymyr-zelensky"},"share_on_mastodon":{"url":"https:\/\/pubeurope.com\/@fr\/115908984368729279","error":""},"_links":{"self":[{"href":"https:\/\/www.europesays.com\/fr\/wp-json\/wp\/v2\/posts\/669399","targetHints":{"allow":["GET"]}}],"collection":[{"href":"https:\/\/www.europesays.com\/fr\/wp-json\/wp\/v2\/posts"}],"about":[{"href":"https:\/\/www.europesays.com\/fr\/wp-json\/wp\/v2\/types\/post"}],"author":[{"embeddable":true,"href":"https:\/\/www.europesays.com\/fr\/wp-json\/wp\/v2\/users\/2"}],"replies":[{"embeddable":true,"href":"https:\/\/www.europesays.com\/fr\/wp-json\/wp\/v2\/comments?post=669399"}],"version-history":[{"count":0,"href":"https:\/\/www.europesays.com\/fr\/wp-json\/wp\/v2\/posts\/669399\/revisions"}],"wp:featuredmedia":[{"embeddable":true,"href":"https:\/\/www.europesays.com\/fr\/wp-json\/wp\/v2\/media\/29608"}],"wp:attachment":[{"href":"https:\/\/www.europesays.com\/fr\/wp-json\/wp\/v2\/media?parent=669399"}],"wp:term":[{"taxonomy":"category","embeddable":true,"href":"https:\/\/www.europesays.com\/fr\/wp-json\/wp\/v2\/categories?post=669399"},{"taxonomy":"post_tag","embeddable":true,"href":"https:\/\/www.europesays.com\/fr\/wp-json\/wp\/v2\/tags?post=669399"}],"curies":[{"name":"wp","href":"https:\/\/api.w.org\/{rel}","templated":true}]}}