{"id":669430,"date":"2026-01-17T06:39:12","date_gmt":"2026-01-17T06:39:12","guid":{"rendered":"https:\/\/www.europesays.com\/fr\/669430\/"},"modified":"2026-01-17T06:39:12","modified_gmt":"2026-01-17T06:39:12","slug":"les-notes-de-loups-garous-episode-8-en-partenariat-avec-canal-plus","status":"publish","type":"post","link":"https:\/\/www.europesays.com\/fr\/669430\/","title":{"rendered":"Les notes de Loups Garous : \u00e9pisode 8 &#8211; En partenariat avec Canal Plus"},"content":{"rendered":"<p><img decoding=\"async\" style=\"object-fit: cover;object-position: min(0px,calc(30% - var(--decalage-focal-x, 0px))) min(0px,calc(82% - var(--decalage-focal-y, 0px)))\" loading=\"lazy\" alt=\"Les grands r\u00e9cits de Society: Les naufrag\u00e9s du Bourbon Rhode\" src=\"https:\/\/www.europesays.com\/fr\/wp-content\/uploads\/2026\/01\/les-grands-recits-de-society-les-naufrages-du-bourbon-rhode.jpg\"  \/><\/p>\n<p>\t\t\t\tLes grands r\u00e9cits de Society: Les naufrag\u00e9s du Bourbon Rhode<br \/>\n\t\t\t\tLes grands r\u00e9cits de Society: Les naufrag\u00e9s du Bourbon Rhode<\/p>\n<p>En septembre 2019, quatorze marins se retrouvaient, en plein oc\u00e9an Atlantique, au milieu de l\u2019ouragan du si\u00e8cle. Cinq ans plus tard, nous retra\u00e7ons leur histoire, digne des plus grands films d\u2019aventure.\n\t\t\t<\/p>\n<p>\t\t<a href=\"https:\/\/www.society.fr\/recit-les-naufrages-du-bourbon-rhode\/\" target=\"society\" rel=\"noopener\">Les grands r\u00e9cits de Society: Les naufrag\u00e9s du Bourbon Rhode<\/a><\/p>\n","protected":false},"excerpt":{"rendered":"Les grands r\u00e9cits de Society: Les naufrag\u00e9s du Bourbon Rhode Les grands r\u00e9cits de Society: Les naufrag\u00e9s du&hellip;\n","protected":false},"author":2,"featured_media":669431,"comment_status":"","ping_status":"","sticky":false,"template":"","format":"standard","meta":{"footnotes":""},"categories":[1356],"tags":[47,61,69,65,58,59,64,63,1011,27,68,66,62,70,67,252,1364],"class_list":{"0":"post-669430","1":"post","2":"type-post","3":"status-publish","4":"format-standard","5":"has-post-thumbnail","7":"category-television","8":"tag-actualite","9":"tag-actus-football","10":"tag-bundesliga","11":"tag-championnats-europeens","12":"tag-divertissement","13":"tag-entertainment","14":"tag-equipe-de-france","15":"tag-football","16":"tag-fr","17":"tag-france","18":"tag-ligua","19":"tag-ligue-1","20":"tag-news-foot","21":"tag-premier-league","22":"tag-serie-a","23":"tag-television","24":"tag-tv"},"share_on_mastodon":{"url":"https:\/\/pubeurope.com\/@fr\/115909071064171321","error":""},"_links":{"self":[{"href":"https:\/\/www.europesays.com\/fr\/wp-json\/wp\/v2\/posts\/669430","targetHints":{"allow":["GET"]}}],"collection":[{"href":"https:\/\/www.europesays.com\/fr\/wp-json\/wp\/v2\/posts"}],"about":[{"href":"https:\/\/www.europesays.com\/fr\/wp-json\/wp\/v2\/types\/post"}],"author":[{"embeddable":true,"href":"https:\/\/www.europesays.com\/fr\/wp-json\/wp\/v2\/users\/2"}],"replies":[{"embeddable":true,"href":"https:\/\/www.europesays.com\/fr\/wp-json\/wp\/v2\/comments?post=669430"}],"version-history":[{"count":0,"href":"https:\/\/www.europesays.com\/fr\/wp-json\/wp\/v2\/posts\/669430\/revisions"}],"wp:featuredmedia":[{"embeddable":true,"href":"https:\/\/www.europesays.com\/fr\/wp-json\/wp\/v2\/media\/669431"}],"wp:attachment":[{"href":"https:\/\/www.europesays.com\/fr\/wp-json\/wp\/v2\/media?parent=669430"}],"wp:term":[{"taxonomy":"category","embeddable":true,"href":"https:\/\/www.europesays.com\/fr\/wp-json\/wp\/v2\/categories?post=669430"},{"taxonomy":"post_tag","embeddable":true,"href":"https:\/\/www.europesays.com\/fr\/wp-json\/wp\/v2\/tags?post=669430"}],"curies":[{"name":"wp","href":"https:\/\/api.w.org\/{rel}","templated":true}]}}