{"id":669445,"date":"2026-01-17T06:48:10","date_gmt":"2026-01-17T06:48:10","guid":{"rendered":"https:\/\/www.europesays.com\/fr\/669445\/"},"modified":"2026-01-17T06:48:10","modified_gmt":"2026-01-17T06:48:10","slug":"le-podcasteur-joe-rogan-denonce-lice-et-seloigne-un-peu-plus-de-trump","status":"publish","type":"post","link":"https:\/\/www.europesays.com\/fr\/669445\/","title":{"rendered":"le podcasteur Joe Rogan d\u00e9nonce l\u2019ICE et s\u2019\u00e9loigne un peu plus de Trump"},"content":{"rendered":"<p>\n    Suivi par des millions d\u2019Am\u00e9ricains, le podcasteur conservateur multiplie les critiques contre la politique migratoire de l\u2019administration Trump, qu\u2019il avait pourtant soutenue lors de la pr\u00e9sidentielle de 2024.<\/p>\n<p class=\"fig-paragraph\">C\u2019est une voix qui compte outre-Atlantique et elle se fait de plus en plus discordante.\u00a0<a href=\"http:\/\/www.lefigaro.fr\/international\/conquis-par-trump-boude-par-harris-joe-rogan-le-guerrier-anti-woke-qui-influence-l-amerique-20241120\" target=\"_blank\" data-fig-type=\"Article\" rel=\"noopener\" data-gtm-custom-categorie=\"navigation\" data-gtm-custom-action=\"crossclick\" data-gtm-custom-label=\"Contextuel\" data-gtm-event=\"customEventSPE\" data-fig-domain=\"LEFIGARO\">Joe Rogan<\/a>, dont le podcast cumule des dizaines de millions d\u2019auditeurs, a compar\u00e9 mardi les agents de la police de l\u2019immigration (ICE) \u00e0 la \u00abGestapo\u00bb, la police politique du r\u00e9gime nazi. Une charge violente de la part de celui qui avait apport\u00e9 son soutien \u00e0 Donald Trump quelques jours avant l\u2019\u00e9lection pr\u00e9sidentielle de novembre 2024.<\/p>\n<p class=\"fig-paragraph\">\u00abEst-ce qu\u2019on va vraiment devenir la Gestapo\u00a0? \u00ab\u00a0Vos papiers\u00a0!\u00a0\u00bb C\u2019est \u00e7a qu\u2019on est devenus\u00a0?\u00bb, a lanc\u00e9 le podcasteur \u00e0 son invit\u00e9, le s\u00e9nateur r\u00e9publicain Rand Paul,\u00a0<a href=\"https:\/\/www.axios.com\/2026\/01\/14\/ice-trump-joe-rogan-immigration-minneapolis-shooting\" target=\"_blank\" rel=\"nofollow noopener\" data-gtm-custom-categorie=\"navigation\" data-gtm-custom-action=\"crossclick\" data-gtm-custom-label=\"Contextuel\" data-gtm-event=\"customEventSPE\">comme l\u2019a rep\u00e9r\u00e9 le m\u00e9dia am\u00e9ricain Axios<\/a> . Rogan s\u2019est dit pr\u00e9occup\u00e9 par \u00abdes groupes militaris\u00e9s qui patrouillent dans les rues, d\u00e9barquent masqu\u00e9s et embarquent des gens\u00bb. Il a \u00e9galement affirm\u00e9 que de nombreuses personnes interpell\u00e9es par l\u2019ICE seraient en r\u00e9alit\u00e9 des citoyens am\u00e9ricains.<\/p>\n<p class=\"fig-body-link\">\n            \u00c0 lire aussi<br \/>\n        <a class=\"fig-body-link__link fig-premium-mark\" href=\"http:\/\/www.lefigaro.fr\/international\/conquis-par-trump-boude-par-harris-joe-rogan-le-guerrier-anti-woke-qui-influence-l-amerique-20241120\" target=\"_blank\" data-fig-type=\"Article\" rel=\"noopener\" data-gtm-custom-categorie=\"navigation\" data-gtm-custom-action=\"crossclick\" data-gtm-custom-label=\"Contextuel\" data-gtm-event=\"customEventSPE\" data-fig-domain=\"LEFIGARO\"><\/p>\n<p>        Conquis par Trump, boud\u00e9 par Harris: Joe Rogan, le guerrier anti-woke qui influence l\u2019Am\u00e9rique<br \/>\n    <\/a>\n<\/p>\n<p>                                            <a class=\"fig-a11y-skip\" href=\"#fig-a11y-skip-main-inarticle\" data-module=\"a11y-skip\" data-context=\"was @visible\"><br \/>\n    Passer la publicit\u00e9<br \/>\n<\/a>            <\/p>\n<p>                                            \u00abC\u2019est odieux\u00bb<\/p>\n<p class=\"fig-paragraph\">Ces d\u00e9clarations interviennent dans un contexte de tensions croissantes autour des op\u00e9rations de l\u2019agence f\u00e9d\u00e9rale en charge de la lutte contre l\u2019immigration. Rogan est revenu sur la mort de\u00a0<a href=\"http:\/\/www.lefigaro.fr\/flash-actu\/qui-etait-renee-nicole-good-la-mere-de-famille-de-37-ans-tuee-par-la-police-de-l-immigration-a-minneapolis-20260108\" target=\"_blank\" data-fig-type=\"NewsFlash\" rel=\"noopener\" data-gtm-custom-categorie=\"navigation\" data-gtm-custom-action=\"crossclick\" data-gtm-custom-label=\"Contextuel\" data-gtm-event=\"customEventSPE\" data-fig-domain=\"LEFIGARO\">Renee Nicole Good<\/a>, une m\u00e8re de famille de 37 ans abattue par un agent de l\u2019ICE \u00e0 Minneapolis. \u00abC\u2019est une terrible trag\u00e9die\u00bb, a-t-il estim\u00e9, jugeant l\u2019intervention \u00abcompl\u00e8tement anormale\u00bb. \u00abC\u2019est odieux de voir quelqu\u2019un tirer sur une citoyenne am\u00e9ricaine, une femme, en plein visage\u00bb, a-t-il ajout\u00e9.<\/p>\n<p class=\"fig-paragraph\">Selon lui, les images montreraient que la victime tentait d\u2019\u00e9loigner son v\u00e9hicule de l\u2019agent, et non de foncer sur lui. Malgr\u00e9 les demandes d\u2019enqu\u00eate \u00e9manant des \u00e9lus locaux du Minnesota, le procureur g\u00e9n\u00e9ral adjoint Todd Blanche a d\u00e9clar\u00e9 mardi qu\u2019il n\u2019existait\u00a0<a href=\"https:\/\/www.usatoday.com\/story\/news\/nation\/2026\/01\/13\/no-basis-for-investigation-into-ice-shooting-of-minn-woman-doj\/88035610007\/\" target=\"_blank\" rel=\"nofollow noopener\" data-gtm-custom-categorie=\"navigation\" data-gtm-custom-action=\"crossclick\" data-gtm-custom-label=\"Contextuel\" data-gtm-event=\"customEventSPE\">\u00abactuellement aucun fondement pour lancer une enqu\u00eate p\u00e9nale pour violation des droits civiques\u00bb<\/a> .<\/p>\n<p class=\"fig-body-link\">\n            \u00c0 lire aussi<br \/>\n        <a class=\"fig-body-link__link\" href=\"http:\/\/www.lefigaro.fr\/international\/femme-tuee-par-la-police-de-l-immigration-a-minneapolis-une-nouvelle-video-contredit-la-version-de-l-administration-trump-20260110\" target=\"_blank\" data-fig-type=\"NewsFlash\" rel=\"noopener\" data-gtm-custom-categorie=\"navigation\" data-gtm-custom-action=\"crossclick\" data-gtm-custom-label=\"Contextuel\" data-gtm-event=\"customEventSPE\" data-fig-domain=\"LEFIGARO\"><\/p>\n<p>        Femme tu\u00e9e par la police de l\u2019immigration \u00e0 Minneapolis\u00a0: une nouvelle vid\u00e9o contredit la version de l\u2019administration Trump<br \/>\n    <\/a>\n<\/p>\n<p class=\"fig-paragraph\">Ce n\u2019est pas la premi\u00e8re fois que Joe Rogan prend ses distances avec la politique migratoire de l\u2019administration Trump. D\u00e8s avril 2025, il alertait ses auditeurs sur le sort de \u00abpersonnes qui ne sont pas des criminels\u00bb et qui se retrouvent \u00abembarqu\u00e9es et envoy\u00e9es dans des prisons au Salvador\u00bb. En juillet, il qualifiait les descentes de l\u2019ICE sur des sites de travail ou devant des magasins de bricolage de \u00abd\u00e9lirantes\u00bb. En ao\u00fbt, face \u00e0 la d\u00e9put\u00e9e r\u00e9publicaine Anna Paulina Luna, il estimait que l\u2019agence \u00abfaisait paniquer\u00bb la population, notant que beaucoup s\u2019attendaient \u00e0 voir les agents cibler des membres de gangs, et non \u00abpas le jardinier\u00bb. Plus r\u00e9cemment, en d\u00e9cembre, le podcasteur comparait les interpellations de l\u2019ICE \u00e0 des quotas de contraventions routi\u00e8res, sugg\u00e9rant que l\u2019administration cherchait avant tout \u00e0\u00a0<a href=\"https:\/\/www.youtube.com\/watch?v=FuHM2DQTnZk\" target=\"_blank\" rel=\"nofollow noopener\" data-gtm-custom-categorie=\"navigation\" data-gtm-custom-action=\"crossclick\" data-gtm-custom-label=\"Contextuel\" data-gtm-event=\"customEventSPE\">\u00abatteindre des objectifs chiffr\u00e9s\u00bb<\/a> .<\/p>\n<p>                                            Les Am\u00e9ricains condamnent la mort de Renee Good<\/p>\n<p class=\"fig-paragraph\">Dans tous les sondages, une majorit\u00e9 d\u2019Am\u00e9ricains condamnent le geste du policier de l\u2019immigration qui a tu\u00e9 par balles une femme de 37 ans, Renee Good, le 7 janvier \u00e0 Minneapolis (nord). Dans une enqu\u00eate de l\u2019institut Quinnipiac cit\u00e9e par l\u2019AFP, 57% des \u00e9lecteurs d\u00e9sapprouvent les m\u00e9thodes d\u2019ICE &#8211; 94% des \u00e9lecteurs d\u00e9mocrates et 64% des ind\u00e9pendants, tandis que les r\u00e9publicains les soutiennent au contraire \u00e0 84%.<\/p>\n<p class=\"fig-paragraph\">Dans un autre sondage, Economist\/YouGov, la proportion de personnes interrog\u00e9es favorables \u00e0 la suppression d\u2019ICE (46%) d\u00e9passe pour la premi\u00e8re fois le pourcentage de celles qui s\u2019y opposent (43%).<\/p>\n","protected":false},"excerpt":{"rendered":"Suivi par des millions d\u2019Am\u00e9ricains, le podcasteur conservateur multiplie les critiques contre la politique migratoire de l\u2019administration Trump,&hellip;\n","protected":false},"author":2,"featured_media":669446,"comment_status":"","ping_status":"","sticky":false,"template":"","format":"standard","meta":{"footnotes":""},"categories":[5],"tags":[11,75,73,1011,27,14,12,1072,28],"class_list":{"0":"post-669445","1":"post","2":"type-post","3":"status-publish","4":"format-standard","5":"has-post-thumbnail","7":"category-international","8":"tag-actualites","9":"tag-donald-trump","10":"tag-etats-unis","11":"tag-fr","12":"tag-france","13":"tag-international","14":"tag-news","15":"tag-police","16":"tag-world"},"share_on_mastodon":{"url":"https:\/\/pubeurope.com\/@fr\/115909106254354989","error":""},"_links":{"self":[{"href":"https:\/\/www.europesays.com\/fr\/wp-json\/wp\/v2\/posts\/669445","targetHints":{"allow":["GET"]}}],"collection":[{"href":"https:\/\/www.europesays.com\/fr\/wp-json\/wp\/v2\/posts"}],"about":[{"href":"https:\/\/www.europesays.com\/fr\/wp-json\/wp\/v2\/types\/post"}],"author":[{"embeddable":true,"href":"https:\/\/www.europesays.com\/fr\/wp-json\/wp\/v2\/users\/2"}],"replies":[{"embeddable":true,"href":"https:\/\/www.europesays.com\/fr\/wp-json\/wp\/v2\/comments?post=669445"}],"version-history":[{"count":0,"href":"https:\/\/www.europesays.com\/fr\/wp-json\/wp\/v2\/posts\/669445\/revisions"}],"wp:featuredmedia":[{"embeddable":true,"href":"https:\/\/www.europesays.com\/fr\/wp-json\/wp\/v2\/media\/669446"}],"wp:attachment":[{"href":"https:\/\/www.europesays.com\/fr\/wp-json\/wp\/v2\/media?parent=669445"}],"wp:term":[{"taxonomy":"category","embeddable":true,"href":"https:\/\/www.europesays.com\/fr\/wp-json\/wp\/v2\/categories?post=669445"},{"taxonomy":"post_tag","embeddable":true,"href":"https:\/\/www.europesays.com\/fr\/wp-json\/wp\/v2\/tags?post=669445"}],"curies":[{"name":"wp","href":"https:\/\/api.w.org\/{rel}","templated":true}]}}